{"id":17858,"date":"2024-03-30T18:13:24","date_gmt":"2024-03-30T18:13:24","guid":{"rendered":"https:\/\/www.christianobtf.com\/?p=17858"},"modified":"2024-03-30T18:41:00","modified_gmt":"2024-03-30T18:41:00","slug":"la-expulsion-del-iman-mahjoub-mahjoubi-confirmada-por-el-consejo-de-estado-una-decision-clave-en-la-lucha-contra-el-extremismo","status":"publish","type":"post","link":"https:\/\/www.christianobtf.com\/es\/la-expulsion-del-iman-mahjoub-mahjoubi-confirmada-por-el-consejo-de-estado-una-decision-clave-en-la-lucha-contra-el-extremismo\/","title":{"rendered":"La expulsi\u00f3n del im\u00e1n Mahjoub Mahjoubi confirmada por el Consejo de Estado: una decisi\u00f3n clave en la lucha contra el extremismo"},"content":{"rendered":"<p>En una reciente sentencia, el <strong>Consejo de Estado<\/strong> ha validado la expulsi\u00f3n del im\u00e1n tunecino <strong>Mahjoub Mahjoubi<\/strong>, destacando la importancia de esta decisi\u00f3n en la batalla contra el discurso extremista. La resoluci\u00f3n, tras m\u00faltiples alertas por parte de la prefectura de Gard, arroja luz sobre los sermones del im\u00e1n, considerados provocativos y discriminatorios, particularmente contra mujeres y jud\u00edos.<\/p>\n<div id=\"ez-toc-container\" class=\"ez-toc-v2_0_82_2 counter-hierarchy ez-toc-counter ez-toc-transparent ez-toc-container-direction\">\n<div class=\"ez-toc-title-container\">\n<p class=\"ez-toc-title\" style=\"cursor:inherit\">Table of Contents<\/p>\n<span class=\"ez-toc-title-toggle\"><a href=\"#\" class=\"ez-toc-pull-right ez-toc-btn ez-toc-btn-xs ez-toc-btn-default ez-toc-toggle\" aria-label=\"Alternar tabla de contenidos\"><span class=\"ez-toc-js-icon-con\"><span class=\"\"><span class=\"eztoc-hide\" style=\"display:none;\">Toggle<\/span><span class=\"ez-toc-icon-toggle-span\"><svg style=\"fill: #1e73be;color:#1e73be\" xmlns=\"http:\/\/www.w3.org\/2000\/svg\" class=\"list-377408\" width=\"20px\" height=\"20px\" viewBox=\"0 0 24 24\" fill=\"none\"><path d=\"M6 6H4v2h2V6zm14 0H8v2h12V6zM4 11h2v2H4v-2zm16 0H8v2h12v-2zM4 16h2v2H4v-2zm16 0H8v2h12v-2z\" fill=\"currentColor\"><\/path><\/svg><svg style=\"fill: #1e73be;color:#1e73be\" class=\"arrow-unsorted-368013\" xmlns=\"http:\/\/www.w3.org\/2000\/svg\" width=\"10px\" height=\"10px\" viewBox=\"0 0 24 24\" version=\"1.2\" baseProfile=\"tiny\"><path d=\"M18.2 9.3l-6.2-6.3-6.2 6.3c-.2.2-.3.4-.3.7s.1.5.3.7c.2.2.4.3.7.3h11c.3 0 .5-.1.7-.3.2-.2.3-.5.3-.7s-.1-.5-.3-.7zM5.8 14.7l6.2 6.3 6.2-6.3c.2-.2.3-.5.3-.7s-.1-.5-.3-.7c-.2-.2-.4-.3-.7-.3h-11c-.3 0-.5.1-.7.3-.2.2-.3.5-.3.7s.1.5.3.7z\"\/><\/svg><\/span><\/span><\/span><\/a><\/span><\/div>\n<nav><ul class='ez-toc-list ez-toc-list-level-1 eztoc-toggle-hide-by-default' ><li class='ez-toc-page-1 ez-toc-heading-level-2'><a class=\"ez-toc-link ez-toc-heading-1\" href=\"https:\/\/www.christianobtf.com\/es\/la-expulsion-del-iman-mahjoub-mahjoubi-confirmada-por-el-consejo-de-estado-una-decision-clave-en-la-lucha-contra-el-extremismo\/#Sermones_que_incitan_a_la_discriminacion\" >Sermones que incitan a la discriminaci\u00f3n<\/a><\/li><li class='ez-toc-page-1 ez-toc-heading-level-2'><a class=\"ez-toc-link ez-toc-heading-2\" href=\"https:\/\/www.christianobtf.com\/es\/la-expulsion-del-iman-mahjoub-mahjoubi-confirmada-por-el-consejo-de-estado-una-decision-clave-en-la-lucha-contra-el-extremismo\/#Un_equilibrio_entre_la_seguridad_publica_y_la_vida_familiar\" >Un equilibrio entre la seguridad p\u00fablica y la vida familiar<\/a><\/li><li class='ez-toc-page-1 ez-toc-heading-level-2'><a class=\"ez-toc-link ez-toc-heading-3\" href=\"https:\/\/www.christianobtf.com\/es\/la-expulsion-del-iman-mahjoub-mahjoubi-confirmada-por-el-consejo-de-estado-una-decision-clave-en-la-lucha-contra-el-extremismo\/#Una_lucha_que_continua\" >Una lucha que contin\u00faa<\/a><\/li><li class='ez-toc-page-1 ez-toc-heading-level-2'><a class=\"ez-toc-link ez-toc-heading-4\" href=\"https:\/\/www.christianobtf.com\/es\/la-expulsion-del-iman-mahjoub-mahjoubi-confirmada-por-el-consejo-de-estado-una-decision-clave-en-la-lucha-contra-el-extremismo\/#Un_recuento_de_eventos_notables\" >Un recuento de eventos notables<\/a><\/li><\/ul><\/nav><\/div>\n<h2><span class=\"ez-toc-section\" id=\"Sermones_que_incitan_a_la_discriminacion\"><\/span><strong>Sermones que incitan a la discriminaci\u00f3n<\/strong><span class=\"ez-toc-section-end\"><\/span><\/h2>\n<p>El an\u00e1lisis de las declaraciones de Mahjoub Mahjoubi revela una incitaci\u00f3n expl\u00edcita a la discriminaci\u00f3n y al odio. Sus discursos, que alcanzaron cierta notoriedad, criticaron abiertamente los fundamentos de la Rep\u00fablica Francesa, incluso llamando a la guerra santa. Este comportamiento condujo a su detenci\u00f3n y posterior expulsi\u00f3n a T\u00fanez el 22 de febrero, un acto que el <strong>ministro del Interior, G\u00e9rald Darmanin<\/strong>, describi\u00f3 como una \u201cvictoria significativa contra el islam radical\u201d en las redes sociales.<\/p>\n<h2><span class=\"ez-toc-section\" id=\"Un_equilibrio_entre_la_seguridad_publica_y_la_vida_familiar\"><\/span><strong>Un equilibrio entre la seguridad p\u00fablica y la vida familiar<\/strong><span class=\"ez-toc-section-end\"><\/span><\/h2>\n<p>La decisi\u00f3n del Consejo de Estado fue m\u00e1s all\u00e1 de evaluar las palabras del im\u00e1n para tambi\u00e9n considerar su situaci\u00f3n familiar. Casado con una tunecina que vive en Francia, con la cual tiene seis hijos, Mahjoubi tiene lazos en T\u00fanez, lo que, seg\u00fan el Consejo, no hace que su expulsi\u00f3n sea desproporcionada o injusta con respecto al respeto por su vida familiar.<\/p>\n<h2><span class=\"ez-toc-section\" id=\"Una_lucha_que_continua\"><\/span><strong>Una lucha que contin\u00faa<\/strong><span class=\"ez-toc-section-end\"><\/span><\/h2>\n<p>A pesar de su expulsi\u00f3n, Mahjoub Mahjoubi no se da por vencido. En una declaraci\u00f3n en BFM TV, expres\u00f3 su determinaci\u00f3n de continuar la batalla legal, incluso mencionando la posibilidad de apelar al <strong>Tribunal Europeo de Derechos Humanos<\/strong>. Su persistencia forma parte de un debate m\u00e1s amplio sobre los l\u00edmites de la libertad de expresi\u00f3n y las medidas de seguridad nacional.<\/p>\n<p><img data-recalc-dims=\"1\" loading=\"lazy\" decoding=\"async\" class=\"aligncenter size-full wp-image-17855\" src=\"https:\/\/i0.wp.com\/www.christianobtf.com\/wp-content\/uploads\/2024\/03\/l-imam-de-bagnols-sur-ceze-mahjoub-mahjoubi-le-19-fevrier-2024-1809216.jpg?resize=1000%2C500&#038;ssl=1\" alt=\"Mahjoub Mahjoubi was arrested and then deported on February 22 to Tunisia. \u00a9 Photo credit: screenshot\" width=\"1000\" height=\"500\" srcset=\"https:\/\/i0.wp.com\/www.christianobtf.com\/wp-content\/uploads\/2024\/03\/l-imam-de-bagnols-sur-ceze-mahjoub-mahjoubi-le-19-fevrier-2024-1809216.jpg?w=1000&amp;ssl=1 1000w, https:\/\/i0.wp.com\/www.christianobtf.com\/wp-content\/uploads\/2024\/03\/l-imam-de-bagnols-sur-ceze-mahjoub-mahjoubi-le-19-fevrier-2024-1809216.jpg?resize=300%2C150&amp;ssl=1 300w, https:\/\/i0.wp.com\/www.christianobtf.com\/wp-content\/uploads\/2024\/03\/l-imam-de-bagnols-sur-ceze-mahjoub-mahjoubi-le-19-fevrier-2024-1809216.jpg?resize=768%2C384&amp;ssl=1 768w, https:\/\/i0.wp.com\/www.christianobtf.com\/wp-content\/uploads\/2024\/03\/l-imam-de-bagnols-sur-ceze-mahjoub-mahjoubi-le-19-fevrier-2024-1809216.jpg?resize=150%2C75&amp;ssl=1 150w\" sizes=\"auto, (max-width: 1000px) 100vw, 1000px\" \/><\/p>\n<h2><span class=\"ez-toc-section\" id=\"Un_recuento_de_eventos_notables\"><\/span><strong>Un recuento de eventos notables<\/strong><span class=\"ez-toc-section-end\"><\/span><\/h2>\n<p>Antes de su expulsi\u00f3n, el im\u00e1n ya hab\u00eda sido criticado por un video controvertido en el que etiquetaba la bandera tricolor como <strong>\u00absat\u00e1nica\u00bb<\/strong>, un comentario que luego intent\u00f3 aclarar alegando un lapsus linguae. Este caso subraya la complejidad de combatir el extremismo y la radicalizaci\u00f3n, as\u00ed como la tensi\u00f3n entre la seguridad p\u00fablica y los derechos individuales.<\/p>\n<blockquote><p><em><strong>Leer:\u00a0<\/strong><a href=\"https:\/\/www.christianobtf.com\/es\/una-interrupcion-global-afecta-a-facebook-instagram-y-messenger-grupo-meta-en-estado-de-emergencia\/\">Una Interrupci\u00f3n Global Afecta a Facebook, Instagram y Messenger: Grupo Meta en Estado de Emergencia<\/a><\/em><\/p><\/blockquote>\n<p>En conclusi\u00f3n, la expulsi\u00f3n de Mahjoub Mahjoubi representa un caso ejemplar de los esfuerzos realizados por las autoridades francesas para prevenir el extremismo. Sin embargo, tambi\u00e9n destaca los desaf\u00edos legales y sociales a los que se enfrenta la sociedad francesa en su b\u00fasqueda de equilibrio entre la libertad de expresi\u00f3n, la seguridad nacional y el respeto por los derechos fundamentales.<\/p>\n<p><script src=\"chrome-extension:\/\/ebeglcfoffnnadgncmppkkohfcigngkj\/js\/injected\/req.js\"><\/script><\/p>\n","protected":false},"excerpt":{"rendered":"<p>El Consejo de Estado ha confirmado la expulsi\u00f3n del im\u00e1n tunecino Mahjoub Mahjoubi, tras sus sermones considerados discriminatorios e incendiarios. Esta decisi\u00f3n, elogiada por el Ministro del Interior como un avance crucial contra el islam radical, tiene en cuenta tanto la ret\u00f3rica del im\u00e1n como su situaci\u00f3n familiar, sin considerar la expulsi\u00f3n desproporcionada. A pesar de esta medida, Mahjoubi promete continuar su lucha legal, incluso contemplando una apelaci\u00f3n ante el Tribunal Europeo de Derechos Humanos. Este incidente destaca los desaf\u00edos de equilibrar la libertad de expresi\u00f3n con la seguridad p\u00fablica y muestra las complejidades en la batalla continua contra la radicalizaci\u00f3n.<\/p>\n","protected":false},"author":1,"featured_media":17860,"comment_status":"open","ping_status":"open","sticky":false,"template":"","format":"standard","meta":{"jetpack_post_was_ever_published":false,"_jetpack_newsletter_access":"","_jetpack_dont_email_post_to_subs":false,"_jetpack_newsletter_tier_id":0,"_jetpack_memberships_contains_paywalled_content":false,"_jetpack_memberships_contains_paid_content":false,"footnotes":"","jetpack_publicize_message":"","jetpack_publicize_feature_enabled":true,"jetpack_social_post_already_shared":true,"jetpack_social_options":{"image_generator_settings":{"template":"highway","default_image_id":0,"font":"","enabled":false},"version":2}},"categories":[3472],"tags":[5867,5871,5868,5869,5870],"class_list":["post-17858","post","type-post","status-publish","format-standard","has-post-thumbnail","hentry","category-francia","tag-consejo-de-estado","tag-expulsion-es","tag-extremismo","tag-libertad-de-expresion","tag-seguridad-publica"],"yoast_head":"<!-- This site is optimized with the Yoast SEO Premium plugin v22.6 (Yoast SEO v27.5) - https:\/\/yoast.com\/product\/yoast-seo-premium-wordpress\/ -->\n<title>La expulsi\u00f3n del im\u00e1n Mahjoub Mahjoubi confirmada por el Consejo de Estado: una decisi\u00f3n clave en la lucha contra el extremismo | Christiano Btf<\/title>\n<meta name=\"description\" content=\"El Consejo de Estado ha confirmado la expulsi\u00f3n del im\u00e1n tunecino Mahjoub Mahjoubi, tras sus sermones considerados discriminatorios e incendiarios. Esta decisi\u00f3n, elogiada por el Ministro del Interior como un avance crucial contra el islam radical, tiene en cuenta tanto la ret\u00f3rica del im\u00e1n como su situaci\u00f3n familiar, sin considerar la expulsi\u00f3n desproporcionada. A pesar de esta medida, Mahjoubi promete continuar su lucha legal, incluso contemplando una apelaci\u00f3n ante el Tribunal Europeo de Derechos Humanos. Este incidente destaca los desaf\u00edos de equilibrar la libertad de expresi\u00f3n con la seguridad p\u00fablica y muestra las complejidades en la batalla continua contra la radicalizaci\u00f3n.\" \/>\n<meta name=\"robots\" content=\"index, follow, max-snippet:-1, max-image-preview:large, max-video-preview:-1\" \/>\n<link rel=\"canonical\" href=\"https:\/\/www.christianobtf.com\/de\/?p=17873\" \/>\n<meta property=\"og:locale\" content=\"es_ES\" \/>\n<meta property=\"og:type\" content=\"article\" \/>\n<meta property=\"og:title\" content=\"La expulsi\u00f3n del im\u00e1n Mahjoub Mahjoubi confirmada por el Consejo de Estado: una decisi\u00f3n clave en la lucha contra el extremismo\" \/>\n<meta property=\"og:description\" content=\"El Consejo de Estado ha confirmado la expulsi\u00f3n del im\u00e1n tunecino Mahjoub Mahjoubi, tras sus sermones considerados discriminatorios e incendiarios. Esta decisi\u00f3n, elogiada por el Ministro del Interior como un avance crucial contra el islam radical, tiene en cuenta tanto la ret\u00f3rica del im\u00e1n como su situaci\u00f3n familiar, sin considerar la expulsi\u00f3n desproporcionada. A pesar de esta medida, Mahjoubi promete continuar su lucha legal, incluso contemplando una apelaci\u00f3n ante el Tribunal Europeo de Derechos Humanos. Este incidente destaca los desaf\u00edos de equilibrar la libertad de expresi\u00f3n con la seguridad p\u00fablica y muestra las complejidades en la batalla continua contra la radicalizaci\u00f3n.\" \/>\n<meta property=\"og:url\" content=\"https:\/\/www.christianobtf.com\/de\/?p=17873\" \/>\n<meta property=\"og:site_name\" content=\"Christiano Btf\" \/>\n<meta property=\"article:publisher\" content=\"https:\/\/www.facebook.com\/christianobtf\" \/>\n<meta property=\"article:author\" content=\"https:\/\/www.facebook.com\/christianobtf\" \/>\n<meta property=\"article:published_time\" content=\"2024-03-30T18:13:24+00:00\" \/>\n<meta property=\"article:modified_time\" content=\"2024-03-30T18:41:00+00:00\" \/>\n<meta property=\"og:image\" content=\"https:\/\/www.christianobtf.com\/wp-content\/uploads\/2024\/03\/OWLCHGWEN5GJTBUTQNG3IPMD6A.jpg\" \/>\n\t<meta property=\"og:image:width\" content=\"932\" \/>\n\t<meta property=\"og:image:height\" content=\"582\" \/>\n\t<meta property=\"og:image:type\" content=\"image\/jpeg\" \/>\n<meta name=\"author\" content=\"Christiano Btf\" \/>\n<meta name=\"twitter:card\" content=\"summary_large_image\" \/>\n<meta name=\"twitter:description\" content=\"El Consejo de Estado ha confirmado la expulsi\u00f3n del im\u00e1n tunecino Mahjoub Mahjoubi, tras sus sermones considerados discriminatorios e incendiarios. Esta decisi\u00f3n, elogiada por el Ministro del Interior como un avance crucial contra el islam radical, tiene en cuenta tanto la ret\u00f3rica del im\u00e1n como su situaci\u00f3n familiar, sin considerar la expulsi\u00f3n desproporcionada. A pesar de esta medida, Mahjoubi promete continuar su lucha legal, incluso contemplando una apelaci\u00f3n ante el Tribunal Europeo de Derechos Humanos. Este incidente destaca los desaf\u00edos de equilibrar la libertad de expresi\u00f3n con la seguridad p\u00fablica y muestra las complejidades en la batalla continua contra la radicalizaci\u00f3n.\" \/>\n<meta name=\"twitter:creator\" content=\"@https:\/\/www.twitter.com\/christianobtf\" \/>\n<meta name=\"twitter:site\" content=\"@christianobtf\" \/>\n<meta name=\"twitter:label1\" content=\"Escrito por\" \/>\n\t<meta name=\"twitter:data1\" content=\"Christiano Btf&lt;span class=&quot;bp-verified-badge&quot;&gt;&lt;\/span&gt;\" \/>\n\t<meta name=\"twitter:label2\" content=\"Tiempo de lectura\" \/>\n\t<meta name=\"twitter:data2\" content=\"3 minutos\" \/>\n<script type=\"application\/ld+json\" class=\"yoast-schema-graph\">{\"@context\":\"https:\\\/\\\/schema.org\",\"@graph\":[{\"@type\":\"Article\",\"@id\":\"https:\\\/\\\/www.christianobtf.com\\\/de\\\/?p=17873#article\",\"isPartOf\":{\"@id\":\"https:\\\/\\\/www.christianobtf.com\\\/de\\\/?p=17873\"},\"author\":{\"name\":\"Christiano Btf\",\"@id\":\"https:\\\/\\\/www.christianobtf.com\\\/#\\\/schema\\\/person\\\/d4f35eeee402432e37887b4633f17b95\"},\"headline\":\"La expulsi\u00f3n del im\u00e1n Mahjoub Mahjoubi confirmada por el Consejo de Estado: una decisi\u00f3n clave en la lucha contra el extremismo\",\"datePublished\":\"2024-03-30T18:13:24+00:00\",\"dateModified\":\"2024-03-30T18:41:00+00:00\",\"mainEntityOfPage\":{\"@id\":\"https:\\\/\\\/www.christianobtf.com\\\/de\\\/?p=17873\"},\"wordCount\":484,\"commentCount\":0,\"publisher\":{\"@id\":\"https:\\\/\\\/www.christianobtf.com\\\/#organization\"},\"image\":{\"@id\":\"https:\\\/\\\/www.christianobtf.com\\\/de\\\/?p=17873#primaryimage\"},\"thumbnailUrl\":\"https:\\\/\\\/i0.wp.com\\\/www.christianobtf.com\\\/wp-content\\\/uploads\\\/2024\\\/03\\\/OWLCHGWEN5GJTBUTQNG3IPMD6A.jpg?fit=932%2C582&ssl=1\",\"keywords\":[\"Consejo de Estado\",\"Expulsion\",\"extremismo\",\"libertad de expresi\u00f3n\",\"seguridad p\u00fablica\"],\"articleSection\":[\"Francia\"],\"inLanguage\":\"es\",\"potentialAction\":[{\"@type\":\"CommentAction\",\"name\":\"Comment\",\"target\":[\"https:\\\/\\\/www.christianobtf.com\\\/de\\\/?p=17873#respond\"]}]},{\"@type\":\"WebPage\",\"@id\":\"https:\\\/\\\/www.christianobtf.com\\\/de\\\/?p=17873\",\"url\":\"https:\\\/\\\/www.christianobtf.com\\\/de\\\/?p=17873\",\"name\":\"La expulsi\u00f3n del im\u00e1n Mahjoub Mahjoubi confirmada por el Consejo de Estado: una decisi\u00f3n clave en la lucha contra el extremismo | Christiano Btf\",\"isPartOf\":{\"@id\":\"https:\\\/\\\/www.christianobtf.com\\\/#website\"},\"primaryImageOfPage\":{\"@id\":\"https:\\\/\\\/www.christianobtf.com\\\/de\\\/?p=17873#primaryimage\"},\"image\":{\"@id\":\"https:\\\/\\\/www.christianobtf.com\\\/de\\\/?p=17873#primaryimage\"},\"thumbnailUrl\":\"https:\\\/\\\/i0.wp.com\\\/www.christianobtf.com\\\/wp-content\\\/uploads\\\/2024\\\/03\\\/OWLCHGWEN5GJTBUTQNG3IPMD6A.jpg?fit=932%2C582&ssl=1\",\"datePublished\":\"2024-03-30T18:13:24+00:00\",\"dateModified\":\"2024-03-30T18:41:00+00:00\",\"description\":\"El Consejo de Estado ha confirmado la expulsi\u00f3n del im\u00e1n tunecino Mahjoub Mahjoubi, tras sus sermones considerados discriminatorios e incendiarios. Esta decisi\u00f3n, elogiada por el Ministro del Interior como un avance crucial contra el islam radical, tiene en cuenta tanto la ret\u00f3rica del im\u00e1n como su situaci\u00f3n familiar, sin considerar la expulsi\u00f3n desproporcionada. A pesar de esta medida, Mahjoubi promete continuar su lucha legal, incluso contemplando una apelaci\u00f3n ante el Tribunal Europeo de Derechos Humanos. Este incidente destaca los desaf\u00edos de equilibrar la libertad de expresi\u00f3n con la seguridad p\u00fablica y muestra las complejidades en la batalla continua contra la radicalizaci\u00f3n.\",\"breadcrumb\":{\"@id\":\"https:\\\/\\\/www.christianobtf.com\\\/de\\\/?p=17873#breadcrumb\"},\"inLanguage\":\"es\",\"potentialAction\":[{\"@type\":\"ReadAction\",\"target\":[\"https:\\\/\\\/www.christianobtf.com\\\/de\\\/?p=17873\"]}]},{\"@type\":\"ImageObject\",\"inLanguage\":\"es\",\"@id\":\"https:\\\/\\\/www.christianobtf.com\\\/de\\\/?p=17873#primaryimage\",\"url\":\"https:\\\/\\\/i0.wp.com\\\/www.christianobtf.com\\\/wp-content\\\/uploads\\\/2024\\\/03\\\/OWLCHGWEN5GJTBUTQNG3IPMD6A.jpg?fit=932%2C582&ssl=1\",\"contentUrl\":\"https:\\\/\\\/i0.wp.com\\\/www.christianobtf.com\\\/wp-content\\\/uploads\\\/2024\\\/03\\\/OWLCHGWEN5GJTBUTQNG3IPMD6A.jpg?fit=932%2C582&ssl=1\",\"width\":932,\"height\":582,\"caption\":\"Expulsi\u00f3n de Mahjoub Mahjoubi: el im\u00e1n asegura que har\u00e1 \u201ctodo lo posible para recuperar\u201d\"},{\"@type\":\"BreadcrumbList\",\"@id\":\"https:\\\/\\\/www.christianobtf.com\\\/de\\\/?p=17873#breadcrumb\",\"itemListElement\":[{\"@type\":\"ListItem\",\"position\":1,\"name\":\"Accueil\",\"item\":\"https:\\\/\\\/www.christianobtf.com\\\/es\\\/\"},{\"@type\":\"ListItem\",\"position\":2,\"name\":\"La expulsi\u00f3n del im\u00e1n Mahjoub Mahjoubi confirmada por el Consejo de Estado: una decisi\u00f3n clave en la lucha contra el extremismo\"}]},{\"@type\":\"WebSite\",\"@id\":\"https:\\\/\\\/www.christianobtf.com\\\/#website\",\"url\":\"https:\\\/\\\/www.christianobtf.com\\\/\",\"name\":\"Christiano Btf\",\"description\":\"Avoir mati\u00e8res \u00e0 penser\",\"publisher\":{\"@id\":\"https:\\\/\\\/www.christianobtf.com\\\/#organization\"},\"alternateName\":\"Christiano Btf\",\"potentialAction\":[{\"@type\":\"SearchAction\",\"target\":{\"@type\":\"EntryPoint\",\"urlTemplate\":\"https:\\\/\\\/www.christianobtf.com\\\/?s={search_term_string}\"},\"query-input\":{\"@type\":\"PropertyValueSpecification\",\"valueRequired\":true,\"valueName\":\"search_term_string\"}}],\"inLanguage\":\"es\"},{\"@type\":\"Organization\",\"@id\":\"https:\\\/\\\/www.christianobtf.com\\\/#organization\",\"name\":\"Christiano Btf\",\"url\":\"https:\\\/\\\/www.christianobtf.com\\\/\",\"logo\":{\"@type\":\"ImageObject\",\"inLanguage\":\"es\",\"@id\":\"https:\\\/\\\/www.christianobtf.com\\\/#\\\/schema\\\/logo\\\/image\\\/\",\"url\":\"https:\\\/\\\/i0.wp.com\\\/www.christianobtf.com\\\/wp-content\\\/uploads\\\/2023\\\/06\\\/cropped-Christiano-btf-icon.png?fit=1919%2C576&ssl=1\",\"contentUrl\":\"https:\\\/\\\/i0.wp.com\\\/www.christianobtf.com\\\/wp-content\\\/uploads\\\/2023\\\/06\\\/cropped-Christiano-btf-icon.png?fit=1919%2C576&ssl=1\",\"width\":1919,\"height\":576,\"caption\":\"Christiano Btf\"},\"image\":{\"@id\":\"https:\\\/\\\/www.christianobtf.com\\\/#\\\/schema\\\/logo\\\/image\\\/\"},\"sameAs\":[\"https:\\\/\\\/www.facebook.com\\\/christianobtf\",\"https:\\\/\\\/x.com\\\/christianobtf\",\"https:\\\/\\\/tiktok.com\\\/@christianobtf\",\"https:\\\/\\\/www.youtube.com\\\/@christianobtf\",\"https:\\\/\\\/www.instagram.com\\\/christiano_btf\\\/\"]},{\"@type\":\"Person\",\"@id\":\"https:\\\/\\\/www.christianobtf.com\\\/#\\\/schema\\\/person\\\/d4f35eeee402432e37887b4633f17b95\",\"name\":\"Christiano Btf\",\"image\":{\"@type\":\"ImageObject\",\"inLanguage\":\"es\",\"@id\":\"\\\/\\\/www.gravatar.com\\\/avatar\\\/ec6515be259d60bfd92b65898c83fa2f?s=96&#038;r=g&#038;d=mm\",\"url\":\"\\\/\\\/www.gravatar.com\\\/avatar\\\/ec6515be259d60bfd92b65898c83fa2f?s=96&#038;r=g&#038;d=mm\",\"contentUrl\":\"\\\/\\\/www.gravatar.com\\\/avatar\\\/ec6515be259d60bfd92b65898c83fa2f?s=96&#038;r=g&#038;d=mm\",\"caption\":\"Christiano Btf\"},\"description\":\"En tant que fervent amateur de connaissances et de d\u00e9couvertes, je m'efforce de vous offrir un contenu informatif et stimulant. Ma qu\u00eate consiste \u00e0 fournir des informations de qualit\u00e9, \u00e0 d\u00e9crypter l'actualit\u00e9 et \u00e0 partager des analyses perspicaces. Pour moi, comprendre et analyser les donn\u00e9es est bien plus qu'une passion, c'est un engagement envers l'enrichissement intellectuel. Rejoignez-moi dans cette aventure intellectuelle o\u00f9 la curiosit\u00e9, la r\u00e9flexion et la soif de connaissances se conjuguent pour offrir un regard approfondi sur le monde qui nous entoure.\",\"sameAs\":[\"https:\\\/\\\/www.christianobtf.com\",\"https:\\\/\\\/www.facebook.com\\\/christianobtf\",\"https:\\\/\\\/www.instagram.com\\\/christiano_btf\",\"https:\\\/\\\/x.com\\\/https:\\\/\\\/www.twitter.com\\\/christianobtf\",\"https:\\\/\\\/www.youtube.com\\\/@christianobtf\"],\"honorificSuffix\":\"Master\",\"award\":[\"Po\u00e9sie\",\"Litt\u00e9rature\"],\"knowsAbout\":[\"Actualit\u00e9\",\"Po\u00e9sie\",\"Business\"],\"knowsLanguage\":[\"Fran\u00e7ais\",\"Anglais\",\"Arabe\"],\"jobTitle\":\"Ing\u00e9nieur\",\"url\":\"https:\\\/\\\/www.christianobtf.com\\\/es\\\/author\\\/christianobtf\\\/\"}]}<\/script>\n<!-- \/ Yoast SEO Premium plugin. -->","yoast_head_json":{"title":"La expulsi\u00f3n del im\u00e1n Mahjoub Mahjoubi confirmada por el Consejo de Estado: una decisi\u00f3n clave en la lucha contra el extremismo | Christiano Btf","description":"El Consejo de Estado ha confirmado la expulsi\u00f3n del im\u00e1n tunecino Mahjoub Mahjoubi, tras sus sermones considerados discriminatorios e incendiarios. Esta decisi\u00f3n, elogiada por el Ministro del Interior como un avance crucial contra el islam radical, tiene en cuenta tanto la ret\u00f3rica del im\u00e1n como su situaci\u00f3n familiar, sin considerar la expulsi\u00f3n desproporcionada. A pesar de esta medida, Mahjoubi promete continuar su lucha legal, incluso contemplando una apelaci\u00f3n ante el Tribunal Europeo de Derechos Humanos. Este incidente destaca los desaf\u00edos de equilibrar la libertad de expresi\u00f3n con la seguridad p\u00fablica y muestra las complejidades en la batalla continua contra la radicalizaci\u00f3n.","robots":{"index":"index","follow":"follow","max-snippet":"max-snippet:-1","max-image-preview":"max-image-preview:large","max-video-preview":"max-video-preview:-1"},"canonical":"https:\/\/www.christianobtf.com\/de\/?p=17873","og_locale":"es_ES","og_type":"article","og_title":"La expulsi\u00f3n del im\u00e1n Mahjoub Mahjoubi confirmada por el Consejo de Estado: una decisi\u00f3n clave en la lucha contra el extremismo","og_description":"El Consejo de Estado ha confirmado la expulsi\u00f3n del im\u00e1n tunecino Mahjoub Mahjoubi, tras sus sermones considerados discriminatorios e incendiarios. Esta decisi\u00f3n, elogiada por el Ministro del Interior como un avance crucial contra el islam radical, tiene en cuenta tanto la ret\u00f3rica del im\u00e1n como su situaci\u00f3n familiar, sin considerar la expulsi\u00f3n desproporcionada. A pesar de esta medida, Mahjoubi promete continuar su lucha legal, incluso contemplando una apelaci\u00f3n ante el Tribunal Europeo de Derechos Humanos. Este incidente destaca los desaf\u00edos de equilibrar la libertad de expresi\u00f3n con la seguridad p\u00fablica y muestra las complejidades en la batalla continua contra la radicalizaci\u00f3n.","og_url":"https:\/\/www.christianobtf.com\/de\/?p=17873","og_site_name":"Christiano Btf","article_publisher":"https:\/\/www.facebook.com\/christianobtf","article_author":"https:\/\/www.facebook.com\/christianobtf","article_published_time":"2024-03-30T18:13:24+00:00","article_modified_time":"2024-03-30T18:41:00+00:00","og_image":[{"width":932,"height":582,"url":"https:\/\/www.christianobtf.com\/wp-content\/uploads\/2024\/03\/OWLCHGWEN5GJTBUTQNG3IPMD6A.jpg","type":"image\/jpeg"}],"author":"Christiano Btf","twitter_card":"summary_large_image","twitter_description":"El Consejo de Estado ha confirmado la expulsi\u00f3n del im\u00e1n tunecino Mahjoub Mahjoubi, tras sus sermones considerados discriminatorios e incendiarios. Esta decisi\u00f3n, elogiada por el Ministro del Interior como un avance crucial contra el islam radical, tiene en cuenta tanto la ret\u00f3rica del im\u00e1n como su situaci\u00f3n familiar, sin considerar la expulsi\u00f3n desproporcionada. A pesar de esta medida, Mahjoubi promete continuar su lucha legal, incluso contemplando una apelaci\u00f3n ante el Tribunal Europeo de Derechos Humanos. Este incidente destaca los desaf\u00edos de equilibrar la libertad de expresi\u00f3n con la seguridad p\u00fablica y muestra las complejidades en la batalla continua contra la radicalizaci\u00f3n.","twitter_creator":"@https:\/\/www.twitter.com\/christianobtf","twitter_site":"@christianobtf","twitter_misc":{"Escrito por":"Christiano Btf<span class=\"bp-verified-badge\"><\/span>","Tiempo de lectura":"3 minutos"},"schema":{"@context":"https:\/\/schema.org","@graph":[{"@type":"Article","@id":"https:\/\/www.christianobtf.com\/de\/?p=17873#article","isPartOf":{"@id":"https:\/\/www.christianobtf.com\/de\/?p=17873"},"author":{"name":"Christiano Btf","@id":"https:\/\/www.christianobtf.com\/#\/schema\/person\/d4f35eeee402432e37887b4633f17b95"},"headline":"La expulsi\u00f3n del im\u00e1n Mahjoub Mahjoubi confirmada por el Consejo de Estado: una decisi\u00f3n clave en la lucha contra el extremismo","datePublished":"2024-03-30T18:13:24+00:00","dateModified":"2024-03-30T18:41:00+00:00","mainEntityOfPage":{"@id":"https:\/\/www.christianobtf.com\/de\/?p=17873"},"wordCount":484,"commentCount":0,"publisher":{"@id":"https:\/\/www.christianobtf.com\/#organization"},"image":{"@id":"https:\/\/www.christianobtf.com\/de\/?p=17873#primaryimage"},"thumbnailUrl":"https:\/\/i0.wp.com\/www.christianobtf.com\/wp-content\/uploads\/2024\/03\/OWLCHGWEN5GJTBUTQNG3IPMD6A.jpg?fit=932%2C582&ssl=1","keywords":["Consejo de Estado","Expulsion","extremismo","libertad de expresi\u00f3n","seguridad p\u00fablica"],"articleSection":["Francia"],"inLanguage":"es","potentialAction":[{"@type":"CommentAction","name":"Comment","target":["https:\/\/www.christianobtf.com\/de\/?p=17873#respond"]}]},{"@type":"WebPage","@id":"https:\/\/www.christianobtf.com\/de\/?p=17873","url":"https:\/\/www.christianobtf.com\/de\/?p=17873","name":"La expulsi\u00f3n del im\u00e1n Mahjoub Mahjoubi confirmada por el Consejo de Estado: una decisi\u00f3n clave en la lucha contra el extremismo | Christiano Btf","isPartOf":{"@id":"https:\/\/www.christianobtf.com\/#website"},"primaryImageOfPage":{"@id":"https:\/\/www.christianobtf.com\/de\/?p=17873#primaryimage"},"image":{"@id":"https:\/\/www.christianobtf.com\/de\/?p=17873#primaryimage"},"thumbnailUrl":"https:\/\/i0.wp.com\/www.christianobtf.com\/wp-content\/uploads\/2024\/03\/OWLCHGWEN5GJTBUTQNG3IPMD6A.jpg?fit=932%2C582&ssl=1","datePublished":"2024-03-30T18:13:24+00:00","dateModified":"2024-03-30T18:41:00+00:00","description":"El Consejo de Estado ha confirmado la expulsi\u00f3n del im\u00e1n tunecino Mahjoub Mahjoubi, tras sus sermones considerados discriminatorios e incendiarios. Esta decisi\u00f3n, elogiada por el Ministro del Interior como un avance crucial contra el islam radical, tiene en cuenta tanto la ret\u00f3rica del im\u00e1n como su situaci\u00f3n familiar, sin considerar la expulsi\u00f3n desproporcionada. A pesar de esta medida, Mahjoubi promete continuar su lucha legal, incluso contemplando una apelaci\u00f3n ante el Tribunal Europeo de Derechos Humanos. Este incidente destaca los desaf\u00edos de equilibrar la libertad de expresi\u00f3n con la seguridad p\u00fablica y muestra las complejidades en la batalla continua contra la radicalizaci\u00f3n.","breadcrumb":{"@id":"https:\/\/www.christianobtf.com\/de\/?p=17873#breadcrumb"},"inLanguage":"es","potentialAction":[{"@type":"ReadAction","target":["https:\/\/www.christianobtf.com\/de\/?p=17873"]}]},{"@type":"ImageObject","inLanguage":"es","@id":"https:\/\/www.christianobtf.com\/de\/?p=17873#primaryimage","url":"https:\/\/i0.wp.com\/www.christianobtf.com\/wp-content\/uploads\/2024\/03\/OWLCHGWEN5GJTBUTQNG3IPMD6A.jpg?fit=932%2C582&ssl=1","contentUrl":"https:\/\/i0.wp.com\/www.christianobtf.com\/wp-content\/uploads\/2024\/03\/OWLCHGWEN5GJTBUTQNG3IPMD6A.jpg?fit=932%2C582&ssl=1","width":932,"height":582,"caption":"Expulsi\u00f3n de Mahjoub Mahjoubi: el im\u00e1n asegura que har\u00e1 \u201ctodo lo posible para recuperar\u201d"},{"@type":"BreadcrumbList","@id":"https:\/\/www.christianobtf.com\/de\/?p=17873#breadcrumb","itemListElement":[{"@type":"ListItem","position":1,"name":"Accueil","item":"https:\/\/www.christianobtf.com\/es\/"},{"@type":"ListItem","position":2,"name":"La expulsi\u00f3n del im\u00e1n Mahjoub Mahjoubi confirmada por el Consejo de Estado: una decisi\u00f3n clave en la lucha contra el extremismo"}]},{"@type":"WebSite","@id":"https:\/\/www.christianobtf.com\/#website","url":"https:\/\/www.christianobtf.com\/","name":"Christiano Btf","description":"Avoir mati\u00e8res \u00e0 penser","publisher":{"@id":"https:\/\/www.christianobtf.com\/#organization"},"alternateName":"Christiano Btf","potentialAction":[{"@type":"SearchAction","target":{"@type":"EntryPoint","urlTemplate":"https:\/\/www.christianobtf.com\/?s={search_term_string}"},"query-input":{"@type":"PropertyValueSpecification","valueRequired":true,"valueName":"search_term_string"}}],"inLanguage":"es"},{"@type":"Organization","@id":"https:\/\/www.christianobtf.com\/#organization","name":"Christiano Btf","url":"https:\/\/www.christianobtf.com\/","logo":{"@type":"ImageObject","inLanguage":"es","@id":"https:\/\/www.christianobtf.com\/#\/schema\/logo\/image\/","url":"https:\/\/i0.wp.com\/www.christianobtf.com\/wp-content\/uploads\/2023\/06\/cropped-Christiano-btf-icon.png?fit=1919%2C576&ssl=1","contentUrl":"https:\/\/i0.wp.com\/www.christianobtf.com\/wp-content\/uploads\/2023\/06\/cropped-Christiano-btf-icon.png?fit=1919%2C576&ssl=1","width":1919,"height":576,"caption":"Christiano Btf"},"image":{"@id":"https:\/\/www.christianobtf.com\/#\/schema\/logo\/image\/"},"sameAs":["https:\/\/www.facebook.com\/christianobtf","https:\/\/x.com\/christianobtf","https:\/\/tiktok.com\/@christianobtf","https:\/\/www.youtube.com\/@christianobtf","https:\/\/www.instagram.com\/christiano_btf\/"]},{"@type":"Person","@id":"https:\/\/www.christianobtf.com\/#\/schema\/person\/d4f35eeee402432e37887b4633f17b95","name":"Christiano Btf","image":{"@type":"ImageObject","inLanguage":"es","@id":"\/\/www.gravatar.com\/avatar\/ec6515be259d60bfd92b65898c83fa2f?s=96&#038;r=g&#038;d=mm","url":"\/\/www.gravatar.com\/avatar\/ec6515be259d60bfd92b65898c83fa2f?s=96&#038;r=g&#038;d=mm","contentUrl":"\/\/www.gravatar.com\/avatar\/ec6515be259d60bfd92b65898c83fa2f?s=96&#038;r=g&#038;d=mm","caption":"Christiano Btf"},"description":"En tant que fervent amateur de connaissances et de d\u00e9couvertes, je m'efforce de vous offrir un contenu informatif et stimulant. Ma qu\u00eate consiste \u00e0 fournir des informations de qualit\u00e9, \u00e0 d\u00e9crypter l'actualit\u00e9 et \u00e0 partager des analyses perspicaces. Pour moi, comprendre et analyser les donn\u00e9es est bien plus qu'une passion, c'est un engagement envers l'enrichissement intellectuel. Rejoignez-moi dans cette aventure intellectuelle o\u00f9 la curiosit\u00e9, la r\u00e9flexion et la soif de connaissances se conjuguent pour offrir un regard approfondi sur le monde qui nous entoure.","sameAs":["https:\/\/www.christianobtf.com","https:\/\/www.facebook.com\/christianobtf","https:\/\/www.instagram.com\/christiano_btf","https:\/\/x.com\/https:\/\/www.twitter.com\/christianobtf","https:\/\/www.youtube.com\/@christianobtf"],"honorificSuffix":"Master","award":["Po\u00e9sie","Litt\u00e9rature"],"knowsAbout":["Actualit\u00e9","Po\u00e9sie","Business"],"knowsLanguage":["Fran\u00e7ais","Anglais","Arabe"],"jobTitle":"Ing\u00e9nieur","url":"https:\/\/www.christianobtf.com\/es\/author\/christianobtf\/"}]}},"jetpack_publicize_connections":[],"jetpack_featured_media_url":"https:\/\/i0.wp.com\/www.christianobtf.com\/wp-content\/uploads\/2024\/03\/OWLCHGWEN5GJTBUTQNG3IPMD6A.jpg?fit=932%2C582&ssl=1","jetpack_sharing_enabled":true,"_links":{"self":[{"href":"https:\/\/www.christianobtf.com\/es\/wp-json\/wp\/v2\/posts\/17858","targetHints":{"allow":["GET"]}}],"collection":[{"href":"https:\/\/www.christianobtf.com\/es\/wp-json\/wp\/v2\/posts"}],"about":[{"href":"https:\/\/www.christianobtf.com\/es\/wp-json\/wp\/v2\/types\/post"}],"author":[{"embeddable":true,"href":"https:\/\/www.christianobtf.com\/es\/wp-json\/wp\/v2\/users\/1"}],"replies":[{"embeddable":true,"href":"https:\/\/www.christianobtf.com\/es\/wp-json\/wp\/v2\/comments?post=17858"}],"version-history":[{"count":2,"href":"https:\/\/www.christianobtf.com\/es\/wp-json\/wp\/v2\/posts\/17858\/revisions"}],"predecessor-version":[{"id":17872,"href":"https:\/\/www.christianobtf.com\/es\/wp-json\/wp\/v2\/posts\/17858\/revisions\/17872"}],"wp:featuredmedia":[{"embeddable":true,"href":"https:\/\/www.christianobtf.com\/es\/wp-json\/wp\/v2\/media\/17860"}],"wp:attachment":[{"href":"https:\/\/www.christianobtf.com\/es\/wp-json\/wp\/v2\/media?parent=17858"}],"wp:term":[{"taxonomy":"category","embeddable":true,"href":"https:\/\/www.christianobtf.com\/es\/wp-json\/wp\/v2\/categories?post=17858"},{"taxonomy":"post_tag","embeddable":true,"href":"https:\/\/www.christianobtf.com\/es\/wp-json\/wp\/v2\/tags?post=17858"}],"curies":[{"name":"wp","href":"https:\/\/api.w.org\/{rel}","templated":true}]}}