{"id":17155,"date":"2024-02-09T22:22:16","date_gmt":"2024-02-09T22:22:16","guid":{"rendered":"https:\/\/www.christianobtf.com\/?p=17155"},"modified":"2024-02-09T22:40:39","modified_gmt":"2024-02-09T22:40:39","slug":"apple-anuncia-la-fecha-de-lanzamiento-de-su-casco-vision-pro","status":"publish","type":"post","link":"https:\/\/www.christianobtf.com\/es\/apple-anuncia-la-fecha-de-lanzamiento-de-su-casco-vision-pro\/","title":{"rendered":"Apple anuncia la fecha de lanzamiento de su casco Vision Pro"},"content":{"rendered":"<p>Despu\u00e9s de meses de espera y especulaci\u00f3n, Apple finalmente revel\u00f3 la fecha de lanzamiento de su muy esperado casco de realidad mixta, el Vision Pro. Anunciado por primera vez en junio de 2023 durante la WWDC, el Vision Pro est\u00e1 a punto de convertirse en una realidad para los consumidores estadounidenses.<\/p>\n<div id=\"ez-toc-container\" class=\"ez-toc-v2_0_82_2 counter-hierarchy ez-toc-counter ez-toc-transparent ez-toc-container-direction\">\n<div class=\"ez-toc-title-container\">\n<p class=\"ez-toc-title\" style=\"cursor:inherit\">Table of Contents<\/p>\n<span class=\"ez-toc-title-toggle\"><a href=\"#\" class=\"ez-toc-pull-right ez-toc-btn ez-toc-btn-xs ez-toc-btn-default ez-toc-toggle\" aria-label=\"Alternar tabla de contenidos\"><span class=\"ez-toc-js-icon-con\"><span class=\"\"><span class=\"eztoc-hide\" style=\"display:none;\">Toggle<\/span><span class=\"ez-toc-icon-toggle-span\"><svg style=\"fill: #1e73be;color:#1e73be\" xmlns=\"http:\/\/www.w3.org\/2000\/svg\" class=\"list-377408\" width=\"20px\" height=\"20px\" viewBox=\"0 0 24 24\" fill=\"none\"><path d=\"M6 6H4v2h2V6zm14 0H8v2h12V6zM4 11h2v2H4v-2zm16 0H8v2h12v-2zM4 16h2v2H4v-2zm16 0H8v2h12v-2z\" fill=\"currentColor\"><\/path><\/svg><svg style=\"fill: #1e73be;color:#1e73be\" class=\"arrow-unsorted-368013\" xmlns=\"http:\/\/www.w3.org\/2000\/svg\" width=\"10px\" height=\"10px\" viewBox=\"0 0 24 24\" version=\"1.2\" baseProfile=\"tiny\"><path d=\"M18.2 9.3l-6.2-6.3-6.2 6.3c-.2.2-.3.4-.3.7s.1.5.3.7c.2.2.4.3.7.3h11c.3 0 .5-.1.7-.3.2-.2.3-.5.3-.7s-.1-.5-.3-.7zM5.8 14.7l6.2 6.3 6.2-6.3c.2-.2.3-.5.3-.7s-.1-.5-.3-.7c-.2-.2-.4-.3-.7-.3h-11c-.3 0-.5.1-.7.3-.2.2-.3.5-.3.7s.1.5.3.7z\"\/><\/svg><\/span><\/span><\/span><\/a><\/span><\/div>\n<nav><ul class='ez-toc-list ez-toc-list-level-1 eztoc-toggle-hide-by-default' ><li class='ez-toc-page-1 ez-toc-heading-level-2'><a class=\"ez-toc-link ez-toc-heading-1\" href=\"https:\/\/www.christianobtf.com\/es\/apple-anuncia-la-fecha-de-lanzamiento-de-su-casco-vision-pro\/#Una_espera_recompensada\" >Una espera recompensada<\/a><\/li><li class='ez-toc-page-1 ez-toc-heading-level-2'><a class=\"ez-toc-link ez-toc-heading-2\" href=\"https:\/\/www.christianobtf.com\/es\/apple-anuncia-la-fecha-de-lanzamiento-de-su-casco-vision-pro\/#Fecha_de_lanzamiento_y_precio_confirmados\" >Fecha de lanzamiento y precio confirmados<\/a><\/li><li class='ez-toc-page-1 ez-toc-heading-level-2'><a class=\"ez-toc-link ez-toc-heading-3\" href=\"https:\/\/www.christianobtf.com\/es\/apple-anuncia-la-fecha-de-lanzamiento-de-su-casco-vision-pro\/#Caracteristicas_sorprendentes\" >Caracter\u00edsticas sorprendentes<\/a><\/li><li class='ez-toc-page-1 ez-toc-heading-level-2'><a class=\"ez-toc-link ez-toc-heading-4\" href=\"https:\/\/www.christianobtf.com\/es\/apple-anuncia-la-fecha-de-lanzamiento-de-su-casco-vision-pro\/#Vision_Pro_Mas_que_un_casco_una_computadora_espacial\" >Vision Pro: M\u00e1s que un casco, una computadora espacial<\/a><ul class='ez-toc-list-level-4' ><li class='ez-toc-heading-level-4'><ul class='ez-toc-list-level-4' ><li class='ez-toc-heading-level-4'><a class=\"ez-toc-link ez-toc-heading-5\" href=\"https:\/\/www.christianobtf.com\/es\/apple-anuncia-la-fecha-de-lanzamiento-de-su-casco-vision-pro\/#Aqui_hay_una_tabla_resumen_de_las_principales_caracteristicas_del_Apple_Vision_Pro\" >Aqu\u00ed hay una tabla resumen de las principales caracter\u00edsticas del Apple Vision Pro:<\/a><\/li><\/ul><\/li><\/ul><\/li><\/ul><\/nav><\/div>\n<h2><span class=\"ez-toc-section\" id=\"Una_espera_recompensada\"><\/span>Una espera recompensada<span class=\"ez-toc-section-end\"><\/span><\/h2>\n<p>En un informe publicado el 7 de enero de 2024, el periodista de Bloomberg, Mark Gurman, predijo que el lanzamiento del Vision Pro era inminente. Sus predicciones se hicieron realidad cuando Apple tom\u00f3 la palabra el 8 de enero para confirmar la tan esperada noticia.<\/p>\n<h2><span class=\"ez-toc-section\" id=\"Fecha_de_lanzamiento_y_precio_confirmados\"><\/span>Fecha de lanzamiento y precio confirmados<span class=\"ez-toc-section-end\"><\/span><\/h2>\n<p>Seg\u00fan la informaci\u00f3n compartida por Apple, el Vision Pro estar\u00e1 disponible para su compra a partir del 2 de febrero de 2024, con preventas abiertas a partir del 19 de enero. Sin embargo, esta oportunidad inicial estar\u00e1 reservada para los consumidores estadounidenses, con disponibilidad en otros pa\u00edses como China, Canad\u00e1 y el Reino Unido que seguir\u00e1 m\u00e1s adelante en el a\u00f1o.<\/p>\n<p>En cuanto al precio, el Vision Pro se posiciona como un producto de alta gama con un precio inicial de 3499 $ para la versi\u00f3n de 256 GB. Las opciones adicionales, como las lentes Zeiss opcionales, estar\u00e1n disponibles por un costo adicional que var\u00eda entre 99 $ y 149 $.<\/p>\n<h2><span class=\"ez-toc-section\" id=\"Caracteristicas_sorprendentes\"><\/span>Caracter\u00edsticas sorprendentes<span class=\"ez-toc-section-end\"><\/span><\/h2>\n<p>El Vision Pro promete una experiencia inmersiva de alta calidad gracias a sus impresionantes caracter\u00edsticas t\u00e9cnicas. Con pantallas micro-OLED que ofrecen una resoluci\u00f3n que supera la simple definici\u00f3n 4K, y una frecuencia de actualizaci\u00f3n de hasta 96 Hz, Apple tiene como objetivo proporcionar una experiencia visual excepcional.<\/p>\n<figure id=\"attachment_17126\" aria-describedby=\"caption-attachment-17126\" style=\"width: 1984px\" class=\"wp-caption aligncenter\"><img data-recalc-dims=\"1\" loading=\"lazy\" decoding=\"async\" class=\"size-full wp-image-17126\" src=\"https:\/\/i0.wp.com\/www.christianobtf.com\/wp-content\/uploads\/2024\/02\/videoframe_14561.png?resize=1984%2C1116&#038;ssl=1\" alt=\"\" width=\"1984\" height=\"1116\" srcset=\"https:\/\/i0.wp.com\/www.christianobtf.com\/wp-content\/uploads\/2024\/02\/videoframe_14561.png?w=1984&amp;ssl=1 1984w, https:\/\/i0.wp.com\/www.christianobtf.com\/wp-content\/uploads\/2024\/02\/videoframe_14561.png?resize=300%2C169&amp;ssl=1 300w, https:\/\/i0.wp.com\/www.christianobtf.com\/wp-content\/uploads\/2024\/02\/videoframe_14561.png?resize=1024%2C576&amp;ssl=1 1024w, https:\/\/i0.wp.com\/www.christianobtf.com\/wp-content\/uploads\/2024\/02\/videoframe_14561.png?resize=768%2C432&amp;ssl=1 768w, https:\/\/i0.wp.com\/www.christianobtf.com\/wp-content\/uploads\/2024\/02\/videoframe_14561.png?resize=1536%2C864&amp;ssl=1 1536w, https:\/\/i0.wp.com\/www.christianobtf.com\/wp-content\/uploads\/2024\/02\/videoframe_14561.png?resize=150%2C84&amp;ssl=1 150w\" sizes=\"auto, (max-width: 1000px) 100vw, 1000px\" \/><figcaption id=\"caption-attachment-17126\" class=\"wp-caption-text\">\u00a9 Apple<\/figcaption><\/figure>\n<p>Adem\u00e1s, el casco est\u00e1 equipado con nada menos que 12 c\u00e1maras y varios sensores para seguir el movimiento de las manos, los movimientos oculares y proporcionar reconocimiento facial 3D. Los dos procesadores integrados, el Apple M2 y el Apple R1, garantizan un rendimiento fluido y r\u00e1pido para aprovechar al m\u00e1ximo todas las caracter\u00edsticas del casco.<\/p>\n<h2><span class=\"ez-toc-section\" id=\"Vision_Pro_Mas_que_un_casco_una_computadora_espacial\"><\/span>Vision Pro: M\u00e1s que un casco, una computadora espacial<span class=\"ez-toc-section-end\"><\/span><\/h2>\n<p>Apple insiste en que el Vision Pro no es solo un casco de realidad virtual, sino m\u00e1s bien una \u00abcomputadora espacial\u00bb. Con su sistema operativo VisionOS y una variedad de aplicaciones que van desde la productividad hasta el consumo de contenido, el Vision Pro tiene como objetivo revolucionar la forma en que interactuamos con la tecnolog\u00eda.<\/p>\n<blockquote><p><strong><em><a href=\"https:\/\/www.christianobtf.com\/es\/iphone-el-nuevo-juez-de-las-relaciones-poseer-un-android-un-crimen-amoroso\/\">iPhone: El Nuevo Juez de las Relaciones: \u00bfPoseer un Android, un Crimen Amoroso?<\/a><\/em><\/strong><\/p><\/blockquote>\n<p>A medida que el Vision Pro comienza a llegar a las manos de los consumidores, ya est\u00e1 generando un gran inter\u00e9s y cr\u00edticas elogiosas de los medios de comunicaci\u00f3n. Aunque su precio elevado puede disuadir a algunos, para otros representa la c\u00faspide de la innovaci\u00f3n tecnol\u00f3gica y la experiencia del usuario. Queda por ver c\u00f3mo ser\u00e1 adoptado por el p\u00fablico en general y qu\u00e9 impacto tendr\u00e1 en el mercado de la realidad mixta en los pr\u00f3ximos a\u00f1os.<\/p>\n<h4><span class=\"ez-toc-section\" id=\"Aqui_hay_una_tabla_resumen_de_las_principales_caracteristicas_del_Apple_Vision_Pro\"><\/span>Aqu\u00ed hay una tabla resumen de las principales caracter\u00edsticas del Apple Vision Pro:<span class=\"ez-toc-section-end\"><\/span><\/h4>\n<table>\n<thead>\n<tr>\n<th>Caracter\u00edsticas t\u00e9cnicas<\/th>\n<th>Detalles<\/th>\n<\/tr>\n<\/thead>\n<tbody>\n<tr>\n<td>Procesador<\/td>\n<td>Apple M2 y Apple R1<\/td>\n<\/tr>\n<tr>\n<td>Compatibilidad<\/td>\n<td>VisionOS<\/td>\n<\/tr>\n<tr>\n<td>Tipo de pantalla<\/td>\n<td>OLED<\/td>\n<\/tr>\n<tr>\n<td>Tama\u00f1o de pantalla<\/td>\n<td>1.4 pulgadas<\/td>\n<\/tr>\n<tr>\n<td>Frecuencia de actualizaci\u00f3n<\/td>\n<td>96 Hz<\/td>\n<\/tr>\n<tr>\n<td>Resoluci\u00f3n<\/td>\n<td>4K HDR<\/td>\n<\/tr>\n<tr>\n<td>Campo de visi\u00f3n<\/td>\n<td>110\u00b0<\/td>\n<\/tr>\n<tr>\n<td>Almacenamiento<\/td>\n<td>1 TB<\/td>\n<\/tr>\n<tr>\n<td>Memoria RAM<\/td>\n<td>16 GB<\/td>\n<\/tr>\n<tr>\n<td>Tipo de control<\/td>\n<td>Seguimiento ocular, Gestual, Voz<\/td>\n<\/tr>\n<tr>\n<td>Conectividad<\/td>\n<td>Bluetooth, Wifi<\/td>\n<\/tr>\n<tr>\n<td>Altavoz integrado<\/td>\n<td>S\u00ed<\/td>\n<\/tr>\n<tr>\n<td>Sensores<\/td>\n<td>6 micr\u00f3fonos, 12 c\u00e1maras, 5 sensores adicionales<\/td>\n<\/tr>\n<tr>\n<td>Conectores<\/td>\n<td>Conector propio<\/td>\n<\/tr>\n<tr>\n<td>Capacidad de la bater\u00eda<\/td>\n<td>3,166 mAh<\/td>\n<\/tr>\n<tr>\n<td>Duraci\u00f3n de la bater\u00eda<\/td>\n<td>2 horas<\/td>\n<\/tr>\n<tr>\n<td>Peso<\/td>\n<td>650 g<\/td>\n<\/tr>\n<\/tbody>\n<\/table>\n<p>Estas caracter\u00edsticas t\u00e9cnicas definen las capacidades y funciones del Apple Vision Pro, ofreciendo a los usuarios una experiencia inmersiva y avanzada en el campo de la realidad mixta.<\/p>\n<p>&nbsp;<\/p>\n","protected":false},"excerpt":{"rendered":"<p>Sum\u00e9rgete en el universo futurista del Apple Vision Pro, un casco de realidad mixta revolucionario que ofrece una experiencia inmersiva sin igual gracias a sus caracter\u00edsticas tecnol\u00f3gicas avanzadas.<\/p>\n","protected":false},"author":1,"featured_media":17117,"comment_status":"open","ping_status":"open","sticky":false,"template":"","format":"standard","meta":{"jetpack_post_was_ever_published":false,"_jetpack_newsletter_access":"","_jetpack_dont_email_post_to_subs":false,"_jetpack_newsletter_tier_id":0,"_jetpack_memberships_contains_paywalled_content":false,"_jetpack_memberships_contains_paid_content":false,"footnotes":"","jetpack_publicize_message":"","jetpack_publicize_feature_enabled":true,"jetpack_social_post_already_shared":true,"jetpack_social_options":{"image_generator_settings":{"template":"highway","default_image_id":0,"font":"","enabled":false},"version":2}},"categories":[3715],"tags":[5641,5640,5638,5637,5639],"class_list":["post-17155","post","type-post","status-publish","format-standard","has-post-thumbnail","hentry","category-tecnologia","tag-apple-vision-pro-es","tag-casco-de-vr","tag-experiencia-inmersiva","tag-realidad-mixta","tag-tecnologia-avanzada"],"yoast_head":"<!-- This site is optimized with the Yoast SEO Premium plugin v22.6 (Yoast SEO v27.5) - https:\/\/yoast.com\/product\/yoast-seo-premium-wordpress\/ -->\n<title>Apple anuncia la fecha de lanzamiento de su casco Vision Pro | Christiano Btf<\/title>\n<meta name=\"description\" content=\"Sum\u00e9rgete en el universo futurista del Apple Vision Pro, un casco de realidad mixta revolucionario que ofrece una experiencia inmersiva sin igual gracias a sus caracter\u00edsticas tecnol\u00f3gicas avanzadas.\" \/>\n<meta name=\"robots\" content=\"index, follow, max-snippet:-1, max-image-preview:large, max-video-preview:-1\" \/>\n<link rel=\"canonical\" href=\"https:\/\/www.christianobtf.com\/ar\/?p=17158\" \/>\n<meta property=\"og:locale\" content=\"es_ES\" \/>\n<meta property=\"og:type\" content=\"article\" \/>\n<meta property=\"og:title\" content=\"Apple anuncia la fecha de lanzamiento de su casco Vision Pro\" \/>\n<meta property=\"og:description\" content=\"Sum\u00e9rgete en el universo futurista del Apple Vision Pro, un casco de realidad mixta revolucionario que ofrece una experiencia inmersiva sin igual gracias a sus caracter\u00edsticas tecnol\u00f3gicas avanzadas.\" \/>\n<meta property=\"og:url\" content=\"https:\/\/www.christianobtf.com\/ar\/?p=17158\" \/>\n<meta property=\"og:site_name\" content=\"Christiano Btf\" \/>\n<meta property=\"article:publisher\" content=\"https:\/\/www.facebook.com\/christianobtf\" \/>\n<meta property=\"article:author\" content=\"https:\/\/www.facebook.com\/christianobtf\" \/>\n<meta property=\"article:published_time\" content=\"2024-02-09T22:22:16+00:00\" \/>\n<meta property=\"article:modified_time\" content=\"2024-02-09T22:40:39+00:00\" \/>\n<meta property=\"og:image\" content=\"https:\/\/www.christianobtf.com\/wp-content\/uploads\/2024\/02\/apple-vision-pro-1.jpg\" \/>\n\t<meta property=\"og:image:width\" content=\"1600\" \/>\n\t<meta property=\"og:image:height\" content=\"900\" \/>\n\t<meta property=\"og:image:type\" content=\"image\/jpeg\" \/>\n<meta name=\"author\" content=\"Christiano Btf\" \/>\n<meta name=\"twitter:card\" content=\"summary_large_image\" \/>\n<meta name=\"twitter:description\" content=\"Sum\u00e9rgete en el universo futurista del Apple Vision Pro, un casco de realidad mixta revolucionario que ofrece una experiencia inmersiva sin igual gracias a sus caracter\u00edsticas tecnol\u00f3gicas avanzadas.\" \/>\n<meta name=\"twitter:creator\" content=\"@https:\/\/www.twitter.com\/christianobtf\" \/>\n<meta name=\"twitter:site\" content=\"@christianobtf\" \/>\n<meta name=\"twitter:label1\" content=\"Escrito por\" \/>\n\t<meta name=\"twitter:data1\" content=\"Christiano Btf&lt;span class=&quot;bp-verified-badge&quot;&gt;&lt;\/span&gt;\" \/>\n\t<meta name=\"twitter:label2\" content=\"Tiempo de lectura\" \/>\n\t<meta name=\"twitter:data2\" content=\"4 minutos\" \/>\n<script type=\"application\/ld+json\" class=\"yoast-schema-graph\">{\"@context\":\"https:\\\/\\\/schema.org\",\"@graph\":[{\"@type\":\"Article\",\"@id\":\"https:\\\/\\\/www.christianobtf.com\\\/ar\\\/?p=17158#article\",\"isPartOf\":{\"@id\":\"https:\\\/\\\/www.christianobtf.com\\\/ar\\\/?p=17158\"},\"author\":{\"name\":\"Christiano Btf\",\"@id\":\"https:\\\/\\\/www.christianobtf.com\\\/#\\\/schema\\\/person\\\/d4f35eeee402432e37887b4633f17b95\"},\"headline\":\"Apple anuncia la fecha de lanzamiento de su casco Vision Pro\",\"datePublished\":\"2024-02-09T22:22:16+00:00\",\"dateModified\":\"2024-02-09T22:40:39+00:00\",\"mainEntityOfPage\":{\"@id\":\"https:\\\/\\\/www.christianobtf.com\\\/ar\\\/?p=17158\"},\"wordCount\":635,\"commentCount\":0,\"publisher\":{\"@id\":\"https:\\\/\\\/www.christianobtf.com\\\/#organization\"},\"image\":{\"@id\":\"https:\\\/\\\/www.christianobtf.com\\\/ar\\\/?p=17158#primaryimage\"},\"thumbnailUrl\":\"https:\\\/\\\/i0.wp.com\\\/www.christianobtf.com\\\/wp-content\\\/uploads\\\/2024\\\/02\\\/apple-vision-pro-1.jpg?fit=1600%2C900&ssl=1\",\"keywords\":[\"Apple Vision Pro\",\"Casco de VR\",\"Experiencia inmersiva\",\"Realidad mixta\",\"Tecnolog\u00eda avanzada\"],\"articleSection\":[\"Tecnolog\u00eda\"],\"inLanguage\":\"es\",\"potentialAction\":[{\"@type\":\"CommentAction\",\"name\":\"Comment\",\"target\":[\"https:\\\/\\\/www.christianobtf.com\\\/ar\\\/?p=17158#respond\"]}]},{\"@type\":\"WebPage\",\"@id\":\"https:\\\/\\\/www.christianobtf.com\\\/ar\\\/?p=17158\",\"url\":\"https:\\\/\\\/www.christianobtf.com\\\/ar\\\/?p=17158\",\"name\":\"Apple anuncia la fecha de lanzamiento de su casco Vision Pro | Christiano Btf\",\"isPartOf\":{\"@id\":\"https:\\\/\\\/www.christianobtf.com\\\/#website\"},\"primaryImageOfPage\":{\"@id\":\"https:\\\/\\\/www.christianobtf.com\\\/ar\\\/?p=17158#primaryimage\"},\"image\":{\"@id\":\"https:\\\/\\\/www.christianobtf.com\\\/ar\\\/?p=17158#primaryimage\"},\"thumbnailUrl\":\"https:\\\/\\\/i0.wp.com\\\/www.christianobtf.com\\\/wp-content\\\/uploads\\\/2024\\\/02\\\/apple-vision-pro-1.jpg?fit=1600%2C900&ssl=1\",\"datePublished\":\"2024-02-09T22:22:16+00:00\",\"dateModified\":\"2024-02-09T22:40:39+00:00\",\"description\":\"Sum\u00e9rgete en el universo futurista del Apple Vision Pro, un casco de realidad mixta revolucionario que ofrece una experiencia inmersiva sin igual gracias a sus caracter\u00edsticas tecnol\u00f3gicas avanzadas.\",\"breadcrumb\":{\"@id\":\"https:\\\/\\\/www.christianobtf.com\\\/ar\\\/?p=17158#breadcrumb\"},\"inLanguage\":\"es\",\"potentialAction\":[{\"@type\":\"ReadAction\",\"target\":[\"https:\\\/\\\/www.christianobtf.com\\\/ar\\\/?p=17158\"]}]},{\"@type\":\"ImageObject\",\"inLanguage\":\"es\",\"@id\":\"https:\\\/\\\/www.christianobtf.com\\\/ar\\\/?p=17158#primaryimage\",\"url\":\"https:\\\/\\\/i0.wp.com\\\/www.christianobtf.com\\\/wp-content\\\/uploads\\\/2024\\\/02\\\/apple-vision-pro-1.jpg?fit=1600%2C900&ssl=1\",\"contentUrl\":\"https:\\\/\\\/i0.wp.com\\\/www.christianobtf.com\\\/wp-content\\\/uploads\\\/2024\\\/02\\\/apple-vision-pro-1.jpg?fit=1600%2C900&ssl=1\",\"width\":1600,\"height\":900,\"caption\":\"\u00a9 Apple\"},{\"@type\":\"BreadcrumbList\",\"@id\":\"https:\\\/\\\/www.christianobtf.com\\\/ar\\\/?p=17158#breadcrumb\",\"itemListElement\":[{\"@type\":\"ListItem\",\"position\":1,\"name\":\"Accueil\",\"item\":\"https:\\\/\\\/www.christianobtf.com\\\/es\\\/\"},{\"@type\":\"ListItem\",\"position\":2,\"name\":\"Apple anuncia la fecha de lanzamiento de su casco Vision Pro\"}]},{\"@type\":\"WebSite\",\"@id\":\"https:\\\/\\\/www.christianobtf.com\\\/#website\",\"url\":\"https:\\\/\\\/www.christianobtf.com\\\/\",\"name\":\"Christiano Btf\",\"description\":\"Avoir mati\u00e8res \u00e0 penser\",\"publisher\":{\"@id\":\"https:\\\/\\\/www.christianobtf.com\\\/#organization\"},\"alternateName\":\"Christiano Btf\",\"potentialAction\":[{\"@type\":\"SearchAction\",\"target\":{\"@type\":\"EntryPoint\",\"urlTemplate\":\"https:\\\/\\\/www.christianobtf.com\\\/?s={search_term_string}\"},\"query-input\":{\"@type\":\"PropertyValueSpecification\",\"valueRequired\":true,\"valueName\":\"search_term_string\"}}],\"inLanguage\":\"es\"},{\"@type\":\"Organization\",\"@id\":\"https:\\\/\\\/www.christianobtf.com\\\/#organization\",\"name\":\"Christiano Btf\",\"url\":\"https:\\\/\\\/www.christianobtf.com\\\/\",\"logo\":{\"@type\":\"ImageObject\",\"inLanguage\":\"es\",\"@id\":\"https:\\\/\\\/www.christianobtf.com\\\/#\\\/schema\\\/logo\\\/image\\\/\",\"url\":\"https:\\\/\\\/i0.wp.com\\\/www.christianobtf.com\\\/wp-content\\\/uploads\\\/2023\\\/06\\\/cropped-Christiano-btf-icon.png?fit=1919%2C576&ssl=1\",\"contentUrl\":\"https:\\\/\\\/i0.wp.com\\\/www.christianobtf.com\\\/wp-content\\\/uploads\\\/2023\\\/06\\\/cropped-Christiano-btf-icon.png?fit=1919%2C576&ssl=1\",\"width\":1919,\"height\":576,\"caption\":\"Christiano Btf\"},\"image\":{\"@id\":\"https:\\\/\\\/www.christianobtf.com\\\/#\\\/schema\\\/logo\\\/image\\\/\"},\"sameAs\":[\"https:\\\/\\\/www.facebook.com\\\/christianobtf\",\"https:\\\/\\\/x.com\\\/christianobtf\",\"https:\\\/\\\/tiktok.com\\\/@christianobtf\",\"https:\\\/\\\/www.youtube.com\\\/@christianobtf\",\"https:\\\/\\\/www.instagram.com\\\/christiano_btf\\\/\"]},{\"@type\":\"Person\",\"@id\":\"https:\\\/\\\/www.christianobtf.com\\\/#\\\/schema\\\/person\\\/d4f35eeee402432e37887b4633f17b95\",\"name\":\"Christiano Btf\",\"image\":{\"@type\":\"ImageObject\",\"inLanguage\":\"es\",\"@id\":\"\\\/\\\/www.gravatar.com\\\/avatar\\\/ec6515be259d60bfd92b65898c83fa2f?s=96&#038;r=g&#038;d=mm\",\"url\":\"\\\/\\\/www.gravatar.com\\\/avatar\\\/ec6515be259d60bfd92b65898c83fa2f?s=96&#038;r=g&#038;d=mm\",\"contentUrl\":\"\\\/\\\/www.gravatar.com\\\/avatar\\\/ec6515be259d60bfd92b65898c83fa2f?s=96&#038;r=g&#038;d=mm\",\"caption\":\"Christiano Btf\"},\"description\":\"En tant que fervent amateur de connaissances et de d\u00e9couvertes, je m'efforce de vous offrir un contenu informatif et stimulant. Ma qu\u00eate consiste \u00e0 fournir des informations de qualit\u00e9, \u00e0 d\u00e9crypter l'actualit\u00e9 et \u00e0 partager des analyses perspicaces. Pour moi, comprendre et analyser les donn\u00e9es est bien plus qu'une passion, c'est un engagement envers l'enrichissement intellectuel. Rejoignez-moi dans cette aventure intellectuelle o\u00f9 la curiosit\u00e9, la r\u00e9flexion et la soif de connaissances se conjuguent pour offrir un regard approfondi sur le monde qui nous entoure.\",\"sameAs\":[\"https:\\\/\\\/www.christianobtf.com\",\"https:\\\/\\\/www.facebook.com\\\/christianobtf\",\"https:\\\/\\\/www.instagram.com\\\/christiano_btf\",\"https:\\\/\\\/x.com\\\/https:\\\/\\\/www.twitter.com\\\/christianobtf\",\"https:\\\/\\\/www.youtube.com\\\/@christianobtf\"],\"honorificSuffix\":\"Master\",\"award\":[\"Po\u00e9sie\",\"Litt\u00e9rature\"],\"knowsAbout\":[\"Actualit\u00e9\",\"Po\u00e9sie\",\"Business\"],\"knowsLanguage\":[\"Fran\u00e7ais\",\"Anglais\",\"Arabe\"],\"jobTitle\":\"Ing\u00e9nieur\",\"url\":\"https:\\\/\\\/www.christianobtf.com\\\/es\\\/author\\\/christianobtf\\\/\"}]}<\/script>\n<!-- \/ Yoast SEO Premium plugin. -->","yoast_head_json":{"title":"Apple anuncia la fecha de lanzamiento de su casco Vision Pro | Christiano Btf","description":"Sum\u00e9rgete en el universo futurista del Apple Vision Pro, un casco de realidad mixta revolucionario que ofrece una experiencia inmersiva sin igual gracias a sus caracter\u00edsticas tecnol\u00f3gicas avanzadas.","robots":{"index":"index","follow":"follow","max-snippet":"max-snippet:-1","max-image-preview":"max-image-preview:large","max-video-preview":"max-video-preview:-1"},"canonical":"https:\/\/www.christianobtf.com\/ar\/?p=17158","og_locale":"es_ES","og_type":"article","og_title":"Apple anuncia la fecha de lanzamiento de su casco Vision Pro","og_description":"Sum\u00e9rgete en el universo futurista del Apple Vision Pro, un casco de realidad mixta revolucionario que ofrece una experiencia inmersiva sin igual gracias a sus caracter\u00edsticas tecnol\u00f3gicas avanzadas.","og_url":"https:\/\/www.christianobtf.com\/ar\/?p=17158","og_site_name":"Christiano Btf","article_publisher":"https:\/\/www.facebook.com\/christianobtf","article_author":"https:\/\/www.facebook.com\/christianobtf","article_published_time":"2024-02-09T22:22:16+00:00","article_modified_time":"2024-02-09T22:40:39+00:00","og_image":[{"width":1600,"height":900,"url":"https:\/\/www.christianobtf.com\/wp-content\/uploads\/2024\/02\/apple-vision-pro-1.jpg","type":"image\/jpeg"}],"author":"Christiano Btf","twitter_card":"summary_large_image","twitter_description":"Sum\u00e9rgete en el universo futurista del Apple Vision Pro, un casco de realidad mixta revolucionario que ofrece una experiencia inmersiva sin igual gracias a sus caracter\u00edsticas tecnol\u00f3gicas avanzadas.","twitter_creator":"@https:\/\/www.twitter.com\/christianobtf","twitter_site":"@christianobtf","twitter_misc":{"Escrito por":"Christiano Btf<span class=\"bp-verified-badge\"><\/span>","Tiempo de lectura":"4 minutos"},"schema":{"@context":"https:\/\/schema.org","@graph":[{"@type":"Article","@id":"https:\/\/www.christianobtf.com\/ar\/?p=17158#article","isPartOf":{"@id":"https:\/\/www.christianobtf.com\/ar\/?p=17158"},"author":{"name":"Christiano Btf","@id":"https:\/\/www.christianobtf.com\/#\/schema\/person\/d4f35eeee402432e37887b4633f17b95"},"headline":"Apple anuncia la fecha de lanzamiento de su casco Vision Pro","datePublished":"2024-02-09T22:22:16+00:00","dateModified":"2024-02-09T22:40:39+00:00","mainEntityOfPage":{"@id":"https:\/\/www.christianobtf.com\/ar\/?p=17158"},"wordCount":635,"commentCount":0,"publisher":{"@id":"https:\/\/www.christianobtf.com\/#organization"},"image":{"@id":"https:\/\/www.christianobtf.com\/ar\/?p=17158#primaryimage"},"thumbnailUrl":"https:\/\/i0.wp.com\/www.christianobtf.com\/wp-content\/uploads\/2024\/02\/apple-vision-pro-1.jpg?fit=1600%2C900&ssl=1","keywords":["Apple Vision Pro","Casco de VR","Experiencia inmersiva","Realidad mixta","Tecnolog\u00eda avanzada"],"articleSection":["Tecnolog\u00eda"],"inLanguage":"es","potentialAction":[{"@type":"CommentAction","name":"Comment","target":["https:\/\/www.christianobtf.com\/ar\/?p=17158#respond"]}]},{"@type":"WebPage","@id":"https:\/\/www.christianobtf.com\/ar\/?p=17158","url":"https:\/\/www.christianobtf.com\/ar\/?p=17158","name":"Apple anuncia la fecha de lanzamiento de su casco Vision Pro | Christiano Btf","isPartOf":{"@id":"https:\/\/www.christianobtf.com\/#website"},"primaryImageOfPage":{"@id":"https:\/\/www.christianobtf.com\/ar\/?p=17158#primaryimage"},"image":{"@id":"https:\/\/www.christianobtf.com\/ar\/?p=17158#primaryimage"},"thumbnailUrl":"https:\/\/i0.wp.com\/www.christianobtf.com\/wp-content\/uploads\/2024\/02\/apple-vision-pro-1.jpg?fit=1600%2C900&ssl=1","datePublished":"2024-02-09T22:22:16+00:00","dateModified":"2024-02-09T22:40:39+00:00","description":"Sum\u00e9rgete en el universo futurista del Apple Vision Pro, un casco de realidad mixta revolucionario que ofrece una experiencia inmersiva sin igual gracias a sus caracter\u00edsticas tecnol\u00f3gicas avanzadas.","breadcrumb":{"@id":"https:\/\/www.christianobtf.com\/ar\/?p=17158#breadcrumb"},"inLanguage":"es","potentialAction":[{"@type":"ReadAction","target":["https:\/\/www.christianobtf.com\/ar\/?p=17158"]}]},{"@type":"ImageObject","inLanguage":"es","@id":"https:\/\/www.christianobtf.com\/ar\/?p=17158#primaryimage","url":"https:\/\/i0.wp.com\/www.christianobtf.com\/wp-content\/uploads\/2024\/02\/apple-vision-pro-1.jpg?fit=1600%2C900&ssl=1","contentUrl":"https:\/\/i0.wp.com\/www.christianobtf.com\/wp-content\/uploads\/2024\/02\/apple-vision-pro-1.jpg?fit=1600%2C900&ssl=1","width":1600,"height":900,"caption":"\u00a9 Apple"},{"@type":"BreadcrumbList","@id":"https:\/\/www.christianobtf.com\/ar\/?p=17158#breadcrumb","itemListElement":[{"@type":"ListItem","position":1,"name":"Accueil","item":"https:\/\/www.christianobtf.com\/es\/"},{"@type":"ListItem","position":2,"name":"Apple anuncia la fecha de lanzamiento de su casco Vision Pro"}]},{"@type":"WebSite","@id":"https:\/\/www.christianobtf.com\/#website","url":"https:\/\/www.christianobtf.com\/","name":"Christiano Btf","description":"Avoir mati\u00e8res \u00e0 penser","publisher":{"@id":"https:\/\/www.christianobtf.com\/#organization"},"alternateName":"Christiano Btf","potentialAction":[{"@type":"SearchAction","target":{"@type":"EntryPoint","urlTemplate":"https:\/\/www.christianobtf.com\/?s={search_term_string}"},"query-input":{"@type":"PropertyValueSpecification","valueRequired":true,"valueName":"search_term_string"}}],"inLanguage":"es"},{"@type":"Organization","@id":"https:\/\/www.christianobtf.com\/#organization","name":"Christiano Btf","url":"https:\/\/www.christianobtf.com\/","logo":{"@type":"ImageObject","inLanguage":"es","@id":"https:\/\/www.christianobtf.com\/#\/schema\/logo\/image\/","url":"https:\/\/i0.wp.com\/www.christianobtf.com\/wp-content\/uploads\/2023\/06\/cropped-Christiano-btf-icon.png?fit=1919%2C576&ssl=1","contentUrl":"https:\/\/i0.wp.com\/www.christianobtf.com\/wp-content\/uploads\/2023\/06\/cropped-Christiano-btf-icon.png?fit=1919%2C576&ssl=1","width":1919,"height":576,"caption":"Christiano Btf"},"image":{"@id":"https:\/\/www.christianobtf.com\/#\/schema\/logo\/image\/"},"sameAs":["https:\/\/www.facebook.com\/christianobtf","https:\/\/x.com\/christianobtf","https:\/\/tiktok.com\/@christianobtf","https:\/\/www.youtube.com\/@christianobtf","https:\/\/www.instagram.com\/christiano_btf\/"]},{"@type":"Person","@id":"https:\/\/www.christianobtf.com\/#\/schema\/person\/d4f35eeee402432e37887b4633f17b95","name":"Christiano Btf","image":{"@type":"ImageObject","inLanguage":"es","@id":"\/\/www.gravatar.com\/avatar\/ec6515be259d60bfd92b65898c83fa2f?s=96&#038;r=g&#038;d=mm","url":"\/\/www.gravatar.com\/avatar\/ec6515be259d60bfd92b65898c83fa2f?s=96&#038;r=g&#038;d=mm","contentUrl":"\/\/www.gravatar.com\/avatar\/ec6515be259d60bfd92b65898c83fa2f?s=96&#038;r=g&#038;d=mm","caption":"Christiano Btf"},"description":"En tant que fervent amateur de connaissances et de d\u00e9couvertes, je m'efforce de vous offrir un contenu informatif et stimulant. Ma qu\u00eate consiste \u00e0 fournir des informations de qualit\u00e9, \u00e0 d\u00e9crypter l'actualit\u00e9 et \u00e0 partager des analyses perspicaces. Pour moi, comprendre et analyser les donn\u00e9es est bien plus qu'une passion, c'est un engagement envers l'enrichissement intellectuel. Rejoignez-moi dans cette aventure intellectuelle o\u00f9 la curiosit\u00e9, la r\u00e9flexion et la soif de connaissances se conjuguent pour offrir un regard approfondi sur le monde qui nous entoure.","sameAs":["https:\/\/www.christianobtf.com","https:\/\/www.facebook.com\/christianobtf","https:\/\/www.instagram.com\/christiano_btf","https:\/\/x.com\/https:\/\/www.twitter.com\/christianobtf","https:\/\/www.youtube.com\/@christianobtf"],"honorificSuffix":"Master","award":["Po\u00e9sie","Litt\u00e9rature"],"knowsAbout":["Actualit\u00e9","Po\u00e9sie","Business"],"knowsLanguage":["Fran\u00e7ais","Anglais","Arabe"],"jobTitle":"Ing\u00e9nieur","url":"https:\/\/www.christianobtf.com\/es\/author\/christianobtf\/"}]}},"jetpack_publicize_connections":[],"jetpack_featured_media_url":"https:\/\/i0.wp.com\/www.christianobtf.com\/wp-content\/uploads\/2024\/02\/apple-vision-pro-1.jpg?fit=1600%2C900&ssl=1","jetpack_sharing_enabled":true,"_links":{"self":[{"href":"https:\/\/www.christianobtf.com\/es\/wp-json\/wp\/v2\/posts\/17155","targetHints":{"allow":["GET"]}}],"collection":[{"href":"https:\/\/www.christianobtf.com\/es\/wp-json\/wp\/v2\/posts"}],"about":[{"href":"https:\/\/www.christianobtf.com\/es\/wp-json\/wp\/v2\/types\/post"}],"author":[{"embeddable":true,"href":"https:\/\/www.christianobtf.com\/es\/wp-json\/wp\/v2\/users\/1"}],"replies":[{"embeddable":true,"href":"https:\/\/www.christianobtf.com\/es\/wp-json\/wp\/v2\/comments?post=17155"}],"version-history":[{"count":1,"href":"https:\/\/www.christianobtf.com\/es\/wp-json\/wp\/v2\/posts\/17155\/revisions"}],"predecessor-version":[{"id":17157,"href":"https:\/\/www.christianobtf.com\/es\/wp-json\/wp\/v2\/posts\/17155\/revisions\/17157"}],"wp:featuredmedia":[{"embeddable":true,"href":"https:\/\/www.christianobtf.com\/es\/wp-json\/wp\/v2\/media\/17117"}],"wp:attachment":[{"href":"https:\/\/www.christianobtf.com\/es\/wp-json\/wp\/v2\/media?parent=17155"}],"wp:term":[{"taxonomy":"category","embeddable":true,"href":"https:\/\/www.christianobtf.com\/es\/wp-json\/wp\/v2\/categories?post=17155"},{"taxonomy":"post_tag","embeddable":true,"href":"https:\/\/www.christianobtf.com\/es\/wp-json\/wp\/v2\/tags?post=17155"}],"curies":[{"name":"wp","href":"https:\/\/api.w.org\/{rel}","templated":true}]}}