{"id":16448,"date":"2024-01-06T11:03:01","date_gmt":"2024-01-06T11:03:01","guid":{"rendered":"https:\/\/www.christianobtf.com\/?p=16448"},"modified":"2024-01-06T12:35:51","modified_gmt":"2024-01-06T12:35:51","slug":"tragedia-en-los-cielos-christian-oliver-estrella-de-alarm-fur-cobra-11-perece-en-un-accidente-aereo-en-el-caribe-a-los-51-anos","status":"publish","type":"post","link":"https:\/\/www.christianobtf.com\/es\/tragedia-en-los-cielos-christian-oliver-estrella-de-alarm-fur-cobra-11-perece-en-un-accidente-aereo-en-el-caribe-a-los-51-anos\/","title":{"rendered":"Tragedia en los Cielos: Christian Oliver, Estrella de &#8216;Alarm f\u00fcr Cobra 11&#8217;, Perece en un Accidente A\u00e9reo en el Caribe a los 51 A\u00f1os"},"content":{"rendered":"<p>El mundo del entretenimiento llora la repentina p\u00e9rdida del actor alem\u00e1n Christian Oliver, c\u00e9lebre por sus roles memorables en series ic\u00f3nicas como <em><strong>\u00abAlarm f\u00fcr Cobra 11\u00bb<\/strong><\/em> y <em><strong>\u00abSalvados por la Campana\u00bb<\/strong><\/em>. Una tragedia golpe\u00f3 el 5 de enero de 2024, cuando el avi\u00f3n que transportaba al actor y a sus dos hijas se sumergi\u00f3 en las aguas del Caribe poco despu\u00e9s de despegar.<\/p>\n<div id=\"ez-toc-container\" class=\"ez-toc-v2_0_82_2 counter-hierarchy ez-toc-counter ez-toc-transparent ez-toc-container-direction\">\n<div class=\"ez-toc-title-container\">\n<p class=\"ez-toc-title\" style=\"cursor:inherit\">Table of Contents<\/p>\n<span class=\"ez-toc-title-toggle\"><a href=\"#\" class=\"ez-toc-pull-right ez-toc-btn ez-toc-btn-xs ez-toc-btn-default ez-toc-toggle\" aria-label=\"Alternar tabla de contenidos\"><span class=\"ez-toc-js-icon-con\"><span class=\"\"><span class=\"eztoc-hide\" style=\"display:none;\">Toggle<\/span><span class=\"ez-toc-icon-toggle-span\"><svg style=\"fill: #1e73be;color:#1e73be\" xmlns=\"http:\/\/www.w3.org\/2000\/svg\" class=\"list-377408\" width=\"20px\" height=\"20px\" viewBox=\"0 0 24 24\" fill=\"none\"><path d=\"M6 6H4v2h2V6zm14 0H8v2h12V6zM4 11h2v2H4v-2zm16 0H8v2h12v-2zM4 16h2v2H4v-2zm16 0H8v2h12v-2z\" fill=\"currentColor\"><\/path><\/svg><svg style=\"fill: #1e73be;color:#1e73be\" class=\"arrow-unsorted-368013\" xmlns=\"http:\/\/www.w3.org\/2000\/svg\" width=\"10px\" height=\"10px\" viewBox=\"0 0 24 24\" version=\"1.2\" baseProfile=\"tiny\"><path d=\"M18.2 9.3l-6.2-6.3-6.2 6.3c-.2.2-.3.4-.3.7s.1.5.3.7c.2.2.4.3.7.3h11c.3 0 .5-.1.7-.3.2-.2.3-.5.3-.7s-.1-.5-.3-.7zM5.8 14.7l6.2 6.3 6.2-6.3c.2-.2.3-.5.3-.7s-.1-.5-.3-.7c-.2-.2-.4-.3-.7-.3h-11c-.3 0-.5.1-.7.3-.2.2-.3.5-.3.7s.1.5.3.7z\"\/><\/svg><\/span><\/span><\/span><\/a><\/span><\/div>\n<nav><ul class='ez-toc-list ez-toc-list-level-1 eztoc-toggle-hide-by-default' ><li class='ez-toc-page-1 ez-toc-heading-level-3'><a class=\"ez-toc-link ez-toc-heading-1\" href=\"https:\/\/www.christianobtf.com\/es\/tragedia-en-los-cielos-christian-oliver-estrella-de-alarm-fur-cobra-11-perece-en-un-accidente-aereo-en-el-caribe-a-los-51-anos\/#La_Desaparicion_de_un_Icono_de_la_Pequena_Pantalla\" >La Desaparici\u00f3n de un Icono de la Peque\u00f1a Pantalla<\/a><ul class='ez-toc-list-level-4' ><li class='ez-toc-heading-level-4'><a class=\"ez-toc-link ez-toc-heading-2\" href=\"https:\/\/www.christianobtf.com\/es\/tragedia-en-los-cielos-christian-oliver-estrella-de-alarm-fur-cobra-11-perece-en-un-accidente-aereo-en-el-caribe-a-los-51-anos\/#Seccion_1_Las_Circunstancias_de_la_Tragedia\" >Secci\u00f3n 1: Las Circunstancias de la Tragedia<\/a><\/li><li class='ez-toc-page-1 ez-toc-heading-level-4'><a class=\"ez-toc-link ez-toc-heading-3\" href=\"https:\/\/www.christianobtf.com\/es\/tragedia-en-los-cielos-christian-oliver-estrella-de-alarm-fur-cobra-11-perece-en-un-accidente-aereo-en-el-caribe-a-los-51-anos\/#Seccion_2_Una_Carrera_Cinematografica_Estelar\" >Secci\u00f3n 2: Una Carrera Cinematogr\u00e1fica Estelar<\/a><\/li><\/ul><\/li><li class='ez-toc-page-1 ez-toc-heading-level-3'><a class=\"ez-toc-link ez-toc-heading-4\" href=\"https:\/\/www.christianobtf.com\/es\/tragedia-en-los-cielos-christian-oliver-estrella-de-alarm-fur-cobra-11-perece-en-un-accidente-aereo-en-el-caribe-a-los-51-anos\/#Homenaje_a_un_Actor_Versatil\" >Homenaje a un Actor Vers\u00e1til<\/a><ul class='ez-toc-list-level-4' ><li class='ez-toc-heading-level-4'><a class=\"ez-toc-link ez-toc-heading-5\" href=\"https:\/\/www.christianobtf.com\/es\/tragedia-en-los-cielos-christian-oliver-estrella-de-alarm-fur-cobra-11-perece-en-un-accidente-aereo-en-el-caribe-a-los-51-anos\/#Seccion_3_El_Legado_de_un_Artista\" >Secci\u00f3n 3: El Legado de un Artista<\/a><\/li><li class='ez-toc-page-1 ez-toc-heading-level-4'><a class=\"ez-toc-link ez-toc-heading-6\" href=\"https:\/\/www.christianobtf.com\/es\/tragedia-en-los-cielos-christian-oliver-estrella-de-alarm-fur-cobra-11-perece-en-un-accidente-aereo-en-el-caribe-a-los-51-anos\/#Seccion_4_Una_Despedida_Desgarradora\" >Secci\u00f3n 4: Una Despedida Desgarradora<\/a><\/li><\/ul><\/li><li class='ez-toc-page-1 ez-toc-heading-level-3'><a class=\"ez-toc-link ez-toc-heading-7\" href=\"https:\/\/www.christianobtf.com\/es\/tragedia-en-los-cielos-christian-oliver-estrella-de-alarm-fur-cobra-11-perece-en-un-accidente-aereo-en-el-caribe-a-los-51-anos\/#Un_Legado_Inmortal\" >Un Legado Inmortal<\/a><\/li><\/ul><\/nav><\/div>\n<h3><span class=\"ez-toc-section\" id=\"La_Desaparicion_de_un_Icono_de_la_Pequena_Pantalla\"><\/span><strong>La Desaparici\u00f3n de un Icono de la Peque\u00f1a Pantalla<\/strong><span class=\"ez-toc-section-end\"><\/span><\/h3>\n<h4><span class=\"ez-toc-section\" id=\"Seccion_1_Las_Circunstancias_de_la_Tragedia\"><\/span><strong>Secci\u00f3n 1: Las Circunstancias de la Tragedia<\/strong><span class=\"ez-toc-section-end\"><\/span><\/h4>\n<p>El peque\u00f1o avi\u00f3n, que parti\u00f3 de la isla de Bequia con destino a Santa Luc\u00eda, sufri\u00f3 un destino tr\u00e1gico <em><strong>\u00abmomentos despu\u00e9s del despegue\u00bb<\/strong><\/em>. Los cuerpos de Christian Oliver y sus dos hijas adolescentes, fallecidos en el accidente, fueron recuperados por la Guardia Costera. Se est\u00e1 llevando a cabo una autopsia para desentra\u00f1ar las circunstancias exactas de esta tragedia a\u00e9rea.<\/p>\n<h4><span class=\"ez-toc-section\" id=\"Seccion_2_Una_Carrera_Cinematografica_Estelar\"><\/span><strong>Secci\u00f3n 2: Una Carrera Cinematogr\u00e1fica Estelar<\/strong><span class=\"ez-toc-section-end\"><\/span><\/h4>\n<p>Nacido en Celles, Alemania, en 1972, Christian Oliver, a los 51 a\u00f1os, deja tras de s\u00ed una carrera llena de \u00e9xitos tanto en Alemania como en Hollywood. Brill\u00f3 en producciones memorables como <em><strong>\u00abSpeed Racer\u00bb<\/strong><\/em> e <em><strong>\u00abIndiana Jones y el Dial del Destino\u00bb<\/strong><\/em>. Su talento y presencia en pantalla han dejado una huella imborrable en generaciones de fan\u00e1ticos.<\/p>\n<h3><span class=\"ez-toc-section\" id=\"Homenaje_a_un_Actor_Versatil\"><\/span><strong>Homenaje a un Actor Vers\u00e1til<\/strong><span class=\"ez-toc-section-end\"><\/span><\/h3>\n<h4><span class=\"ez-toc-section\" id=\"Seccion_3_El_Legado_de_un_Artista\"><\/span><strong>Secci\u00f3n 3: El Legado de un Artista<\/strong><span class=\"ez-toc-section-end\"><\/span><\/h4>\n<p>Christian Oliver, tambi\u00e9n conocido por su nombre de nacimiento Christian Klepser, interpret\u00f3 diversos roles, convirti\u00e9ndose en una figura indispensable en el mundo del entretenimiento. Desde <em><strong>\u00abAlarm f\u00fcr Cobra 11\u00bb<\/strong><\/em> hasta <em><strong>\u00abSalvados por la Campana\u00bb<\/strong><\/em>, pasando por colaboraciones junto a Pamela Anderson en la serie <em><strong>\u00abV.I.P.\u00bb<\/strong><\/em>, ha dejado una huella imborrable en la industria cinematogr\u00e1fica.<\/p>\n<blockquote><p><em><strong><a href=\"https:\/\/www.christianobtf.com\/es\/rechazo-de-la-ley-de-inmigracion-gerald-darmanin-en-la-encrucijada\/\">Rechazo de la Ley de Inmigraci\u00f3n: G\u00e9rald Darmanin en la encrucijada<\/a><\/strong><\/em><\/p><\/blockquote>\n<h4><span class=\"ez-toc-section\" id=\"Seccion_4_Una_Despedida_Desgarradora\"><\/span><strong>Secci\u00f3n 4: Una Despedida Desgarradora<\/strong><span class=\"ez-toc-section-end\"><\/span><\/h4>\n<p>La p\u00e9rdida de dos vidas j\u00f3venes, sus hijas de solo 10 y 12 a\u00f1os, a\u00f1ade una dimensi\u00f3n conmovedora a esta tragedia. El mundo llora no solo la desaparici\u00f3n de un talentoso actor, sino tambi\u00e9n la de un padre amoroso.<\/p>\n<h3><span class=\"ez-toc-section\" id=\"Un_Legado_Inmortal\"><\/span><strong>Un Legado Inmortal<\/strong><span class=\"ez-toc-section-end\"><\/span><\/h3>\n<p>M\u00e1s all\u00e1 de su talento art\u00edstico, Christian Oliver ser\u00e1 recordado por su contribuci\u00f3n excepcional al mundo del entretenimiento. Mientras contin\u00faa la investigaci\u00f3n sobre el accidente, el mundo lo recordar\u00e1 como una estrella fugaz que ilumin\u00f3 nuestras pantallas de televisi\u00f3n y salas de cine.<\/p>\n<p><em>La noticia de la desaparici\u00f3n de Christian Oliver sigue siendo un shock, un recordatorio conmovedor de la fragilidad de la vida, incluso para aquellos que viven bajo las luces de los reflectores.<\/em><\/p>\n","protected":false},"excerpt":{"rendered":"<p>La repentina p\u00e9rdida de Christian Oliver, renombrado actor alem\u00e1n de series ic\u00f3nicas como \u00abAlarm f\u00fcr Cobra 11\u00bb, se desarrolla en un tr\u00e1gico accidente de avi\u00f3n en el Caribe, cobr\u00e1ndose tambi\u00e9n las vidas de sus dos hijas adolescentes. Este art\u00edculo rinde homenaje a su destacada carrera mientras explora las desgarradoras circunstancias de esta p\u00e9rdida inesperada.<\/p>\n","protected":false},"author":1,"featured_media":16432,"comment_status":"open","ping_status":"open","sticky":false,"template":"","format":"standard","meta":{"jetpack_post_was_ever_published":false,"_jetpack_newsletter_access":"","_jetpack_dont_email_post_to_subs":false,"_jetpack_newsletter_tier_id":0,"_jetpack_memberships_contains_paywalled_content":false,"_jetpack_memberships_contains_paid_content":false,"footnotes":"","jetpack_publicize_message":"","jetpack_publicize_feature_enabled":true,"jetpack_social_post_already_shared":false,"jetpack_social_options":{"image_generator_settings":{"template":"highway","default_image_id":0,"font":"","enabled":false},"version":2}},"categories":[3475],"tags":[5418,5420,5419,5422,5421],"class_list":["post-16448","post","type-post","status-publish","format-standard","has-post-thumbnail","hentry","category-obituario","tag-alarm-fur-cobra-11","tag-caribe","tag-choque-de-avion","tag-christian-oliver-es","tag-tragedia-aerea"],"yoast_head":"<!-- This site is optimized with the Yoast SEO Premium plugin v22.6 (Yoast SEO v27.5) - https:\/\/yoast.com\/product\/yoast-seo-premium-wordpress\/ -->\n<title>Tragedia en los Cielos: Christian Oliver, Estrella de &#039;Alarm f\u00fcr Cobra 11&#039;, Perece en un Accidente A\u00e9reo en el Caribe a los 51 A\u00f1os | Christiano Btf<\/title>\n<meta name=\"description\" content=\"La repentina p\u00e9rdida de Christian Oliver, renombrado actor alem\u00e1n de series ic\u00f3nicas como &quot;Alarm f\u00fcr Cobra 11&quot;, se desarrolla en un tr\u00e1gico accidente de avi\u00f3n en el Caribe, cobr\u00e1ndose tambi\u00e9n las vidas de sus dos hijas adolescentes. Este art\u00edculo rinde homenaje a su destacada carrera mientras explora las desgarradoras circunstancias de esta p\u00e9rdida inesperada.\" \/>\n<meta name=\"robots\" content=\"index, follow, max-snippet:-1, max-image-preview:large, max-video-preview:-1\" \/>\n<link rel=\"canonical\" href=\"https:\/\/www.christianobtf.com\/es\/tragedia-en-los-cielos-christian-oliver-estrella-de-alarm-fur-cobra-11-perece-en-un-accidente-aereo-en-el-caribe-a-los-51-anos\/\" \/>\n<meta property=\"og:locale\" content=\"es_ES\" \/>\n<meta property=\"og:type\" content=\"article\" \/>\n<meta property=\"og:title\" content=\"Tragedia en los Cielos: Christian Oliver, Estrella de &#039;Alarm f\u00fcr Cobra 11&#039;, Perece en un Accidente A\u00e9reo en el Caribe a los 51 A\u00f1os\" \/>\n<meta property=\"og:description\" content=\"La repentina p\u00e9rdida de Christian Oliver, renombrado actor alem\u00e1n de series ic\u00f3nicas como &quot;Alarm f\u00fcr Cobra 11&quot;, se desarrolla en un tr\u00e1gico accidente de avi\u00f3n en el Caribe, cobr\u00e1ndose tambi\u00e9n las vidas de sus dos hijas adolescentes. Este art\u00edculo rinde homenaje a su destacada carrera mientras explora las desgarradoras circunstancias de esta p\u00e9rdida inesperada.\" \/>\n<meta property=\"og:url\" content=\"https:\/\/www.christianobtf.com\/es\/tragedia-en-los-cielos-christian-oliver-estrella-de-alarm-fur-cobra-11-perece-en-un-accidente-aereo-en-el-caribe-a-los-51-anos\/\" \/>\n<meta property=\"og:site_name\" content=\"Christiano Btf\" \/>\n<meta property=\"article:publisher\" content=\"https:\/\/www.facebook.com\/christianobtf\" \/>\n<meta property=\"article:author\" content=\"https:\/\/www.facebook.com\/christianobtf\" \/>\n<meta property=\"article:published_time\" content=\"2024-01-06T11:03:01+00:00\" \/>\n<meta property=\"article:modified_time\" content=\"2024-01-06T12:35:51+00:00\" \/>\n<meta property=\"og:image\" content=\"https:\/\/www.christianobtf.com\/wp-content\/uploads\/2024\/01\/1642875-l-acteur-christian-oliver-avait-51-ans.jpg\" \/>\n\t<meta property=\"og:image:width\" content=\"770\" \/>\n\t<meta property=\"og:image:height\" content=\"513\" \/>\n\t<meta property=\"og:image:type\" content=\"image\/jpeg\" \/>\n<meta name=\"author\" content=\"Christiano Btf\" \/>\n<meta name=\"twitter:card\" content=\"summary_large_image\" \/>\n<meta name=\"twitter:creator\" content=\"@https:\/\/www.twitter.com\/christianobtf\" \/>\n<meta name=\"twitter:site\" content=\"@christianobtf\" \/>\n<meta name=\"twitter:label1\" content=\"Escrito por\" \/>\n\t<meta name=\"twitter:data1\" content=\"Christiano Btf&lt;span class=&quot;bp-verified-badge&quot;&gt;&lt;\/span&gt;\" \/>\n\t<meta name=\"twitter:label2\" content=\"Tiempo de lectura\" \/>\n\t<meta name=\"twitter:data2\" content=\"3 minutos\" \/>\n<script type=\"application\/ld+json\" class=\"yoast-schema-graph\">{\"@context\":\"https:\\\/\\\/schema.org\",\"@graph\":[{\"@type\":\"Article\",\"@id\":\"https:\\\/\\\/www.christianobtf.com\\\/es\\\/tragedia-en-los-cielos-christian-oliver-estrella-de-alarm-fur-cobra-11-perece-en-un-accidente-aereo-en-el-caribe-a-los-51-anos\\\/#article\",\"isPartOf\":{\"@id\":\"https:\\\/\\\/www.christianobtf.com\\\/es\\\/tragedia-en-los-cielos-christian-oliver-estrella-de-alarm-fur-cobra-11-perece-en-un-accidente-aereo-en-el-caribe-a-los-51-anos\\\/\"},\"author\":{\"name\":\"Christiano Btf\",\"@id\":\"https:\\\/\\\/www.christianobtf.com\\\/#\\\/schema\\\/person\\\/d4f35eeee402432e37887b4633f17b95\"},\"headline\":\"Tragedia en los Cielos: Christian Oliver, Estrella de &#8216;Alarm f\u00fcr Cobra 11&#8217;, Perece en un Accidente A\u00e9reo en el Caribe a los 51 A\u00f1os\",\"datePublished\":\"2024-01-06T11:03:01+00:00\",\"dateModified\":\"2024-01-06T12:35:51+00:00\",\"mainEntityOfPage\":{\"@id\":\"https:\\\/\\\/www.christianobtf.com\\\/es\\\/tragedia-en-los-cielos-christian-oliver-estrella-de-alarm-fur-cobra-11-perece-en-un-accidente-aereo-en-el-caribe-a-los-51-anos\\\/\"},\"wordCount\":459,\"commentCount\":0,\"publisher\":{\"@id\":\"https:\\\/\\\/www.christianobtf.com\\\/#organization\"},\"image\":{\"@id\":\"https:\\\/\\\/www.christianobtf.com\\\/es\\\/tragedia-en-los-cielos-christian-oliver-estrella-de-alarm-fur-cobra-11-perece-en-un-accidente-aereo-en-el-caribe-a-los-51-anos\\\/#primaryimage\"},\"thumbnailUrl\":\"https:\\\/\\\/i0.wp.com\\\/www.christianobtf.com\\\/wp-content\\\/uploads\\\/2024\\\/01\\\/1642875-l-acteur-christian-oliver-avait-51-ans.jpg?fit=770%2C513&ssl=1\",\"keywords\":[\"Alarm f\u00fcr Cobra 11\",\"Caribe\",\"Choque de Avi\u00f3n\",\"Christian Oliver\",\"Tragedia A\u00e9rea\"],\"articleSection\":[\"Obituario\"],\"inLanguage\":\"es\",\"potentialAction\":[{\"@type\":\"CommentAction\",\"name\":\"Comment\",\"target\":[\"https:\\\/\\\/www.christianobtf.com\\\/es\\\/tragedia-en-los-cielos-christian-oliver-estrella-de-alarm-fur-cobra-11-perece-en-un-accidente-aereo-en-el-caribe-a-los-51-anos\\\/#respond\"]}]},{\"@type\":\"WebPage\",\"@id\":\"https:\\\/\\\/www.christianobtf.com\\\/es\\\/tragedia-en-los-cielos-christian-oliver-estrella-de-alarm-fur-cobra-11-perece-en-un-accidente-aereo-en-el-caribe-a-los-51-anos\\\/\",\"url\":\"https:\\\/\\\/www.christianobtf.com\\\/es\\\/tragedia-en-los-cielos-christian-oliver-estrella-de-alarm-fur-cobra-11-perece-en-un-accidente-aereo-en-el-caribe-a-los-51-anos\\\/\",\"name\":\"Tragedia en los Cielos: Christian Oliver, Estrella de 'Alarm f\u00fcr Cobra 11', Perece en un Accidente A\u00e9reo en el Caribe a los 51 A\u00f1os | Christiano Btf\",\"isPartOf\":{\"@id\":\"https:\\\/\\\/www.christianobtf.com\\\/#website\"},\"primaryImageOfPage\":{\"@id\":\"https:\\\/\\\/www.christianobtf.com\\\/es\\\/tragedia-en-los-cielos-christian-oliver-estrella-de-alarm-fur-cobra-11-perece-en-un-accidente-aereo-en-el-caribe-a-los-51-anos\\\/#primaryimage\"},\"image\":{\"@id\":\"https:\\\/\\\/www.christianobtf.com\\\/es\\\/tragedia-en-los-cielos-christian-oliver-estrella-de-alarm-fur-cobra-11-perece-en-un-accidente-aereo-en-el-caribe-a-los-51-anos\\\/#primaryimage\"},\"thumbnailUrl\":\"https:\\\/\\\/i0.wp.com\\\/www.christianobtf.com\\\/wp-content\\\/uploads\\\/2024\\\/01\\\/1642875-l-acteur-christian-oliver-avait-51-ans.jpg?fit=770%2C513&ssl=1\",\"datePublished\":\"2024-01-06T11:03:01+00:00\",\"dateModified\":\"2024-01-06T12:35:51+00:00\",\"description\":\"La repentina p\u00e9rdida de Christian Oliver, renombrado actor alem\u00e1n de series ic\u00f3nicas como \\\"Alarm f\u00fcr Cobra 11\\\", se desarrolla en un tr\u00e1gico accidente de avi\u00f3n en el Caribe, cobr\u00e1ndose tambi\u00e9n las vidas de sus dos hijas adolescentes. Este art\u00edculo rinde homenaje a su destacada carrera mientras explora las desgarradoras circunstancias de esta p\u00e9rdida inesperada.\",\"breadcrumb\":{\"@id\":\"https:\\\/\\\/www.christianobtf.com\\\/es\\\/tragedia-en-los-cielos-christian-oliver-estrella-de-alarm-fur-cobra-11-perece-en-un-accidente-aereo-en-el-caribe-a-los-51-anos\\\/#breadcrumb\"},\"inLanguage\":\"es\",\"potentialAction\":[{\"@type\":\"ReadAction\",\"target\":[\"https:\\\/\\\/www.christianobtf.com\\\/es\\\/tragedia-en-los-cielos-christian-oliver-estrella-de-alarm-fur-cobra-11-perece-en-un-accidente-aereo-en-el-caribe-a-los-51-anos\\\/\"]}]},{\"@type\":\"ImageObject\",\"inLanguage\":\"es\",\"@id\":\"https:\\\/\\\/www.christianobtf.com\\\/es\\\/tragedia-en-los-cielos-christian-oliver-estrella-de-alarm-fur-cobra-11-perece-en-un-accidente-aereo-en-el-caribe-a-los-51-anos\\\/#primaryimage\",\"url\":\"https:\\\/\\\/i0.wp.com\\\/www.christianobtf.com\\\/wp-content\\\/uploads\\\/2024\\\/01\\\/1642875-l-acteur-christian-oliver-avait-51-ans.jpg?fit=770%2C513&ssl=1\",\"contentUrl\":\"https:\\\/\\\/i0.wp.com\\\/www.christianobtf.com\\\/wp-content\\\/uploads\\\/2024\\\/01\\\/1642875-l-acteur-christian-oliver-avait-51-ans.jpg?fit=770%2C513&ssl=1\",\"width\":770,\"height\":513,\"caption\":\"La repentina p\u00e9rdida de Christian Olive 51 anos. Cr\u00e9dit : Frazer Harrison \\\/ GETTY IMAGES NORTH AMERICA \\\/ AFP\"},{\"@type\":\"BreadcrumbList\",\"@id\":\"https:\\\/\\\/www.christianobtf.com\\\/es\\\/tragedia-en-los-cielos-christian-oliver-estrella-de-alarm-fur-cobra-11-perece-en-un-accidente-aereo-en-el-caribe-a-los-51-anos\\\/#breadcrumb\",\"itemListElement\":[{\"@type\":\"ListItem\",\"position\":1,\"name\":\"Accueil\",\"item\":\"https:\\\/\\\/www.christianobtf.com\\\/es\\\/\"},{\"@type\":\"ListItem\",\"position\":2,\"name\":\"Tragedia en los Cielos: Christian Oliver, Estrella de &lsquo;Alarm f\u00fcr Cobra 11&rsquo;, Perece en un Accidente A\u00e9reo en el Caribe a los 51 A\u00f1os\"}]},{\"@type\":\"WebSite\",\"@id\":\"https:\\\/\\\/www.christianobtf.com\\\/#website\",\"url\":\"https:\\\/\\\/www.christianobtf.com\\\/\",\"name\":\"Christiano Btf\",\"description\":\"Avoir mati\u00e8res \u00e0 penser\",\"publisher\":{\"@id\":\"https:\\\/\\\/www.christianobtf.com\\\/#organization\"},\"alternateName\":\"Christiano Btf\",\"potentialAction\":[{\"@type\":\"SearchAction\",\"target\":{\"@type\":\"EntryPoint\",\"urlTemplate\":\"https:\\\/\\\/www.christianobtf.com\\\/?s={search_term_string}\"},\"query-input\":{\"@type\":\"PropertyValueSpecification\",\"valueRequired\":true,\"valueName\":\"search_term_string\"}}],\"inLanguage\":\"es\"},{\"@type\":\"Organization\",\"@id\":\"https:\\\/\\\/www.christianobtf.com\\\/#organization\",\"name\":\"Christiano Btf\",\"url\":\"https:\\\/\\\/www.christianobtf.com\\\/\",\"logo\":{\"@type\":\"ImageObject\",\"inLanguage\":\"es\",\"@id\":\"https:\\\/\\\/www.christianobtf.com\\\/#\\\/schema\\\/logo\\\/image\\\/\",\"url\":\"https:\\\/\\\/i0.wp.com\\\/www.christianobtf.com\\\/wp-content\\\/uploads\\\/2023\\\/06\\\/cropped-Christiano-btf-icon.png?fit=1919%2C576&ssl=1\",\"contentUrl\":\"https:\\\/\\\/i0.wp.com\\\/www.christianobtf.com\\\/wp-content\\\/uploads\\\/2023\\\/06\\\/cropped-Christiano-btf-icon.png?fit=1919%2C576&ssl=1\",\"width\":1919,\"height\":576,\"caption\":\"Christiano Btf\"},\"image\":{\"@id\":\"https:\\\/\\\/www.christianobtf.com\\\/#\\\/schema\\\/logo\\\/image\\\/\"},\"sameAs\":[\"https:\\\/\\\/www.facebook.com\\\/christianobtf\",\"https:\\\/\\\/x.com\\\/christianobtf\",\"https:\\\/\\\/tiktok.com\\\/@christianobtf\",\"https:\\\/\\\/www.youtube.com\\\/@christianobtf\",\"https:\\\/\\\/www.instagram.com\\\/christiano_btf\\\/\"]},{\"@type\":\"Person\",\"@id\":\"https:\\\/\\\/www.christianobtf.com\\\/#\\\/schema\\\/person\\\/d4f35eeee402432e37887b4633f17b95\",\"name\":\"Christiano Btf\",\"image\":{\"@type\":\"ImageObject\",\"inLanguage\":\"es\",\"@id\":\"\\\/\\\/www.gravatar.com\\\/avatar\\\/ec6515be259d60bfd92b65898c83fa2f?s=96&#038;r=g&#038;d=mm\",\"url\":\"\\\/\\\/www.gravatar.com\\\/avatar\\\/ec6515be259d60bfd92b65898c83fa2f?s=96&#038;r=g&#038;d=mm\",\"contentUrl\":\"\\\/\\\/www.gravatar.com\\\/avatar\\\/ec6515be259d60bfd92b65898c83fa2f?s=96&#038;r=g&#038;d=mm\",\"caption\":\"Christiano Btf\"},\"description\":\"En tant que fervent amateur de connaissances et de d\u00e9couvertes, je m'efforce de vous offrir un contenu informatif et stimulant. Ma qu\u00eate consiste \u00e0 fournir des informations de qualit\u00e9, \u00e0 d\u00e9crypter l'actualit\u00e9 et \u00e0 partager des analyses perspicaces. Pour moi, comprendre et analyser les donn\u00e9es est bien plus qu'une passion, c'est un engagement envers l'enrichissement intellectuel. Rejoignez-moi dans cette aventure intellectuelle o\u00f9 la curiosit\u00e9, la r\u00e9flexion et la soif de connaissances se conjuguent pour offrir un regard approfondi sur le monde qui nous entoure.\",\"sameAs\":[\"https:\\\/\\\/www.christianobtf.com\",\"https:\\\/\\\/www.facebook.com\\\/christianobtf\",\"https:\\\/\\\/www.instagram.com\\\/christiano_btf\",\"https:\\\/\\\/x.com\\\/https:\\\/\\\/www.twitter.com\\\/christianobtf\",\"https:\\\/\\\/www.youtube.com\\\/@christianobtf\"],\"honorificSuffix\":\"Master\",\"award\":[\"Po\u00e9sie\",\"Litt\u00e9rature\"],\"knowsAbout\":[\"Actualit\u00e9\",\"Po\u00e9sie\",\"Business\"],\"knowsLanguage\":[\"Fran\u00e7ais\",\"Anglais\",\"Arabe\"],\"jobTitle\":\"Ing\u00e9nieur\",\"url\":\"https:\\\/\\\/www.christianobtf.com\\\/es\\\/author\\\/christianobtf\\\/\"}]}<\/script>\n<!-- \/ Yoast SEO Premium plugin. -->","yoast_head_json":{"title":"Tragedia en los Cielos: Christian Oliver, Estrella de 'Alarm f\u00fcr Cobra 11', Perece en un Accidente A\u00e9reo en el Caribe a los 51 A\u00f1os | Christiano Btf","description":"La repentina p\u00e9rdida de Christian Oliver, renombrado actor alem\u00e1n de series ic\u00f3nicas como \"Alarm f\u00fcr Cobra 11\", se desarrolla en un tr\u00e1gico accidente de avi\u00f3n en el Caribe, cobr\u00e1ndose tambi\u00e9n las vidas de sus dos hijas adolescentes. Este art\u00edculo rinde homenaje a su destacada carrera mientras explora las desgarradoras circunstancias de esta p\u00e9rdida inesperada.","robots":{"index":"index","follow":"follow","max-snippet":"max-snippet:-1","max-image-preview":"max-image-preview:large","max-video-preview":"max-video-preview:-1"},"canonical":"https:\/\/www.christianobtf.com\/es\/tragedia-en-los-cielos-christian-oliver-estrella-de-alarm-fur-cobra-11-perece-en-un-accidente-aereo-en-el-caribe-a-los-51-anos\/","og_locale":"es_ES","og_type":"article","og_title":"Tragedia en los Cielos: Christian Oliver, Estrella de 'Alarm f\u00fcr Cobra 11', Perece en un Accidente A\u00e9reo en el Caribe a los 51 A\u00f1os","og_description":"La repentina p\u00e9rdida de Christian Oliver, renombrado actor alem\u00e1n de series ic\u00f3nicas como \"Alarm f\u00fcr Cobra 11\", se desarrolla en un tr\u00e1gico accidente de avi\u00f3n en el Caribe, cobr\u00e1ndose tambi\u00e9n las vidas de sus dos hijas adolescentes. Este art\u00edculo rinde homenaje a su destacada carrera mientras explora las desgarradoras circunstancias de esta p\u00e9rdida inesperada.","og_url":"https:\/\/www.christianobtf.com\/es\/tragedia-en-los-cielos-christian-oliver-estrella-de-alarm-fur-cobra-11-perece-en-un-accidente-aereo-en-el-caribe-a-los-51-anos\/","og_site_name":"Christiano Btf","article_publisher":"https:\/\/www.facebook.com\/christianobtf","article_author":"https:\/\/www.facebook.com\/christianobtf","article_published_time":"2024-01-06T11:03:01+00:00","article_modified_time":"2024-01-06T12:35:51+00:00","og_image":[{"width":770,"height":513,"url":"https:\/\/www.christianobtf.com\/wp-content\/uploads\/2024\/01\/1642875-l-acteur-christian-oliver-avait-51-ans.jpg","type":"image\/jpeg"}],"author":"Christiano Btf","twitter_card":"summary_large_image","twitter_creator":"@https:\/\/www.twitter.com\/christianobtf","twitter_site":"@christianobtf","twitter_misc":{"Escrito por":"Christiano Btf<span class=\"bp-verified-badge\"><\/span>","Tiempo de lectura":"3 minutos"},"schema":{"@context":"https:\/\/schema.org","@graph":[{"@type":"Article","@id":"https:\/\/www.christianobtf.com\/es\/tragedia-en-los-cielos-christian-oliver-estrella-de-alarm-fur-cobra-11-perece-en-un-accidente-aereo-en-el-caribe-a-los-51-anos\/#article","isPartOf":{"@id":"https:\/\/www.christianobtf.com\/es\/tragedia-en-los-cielos-christian-oliver-estrella-de-alarm-fur-cobra-11-perece-en-un-accidente-aereo-en-el-caribe-a-los-51-anos\/"},"author":{"name":"Christiano Btf","@id":"https:\/\/www.christianobtf.com\/#\/schema\/person\/d4f35eeee402432e37887b4633f17b95"},"headline":"Tragedia en los Cielos: Christian Oliver, Estrella de &#8216;Alarm f\u00fcr Cobra 11&#8217;, Perece en un Accidente A\u00e9reo en el Caribe a los 51 A\u00f1os","datePublished":"2024-01-06T11:03:01+00:00","dateModified":"2024-01-06T12:35:51+00:00","mainEntityOfPage":{"@id":"https:\/\/www.christianobtf.com\/es\/tragedia-en-los-cielos-christian-oliver-estrella-de-alarm-fur-cobra-11-perece-en-un-accidente-aereo-en-el-caribe-a-los-51-anos\/"},"wordCount":459,"commentCount":0,"publisher":{"@id":"https:\/\/www.christianobtf.com\/#organization"},"image":{"@id":"https:\/\/www.christianobtf.com\/es\/tragedia-en-los-cielos-christian-oliver-estrella-de-alarm-fur-cobra-11-perece-en-un-accidente-aereo-en-el-caribe-a-los-51-anos\/#primaryimage"},"thumbnailUrl":"https:\/\/i0.wp.com\/www.christianobtf.com\/wp-content\/uploads\/2024\/01\/1642875-l-acteur-christian-oliver-avait-51-ans.jpg?fit=770%2C513&ssl=1","keywords":["Alarm f\u00fcr Cobra 11","Caribe","Choque de Avi\u00f3n","Christian Oliver","Tragedia A\u00e9rea"],"articleSection":["Obituario"],"inLanguage":"es","potentialAction":[{"@type":"CommentAction","name":"Comment","target":["https:\/\/www.christianobtf.com\/es\/tragedia-en-los-cielos-christian-oliver-estrella-de-alarm-fur-cobra-11-perece-en-un-accidente-aereo-en-el-caribe-a-los-51-anos\/#respond"]}]},{"@type":"WebPage","@id":"https:\/\/www.christianobtf.com\/es\/tragedia-en-los-cielos-christian-oliver-estrella-de-alarm-fur-cobra-11-perece-en-un-accidente-aereo-en-el-caribe-a-los-51-anos\/","url":"https:\/\/www.christianobtf.com\/es\/tragedia-en-los-cielos-christian-oliver-estrella-de-alarm-fur-cobra-11-perece-en-un-accidente-aereo-en-el-caribe-a-los-51-anos\/","name":"Tragedia en los Cielos: Christian Oliver, Estrella de 'Alarm f\u00fcr Cobra 11', Perece en un Accidente A\u00e9reo en el Caribe a los 51 A\u00f1os | Christiano Btf","isPartOf":{"@id":"https:\/\/www.christianobtf.com\/#website"},"primaryImageOfPage":{"@id":"https:\/\/www.christianobtf.com\/es\/tragedia-en-los-cielos-christian-oliver-estrella-de-alarm-fur-cobra-11-perece-en-un-accidente-aereo-en-el-caribe-a-los-51-anos\/#primaryimage"},"image":{"@id":"https:\/\/www.christianobtf.com\/es\/tragedia-en-los-cielos-christian-oliver-estrella-de-alarm-fur-cobra-11-perece-en-un-accidente-aereo-en-el-caribe-a-los-51-anos\/#primaryimage"},"thumbnailUrl":"https:\/\/i0.wp.com\/www.christianobtf.com\/wp-content\/uploads\/2024\/01\/1642875-l-acteur-christian-oliver-avait-51-ans.jpg?fit=770%2C513&ssl=1","datePublished":"2024-01-06T11:03:01+00:00","dateModified":"2024-01-06T12:35:51+00:00","description":"La repentina p\u00e9rdida de Christian Oliver, renombrado actor alem\u00e1n de series ic\u00f3nicas como \"Alarm f\u00fcr Cobra 11\", se desarrolla en un tr\u00e1gico accidente de avi\u00f3n en el Caribe, cobr\u00e1ndose tambi\u00e9n las vidas de sus dos hijas adolescentes. Este art\u00edculo rinde homenaje a su destacada carrera mientras explora las desgarradoras circunstancias de esta p\u00e9rdida inesperada.","breadcrumb":{"@id":"https:\/\/www.christianobtf.com\/es\/tragedia-en-los-cielos-christian-oliver-estrella-de-alarm-fur-cobra-11-perece-en-un-accidente-aereo-en-el-caribe-a-los-51-anos\/#breadcrumb"},"inLanguage":"es","potentialAction":[{"@type":"ReadAction","target":["https:\/\/www.christianobtf.com\/es\/tragedia-en-los-cielos-christian-oliver-estrella-de-alarm-fur-cobra-11-perece-en-un-accidente-aereo-en-el-caribe-a-los-51-anos\/"]}]},{"@type":"ImageObject","inLanguage":"es","@id":"https:\/\/www.christianobtf.com\/es\/tragedia-en-los-cielos-christian-oliver-estrella-de-alarm-fur-cobra-11-perece-en-un-accidente-aereo-en-el-caribe-a-los-51-anos\/#primaryimage","url":"https:\/\/i0.wp.com\/www.christianobtf.com\/wp-content\/uploads\/2024\/01\/1642875-l-acteur-christian-oliver-avait-51-ans.jpg?fit=770%2C513&ssl=1","contentUrl":"https:\/\/i0.wp.com\/www.christianobtf.com\/wp-content\/uploads\/2024\/01\/1642875-l-acteur-christian-oliver-avait-51-ans.jpg?fit=770%2C513&ssl=1","width":770,"height":513,"caption":"La repentina p\u00e9rdida de Christian Olive 51 anos. Cr\u00e9dit : Frazer Harrison \/ GETTY IMAGES NORTH AMERICA \/ AFP"},{"@type":"BreadcrumbList","@id":"https:\/\/www.christianobtf.com\/es\/tragedia-en-los-cielos-christian-oliver-estrella-de-alarm-fur-cobra-11-perece-en-un-accidente-aereo-en-el-caribe-a-los-51-anos\/#breadcrumb","itemListElement":[{"@type":"ListItem","position":1,"name":"Accueil","item":"https:\/\/www.christianobtf.com\/es\/"},{"@type":"ListItem","position":2,"name":"Tragedia en los Cielos: Christian Oliver, Estrella de &lsquo;Alarm f\u00fcr Cobra 11&rsquo;, Perece en un Accidente A\u00e9reo en el Caribe a los 51 A\u00f1os"}]},{"@type":"WebSite","@id":"https:\/\/www.christianobtf.com\/#website","url":"https:\/\/www.christianobtf.com\/","name":"Christiano Btf","description":"Avoir mati\u00e8res \u00e0 penser","publisher":{"@id":"https:\/\/www.christianobtf.com\/#organization"},"alternateName":"Christiano Btf","potentialAction":[{"@type":"SearchAction","target":{"@type":"EntryPoint","urlTemplate":"https:\/\/www.christianobtf.com\/?s={search_term_string}"},"query-input":{"@type":"PropertyValueSpecification","valueRequired":true,"valueName":"search_term_string"}}],"inLanguage":"es"},{"@type":"Organization","@id":"https:\/\/www.christianobtf.com\/#organization","name":"Christiano Btf","url":"https:\/\/www.christianobtf.com\/","logo":{"@type":"ImageObject","inLanguage":"es","@id":"https:\/\/www.christianobtf.com\/#\/schema\/logo\/image\/","url":"https:\/\/i0.wp.com\/www.christianobtf.com\/wp-content\/uploads\/2023\/06\/cropped-Christiano-btf-icon.png?fit=1919%2C576&ssl=1","contentUrl":"https:\/\/i0.wp.com\/www.christianobtf.com\/wp-content\/uploads\/2023\/06\/cropped-Christiano-btf-icon.png?fit=1919%2C576&ssl=1","width":1919,"height":576,"caption":"Christiano Btf"},"image":{"@id":"https:\/\/www.christianobtf.com\/#\/schema\/logo\/image\/"},"sameAs":["https:\/\/www.facebook.com\/christianobtf","https:\/\/x.com\/christianobtf","https:\/\/tiktok.com\/@christianobtf","https:\/\/www.youtube.com\/@christianobtf","https:\/\/www.instagram.com\/christiano_btf\/"]},{"@type":"Person","@id":"https:\/\/www.christianobtf.com\/#\/schema\/person\/d4f35eeee402432e37887b4633f17b95","name":"Christiano Btf","image":{"@type":"ImageObject","inLanguage":"es","@id":"\/\/www.gravatar.com\/avatar\/ec6515be259d60bfd92b65898c83fa2f?s=96&#038;r=g&#038;d=mm","url":"\/\/www.gravatar.com\/avatar\/ec6515be259d60bfd92b65898c83fa2f?s=96&#038;r=g&#038;d=mm","contentUrl":"\/\/www.gravatar.com\/avatar\/ec6515be259d60bfd92b65898c83fa2f?s=96&#038;r=g&#038;d=mm","caption":"Christiano Btf"},"description":"En tant que fervent amateur de connaissances et de d\u00e9couvertes, je m'efforce de vous offrir un contenu informatif et stimulant. Ma qu\u00eate consiste \u00e0 fournir des informations de qualit\u00e9, \u00e0 d\u00e9crypter l'actualit\u00e9 et \u00e0 partager des analyses perspicaces. Pour moi, comprendre et analyser les donn\u00e9es est bien plus qu'une passion, c'est un engagement envers l'enrichissement intellectuel. Rejoignez-moi dans cette aventure intellectuelle o\u00f9 la curiosit\u00e9, la r\u00e9flexion et la soif de connaissances se conjuguent pour offrir un regard approfondi sur le monde qui nous entoure.","sameAs":["https:\/\/www.christianobtf.com","https:\/\/www.facebook.com\/christianobtf","https:\/\/www.instagram.com\/christiano_btf","https:\/\/x.com\/https:\/\/www.twitter.com\/christianobtf","https:\/\/www.youtube.com\/@christianobtf"],"honorificSuffix":"Master","award":["Po\u00e9sie","Litt\u00e9rature"],"knowsAbout":["Actualit\u00e9","Po\u00e9sie","Business"],"knowsLanguage":["Fran\u00e7ais","Anglais","Arabe"],"jobTitle":"Ing\u00e9nieur","url":"https:\/\/www.christianobtf.com\/es\/author\/christianobtf\/"}]}},"jetpack_publicize_connections":[],"jetpack_featured_media_url":"https:\/\/i0.wp.com\/www.christianobtf.com\/wp-content\/uploads\/2024\/01\/1642875-l-acteur-christian-oliver-avait-51-ans.jpg?fit=770%2C513&ssl=1","jetpack_sharing_enabled":true,"_links":{"self":[{"href":"https:\/\/www.christianobtf.com\/es\/wp-json\/wp\/v2\/posts\/16448","targetHints":{"allow":["GET"]}}],"collection":[{"href":"https:\/\/www.christianobtf.com\/es\/wp-json\/wp\/v2\/posts"}],"about":[{"href":"https:\/\/www.christianobtf.com\/es\/wp-json\/wp\/v2\/types\/post"}],"author":[{"embeddable":true,"href":"https:\/\/www.christianobtf.com\/es\/wp-json\/wp\/v2\/users\/1"}],"replies":[{"embeddable":true,"href":"https:\/\/www.christianobtf.com\/es\/wp-json\/wp\/v2\/comments?post=16448"}],"version-history":[{"count":2,"href":"https:\/\/www.christianobtf.com\/es\/wp-json\/wp\/v2\/posts\/16448\/revisions"}],"predecessor-version":[{"id":16451,"href":"https:\/\/www.christianobtf.com\/es\/wp-json\/wp\/v2\/posts\/16448\/revisions\/16451"}],"wp:featuredmedia":[{"embeddable":true,"href":"https:\/\/www.christianobtf.com\/es\/wp-json\/wp\/v2\/media\/16432"}],"wp:attachment":[{"href":"https:\/\/www.christianobtf.com\/es\/wp-json\/wp\/v2\/media?parent=16448"}],"wp:term":[{"taxonomy":"category","embeddable":true,"href":"https:\/\/www.christianobtf.com\/es\/wp-json\/wp\/v2\/categories?post=16448"},{"taxonomy":"post_tag","embeddable":true,"href":"https:\/\/www.christianobtf.com\/es\/wp-json\/wp\/v2\/tags?post=16448"}],"curies":[{"name":"wp","href":"https:\/\/api.w.org\/{rel}","templated":true}]}}