{"id":15911,"date":"2023-12-29T12:14:21","date_gmt":"2023-12-29T12:14:21","guid":{"rendered":"https:\/\/www.christianobtf.com\/?p=15911"},"modified":"2023-12-29T12:47:00","modified_gmt":"2023-12-29T12:47:00","slug":"los-10-momentos-destacados-en-imagenes-del-mundo-del-futbol-en-2023","status":"publish","type":"post","link":"https:\/\/www.christianobtf.com\/es\/los-10-momentos-destacados-en-imagenes-del-mundo-del-futbol-en-2023\/","title":{"rendered":"Los 10 Momentos Destacados en Im\u00e1genes del Mundo del F\u00fatbol en 2023"},"content":{"rendered":"<p>El a\u00f1o 2023 ha sido un periodo crucial en el mundo del f\u00fatbol, ofreciendo momentos inolvidables e historias que quedar\u00e1n grabadas en la memoria. Adentr\u00e9monos en los detalles cautivadores de estos 10 momentos destacados que han definido este a\u00f1o excepcional.<\/p>\n<div id=\"ez-toc-container\" class=\"ez-toc-v2_0_82_2 counter-hierarchy ez-toc-counter ez-toc-transparent ez-toc-container-direction\">\n<div class=\"ez-toc-title-container\">\n<p class=\"ez-toc-title\" style=\"cursor:inherit\">Table of Contents<\/p>\n<span class=\"ez-toc-title-toggle\"><a href=\"#\" class=\"ez-toc-pull-right ez-toc-btn ez-toc-btn-xs ez-toc-btn-default ez-toc-toggle\" aria-label=\"Alternar tabla de contenidos\"><span class=\"ez-toc-js-icon-con\"><span class=\"\"><span class=\"eztoc-hide\" style=\"display:none;\">Toggle<\/span><span class=\"ez-toc-icon-toggle-span\"><svg style=\"fill: #1e73be;color:#1e73be\" xmlns=\"http:\/\/www.w3.org\/2000\/svg\" class=\"list-377408\" width=\"20px\" height=\"20px\" viewBox=\"0 0 24 24\" fill=\"none\"><path d=\"M6 6H4v2h2V6zm14 0H8v2h12V6zM4 11h2v2H4v-2zm16 0H8v2h12v-2zM4 16h2v2H4v-2zm16 0H8v2h12v-2z\" fill=\"currentColor\"><\/path><\/svg><svg style=\"fill: #1e73be;color:#1e73be\" class=\"arrow-unsorted-368013\" xmlns=\"http:\/\/www.w3.org\/2000\/svg\" width=\"10px\" height=\"10px\" viewBox=\"0 0 24 24\" version=\"1.2\" baseProfile=\"tiny\"><path d=\"M18.2 9.3l-6.2-6.3-6.2 6.3c-.2.2-.3.4-.3.7s.1.5.3.7c.2.2.4.3.7.3h11c.3 0 .5-.1.7-.3.2-.2.3-.5.3-.7s-.1-.5-.3-.7zM5.8 14.7l6.2 6.3 6.2-6.3c.2-.2.3-.5.3-.7s-.1-.5-.3-.7c-.2-.2-.4-.3-.7-.3h-11c-.3 0-.5.1-.7.3-.2.2-.3.5-.3.7s.1.5.3.7z\"\/><\/svg><\/span><\/span><\/span><\/a><\/span><\/div>\n<nav><ul class='ez-toc-list ez-toc-list-level-1 eztoc-toggle-hide-by-default' ><li class='ez-toc-page-1 ez-toc-heading-level-2'><a class=\"ez-toc-link ez-toc-heading-1\" href=\"https:\/\/www.christianobtf.com\/es\/los-10-momentos-destacados-en-imagenes-del-mundo-del-futbol-en-2023\/#Relevo_en_la_Familia_Mbappe\" >Relevo en la Familia Mbapp\u00e9<\/a><\/li><li class='ez-toc-page-1 ez-toc-heading-level-2'><a class=\"ez-toc-link ez-toc-heading-2\" href=\"https:\/\/www.christianobtf.com\/es\/los-10-momentos-destacados-en-imagenes-del-mundo-del-futbol-en-2023\/#El_Beso_Forzado_de_Luis_Rubiales\" >El Beso Forzado de Luis Rubiales<\/a><\/li><li class='ez-toc-page-1 ez-toc-heading-level-2'><a class=\"ez-toc-link ez-toc-heading-3\" href=\"https:\/\/www.christianobtf.com\/es\/los-10-momentos-destacados-en-imagenes-del-mundo-del-futbol-en-2023\/#Antoine_Griezmann_en_la_Leyenda\" >Antoine Griezmann en la Leyenda<\/a><\/li><li class='ez-toc-page-1 ez-toc-heading-level-2'><a class=\"ez-toc-link ez-toc-heading-4\" href=\"https:\/\/www.christianobtf.com\/es\/los-10-momentos-destacados-en-imagenes-del-mundo-del-futbol-en-2023\/#El_Arquitecto_Spalletti_en_lo_mas_Alto\" >El Arquitecto Spalletti en lo m\u00e1s Alto<\/a><\/li><li class='ez-toc-page-1 ez-toc-heading-level-2'><a class=\"ez-toc-link ez-toc-heading-5\" href=\"https:\/\/www.christianobtf.com\/es\/los-10-momentos-destacados-en-imagenes-del-mundo-del-futbol-en-2023\/#Toulouse_de_Fiesta_tras_la_Copa_de_Francia\" >Toulouse de Fiesta tras la Copa de Francia<\/a><\/li><li class='ez-toc-page-1 ez-toc-heading-level-2'><a class=\"ez-toc-link ez-toc-heading-6\" href=\"https:\/\/www.christianobtf.com\/es\/los-10-momentos-destacados-en-imagenes-del-mundo-del-futbol-en-2023\/#Lionel_Messi_Cambia_de_Aire\" >Lionel Messi Cambia de Aire<\/a><\/li><li class='ez-toc-page-1 ez-toc-heading-level-2'><a class=\"ez-toc-link ez-toc-heading-7\" href=\"https:\/\/www.christianobtf.com\/es\/los-10-momentos-destacados-en-imagenes-del-mundo-del-futbol-en-2023\/#Lionel_Messi_Balon_de_Oro_por_Octava_Vez\" >Lionel Messi, Bal\u00f3n de Oro por Octava Vez<\/a><\/li><li class='ez-toc-page-1 ez-toc-heading-level-2'><a class=\"ez-toc-link ez-toc-heading-8\" href=\"https:\/\/www.christianobtf.com\/es\/los-10-momentos-destacados-en-imagenes-del-mundo-del-futbol-en-2023\/#Manchester_City_Gana_la_Liga_de_Campeones\" >Manchester City Gana la Liga de Campeones<\/a><\/li><li class='ez-toc-page-1 ez-toc-heading-level-2'><a class=\"ez-toc-link ez-toc-heading-9\" href=\"https:\/\/www.christianobtf.com\/es\/los-10-momentos-destacados-en-imagenes-del-mundo-del-futbol-en-2023\/#Sevilla_FC_Levanta_de_Nuevo_la_Liga_Europa\" >Sevilla FC Levanta (de Nuevo) la Liga Europa<\/a><\/li><li class='ez-toc-page-1 ez-toc-heading-level-2'><a class=\"ez-toc-link ez-toc-heading-10\" href=\"https:\/\/www.christianobtf.com\/es\/los-10-momentos-destacados-en-imagenes-del-mundo-del-futbol-en-2023\/#Cristiano_Ronaldo_Abre_el_Camino_a_Arabia_Saudita\" >Cristiano Ronaldo Abre el Camino a Arabia Saudita<\/a><\/li><\/ul><\/nav><\/div>\n<h2><span class=\"ez-toc-section\" id=\"Relevo_en_la_Familia_Mbappe\"><\/span><strong>Relevo en la Familia Mbapp\u00e9<\/strong><span class=\"ez-toc-section-end\"><\/span><\/h2>\n<p><img data-recalc-dims=\"1\" loading=\"lazy\" decoding=\"async\" class=\"aligncenter size-full wp-image-15867\" src=\"https:\/\/i0.wp.com\/www.christianobtf.com\/wp-content\/uploads\/2023\/12\/1-MBAPPE.webp?resize=912%2C607&#038;ssl=1\" alt=\"\" width=\"912\" height=\"607\" srcset=\"https:\/\/i0.wp.com\/www.christianobtf.com\/wp-content\/uploads\/2023\/12\/1-MBAPPE.webp?w=912&amp;ssl=1 912w, https:\/\/i0.wp.com\/www.christianobtf.com\/wp-content\/uploads\/2023\/12\/1-MBAPPE.webp?resize=300%2C200&amp;ssl=1 300w, https:\/\/i0.wp.com\/www.christianobtf.com\/wp-content\/uploads\/2023\/12\/1-MBAPPE.webp?resize=768%2C511&amp;ssl=1 768w, https:\/\/i0.wp.com\/www.christianobtf.com\/wp-content\/uploads\/2023\/12\/1-MBAPPE.webp?resize=150%2C100&amp;ssl=1 150w\" sizes=\"auto, (max-width: 912px) 100vw, 912px\" \/><\/p>\n<p>El 20 de diciembre, el joven Ethan Mbapp\u00e9, de tan solo 16 a\u00f1os, hizo su debut en la Ligue 1 durante la victoria contundente del PSG sobre el FC Metz (3-1). Una entrada destacada que marc\u00f3 el comienzo de una nueva era despu\u00e9s de los logros de su hermano mayor, Kylian. Este momento especial coincidi\u00f3 con el 25\u00ba cumplea\u00f1os de Kylian Mbapp\u00e9, quien celebr\u00f3 la jornada con un doblete.<\/p>\n<h2><span class=\"ez-toc-section\" id=\"El_Beso_Forzado_de_Luis_Rubiales\"><\/span><strong>El Beso Forzado de Luis Rubiales<\/strong><span class=\"ez-toc-section-end\"><\/span><\/h2>\n<p><img data-recalc-dims=\"1\" loading=\"lazy\" decoding=\"async\" class=\"aligncenter size-full wp-image-15858\" src=\"https:\/\/i0.wp.com\/www.christianobtf.com\/wp-content\/uploads\/2023\/12\/Le-baiser-force-de-Luis-Rubiales.webp?resize=912%2C608&#038;ssl=1\" alt=\"\" width=\"912\" height=\"608\" srcset=\"https:\/\/i0.wp.com\/www.christianobtf.com\/wp-content\/uploads\/2023\/12\/Le-baiser-force-de-Luis-Rubiales.webp?w=912&amp;ssl=1 912w, https:\/\/i0.wp.com\/www.christianobtf.com\/wp-content\/uploads\/2023\/12\/Le-baiser-force-de-Luis-Rubiales.webp?resize=300%2C200&amp;ssl=1 300w, https:\/\/i0.wp.com\/www.christianobtf.com\/wp-content\/uploads\/2023\/12\/Le-baiser-force-de-Luis-Rubiales.webp?resize=768%2C512&amp;ssl=1 768w, https:\/\/i0.wp.com\/www.christianobtf.com\/wp-content\/uploads\/2023\/12\/Le-baiser-force-de-Luis-Rubiales.webp?resize=150%2C100&amp;ssl=1 150w\" sizes=\"auto, (max-width: 912px) 100vw, 912px\" \/><\/p>\n<p>El 20 de agosto, d\u00eda de la consagraci\u00f3n mundial del equipo nacional espa\u00f1ol, el presidente de la Federaci\u00f3n Espa\u00f1ola, Luis Rubiales, gener\u00f3 controversia al besar a Jenni Hermoso a la fuerza en el podio. El incidente desat\u00f3 una ola de indignaci\u00f3n m\u00e1s all\u00e1 del deporte. A pesar de las declaraciones de Rubiales afirmando que era un <em><strong>\u00abpeque\u00f1o beso consentido\u00bb<\/strong><\/em>, la FIFA lo suspendi\u00f3 por tres a\u00f1os de toda actividad relacionada con el f\u00fatbol.<\/p>\n<h2><span class=\"ez-toc-section\" id=\"Antoine_Griezmann_en_la_Leyenda\"><\/span><strong>Antoine Griezmann en la Leyenda<\/strong><span class=\"ez-toc-section-end\"><\/span><\/h2>\n<p><img data-recalc-dims=\"1\" loading=\"lazy\" decoding=\"async\" class=\"aligncenter size-full wp-image-15849\" src=\"https:\/\/i0.wp.com\/www.christianobtf.com\/wp-content\/uploads\/2023\/12\/3-Antoine-Griezmann-dans-la-legende.webp?resize=912%2C607&#038;ssl=1\" alt=\"\" width=\"912\" height=\"607\" srcset=\"https:\/\/i0.wp.com\/www.christianobtf.com\/wp-content\/uploads\/2023\/12\/3-Antoine-Griezmann-dans-la-legende.webp?w=912&amp;ssl=1 912w, https:\/\/i0.wp.com\/www.christianobtf.com\/wp-content\/uploads\/2023\/12\/3-Antoine-Griezmann-dans-la-legende.webp?resize=300%2C200&amp;ssl=1 300w, https:\/\/i0.wp.com\/www.christianobtf.com\/wp-content\/uploads\/2023\/12\/3-Antoine-Griezmann-dans-la-legende.webp?resize=768%2C511&amp;ssl=1 768w, https:\/\/i0.wp.com\/www.christianobtf.com\/wp-content\/uploads\/2023\/12\/3-Antoine-Griezmann-dans-la-legende.webp?resize=150%2C100&amp;ssl=1 150w\" sizes=\"auto, (max-width: 912px) 100vw, 912px\" \/><\/p>\n<p>El 19 de diciembre, en un partido de La Liga contra Getafe (3-3), Antoine Griezmann anot\u00f3 un doblete, igualando as\u00ed el r\u00e9cord de Luis Aragones como m\u00e1ximo goleador en la historia del Atl\u00e9tico de Madrid con 173 goles. A los 32 a\u00f1os, el franc\u00e9s contin\u00faa dejando su huella indeleble en el mundo del f\u00fatbol.<\/p>\n<h2><span class=\"ez-toc-section\" id=\"El_Arquitecto_Spalletti_en_lo_mas_Alto\"><\/span><strong>El Arquitecto Spalletti en lo m\u00e1s Alto<\/strong><span class=\"ez-toc-section-end\"><\/span><\/h2>\n<p><img data-recalc-dims=\"1\" loading=\"lazy\" decoding=\"async\" class=\"aligncenter size-full wp-image-15840\" src=\"https:\/\/i0.wp.com\/www.christianobtf.com\/wp-content\/uploads\/2023\/12\/4-Larchitecte-Spalletti-porte-aux-nues.webp?resize=912%2C608&#038;ssl=1\" alt=\"\" width=\"912\" height=\"608\" srcset=\"https:\/\/i0.wp.com\/www.christianobtf.com\/wp-content\/uploads\/2023\/12\/4-Larchitecte-Spalletti-porte-aux-nues.webp?w=912&amp;ssl=1 912w, https:\/\/i0.wp.com\/www.christianobtf.com\/wp-content\/uploads\/2023\/12\/4-Larchitecte-Spalletti-porte-aux-nues.webp?resize=300%2C200&amp;ssl=1 300w, https:\/\/i0.wp.com\/www.christianobtf.com\/wp-content\/uploads\/2023\/12\/4-Larchitecte-Spalletti-porte-aux-nues.webp?resize=768%2C512&amp;ssl=1 768w, https:\/\/i0.wp.com\/www.christianobtf.com\/wp-content\/uploads\/2023\/12\/4-Larchitecte-Spalletti-porte-aux-nues.webp?resize=150%2C100&amp;ssl=1 150w\" sizes=\"auto, (max-width: 912px) 100vw, 912px\" \/><\/p>\n<p>El 4 de mayo, el Napoli gan\u00f3 su tercer t\u00edtulo de la Serie A, poniendo fin a 33 a\u00f1os de sequ\u00eda para los aficionados napolitanos. Luciano Spalletti, arquitecto de este logro, fue aclamado por todo un pueblo durante una celebraci\u00f3n masiva en las calles de N\u00e1poles. A pesar de esta victoria, Spalletti opt\u00f3 por dejar el club al final de la temporada.<\/p>\n<h2><span class=\"ez-toc-section\" id=\"Toulouse_de_Fiesta_tras_la_Copa_de_Francia\"><\/span><strong>Toulouse de Fiesta tras la Copa de Francia<\/strong><span class=\"ez-toc-section-end\"><\/span><\/h2>\n<p><img data-recalc-dims=\"1\" loading=\"lazy\" decoding=\"async\" class=\"aligncenter size-full wp-image-15831\" src=\"https:\/\/i0.wp.com\/www.christianobtf.com\/wp-content\/uploads\/2023\/12\/5-Toulouse-en-fete.webp?resize=912%2C608&#038;ssl=1\" alt=\"\" width=\"912\" height=\"608\" srcset=\"https:\/\/i0.wp.com\/www.christianobtf.com\/wp-content\/uploads\/2023\/12\/5-Toulouse-en-fete.webp?w=912&amp;ssl=1 912w, https:\/\/i0.wp.com\/www.christianobtf.com\/wp-content\/uploads\/2023\/12\/5-Toulouse-en-fete.webp?resize=300%2C200&amp;ssl=1 300w, https:\/\/i0.wp.com\/www.christianobtf.com\/wp-content\/uploads\/2023\/12\/5-Toulouse-en-fete.webp?resize=768%2C512&amp;ssl=1 768w, https:\/\/i0.wp.com\/www.christianobtf.com\/wp-content\/uploads\/2023\/12\/5-Toulouse-en-fete.webp?resize=150%2C100&amp;ssl=1 150w\" sizes=\"auto, (max-width: 912px) 100vw, 912px\" \/><\/p>\n<p>En abril, Toulouse deslumbr\u00f3 al mundo del f\u00fatbol al ganar la Copa de Francia, venciendo al FC Nantes 5-1 en una final de un solo sentido. Un logro memorable que ocurri\u00f3 solo unos meses despu\u00e9s del ascenso del club a la Ligue 1, marcando un momento hist\u00f3rico.<\/p>\n<h2><span class=\"ez-toc-section\" id=\"Lionel_Messi_Cambia_de_Aire\"><\/span><strong>Lionel Messi Cambia de Aire<\/strong><span class=\"ez-toc-section-end\"><\/span><\/h2>\n<p><img data-recalc-dims=\"1\" loading=\"lazy\" decoding=\"async\" class=\"aligncenter size-full wp-image-15822\" src=\"https:\/\/i0.wp.com\/www.christianobtf.com\/wp-content\/uploads\/2023\/12\/6-Lionel-Messi-change-dair.webp?resize=912%2C607&#038;ssl=1\" alt=\"\" width=\"912\" height=\"607\" srcset=\"https:\/\/i0.wp.com\/www.christianobtf.com\/wp-content\/uploads\/2023\/12\/6-Lionel-Messi-change-dair.webp?w=912&amp;ssl=1 912w, https:\/\/i0.wp.com\/www.christianobtf.com\/wp-content\/uploads\/2023\/12\/6-Lionel-Messi-change-dair.webp?resize=300%2C200&amp;ssl=1 300w, https:\/\/i0.wp.com\/www.christianobtf.com\/wp-content\/uploads\/2023\/12\/6-Lionel-Messi-change-dair.webp?resize=768%2C511&amp;ssl=1 768w, https:\/\/i0.wp.com\/www.christianobtf.com\/wp-content\/uploads\/2023\/12\/6-Lionel-Messi-change-dair.webp?resize=150%2C100&amp;ssl=1 150w\" sizes=\"auto, (max-width: 912px) 100vw, 912px\" \/><\/p>\n<p>Despu\u00e9s de dos a\u00f1os en el PSG, Lionel Messi dio un nuevo paso al unirse al Inter Miami en Estados Unidos en la temporada baja. Su llegada dio un impulso adicional a la Major League Soccer, atrayendo la atenci\u00f3n mundial hacia la liga estadounidense.<\/p>\n<h2><span class=\"ez-toc-section\" id=\"Lionel_Messi_Balon_de_Oro_por_Octava_Vez\"><\/span><strong>Lionel Messi, Bal\u00f3n de Oro por Octava Vez<\/strong><span class=\"ez-toc-section-end\"><\/span><\/h2>\n<p><img data-recalc-dims=\"1\" loading=\"lazy\" decoding=\"async\" class=\"aligncenter size-full wp-image-15813\" src=\"https:\/\/i0.wp.com\/www.christianobtf.com\/wp-content\/uploads\/2023\/12\/7-Lionel-Messi-Ballon-dOr-pour-la-huitieme-fois.webp?resize=912%2C608&#038;ssl=1\" alt=\"\" width=\"912\" height=\"608\" srcset=\"https:\/\/i0.wp.com\/www.christianobtf.com\/wp-content\/uploads\/2023\/12\/7-Lionel-Messi-Ballon-dOr-pour-la-huitieme-fois.webp?w=912&amp;ssl=1 912w, https:\/\/i0.wp.com\/www.christianobtf.com\/wp-content\/uploads\/2023\/12\/7-Lionel-Messi-Ballon-dOr-pour-la-huitieme-fois.webp?resize=300%2C200&amp;ssl=1 300w, https:\/\/i0.wp.com\/www.christianobtf.com\/wp-content\/uploads\/2023\/12\/7-Lionel-Messi-Ballon-dOr-pour-la-huitieme-fois.webp?resize=768%2C512&amp;ssl=1 768w, https:\/\/i0.wp.com\/www.christianobtf.com\/wp-content\/uploads\/2023\/12\/7-Lionel-Messi-Ballon-dOr-pour-la-huitieme-fois.webp?resize=150%2C100&amp;ssl=1 150w\" sizes=\"auto, (max-width: 912px) 100vw, 912px\" \/><\/p>\n<p>As\u00ed que, como jugador del Inter Miami y no del PSG, Lionel Messi gan\u00f3 el Bal\u00f3n de Oro 2023, el octavo de su carrera. Un r\u00e9cord, por supuesto&#8230; El nativo de Rosario fue preferido a Erling Haaland y Kylian Mbapp\u00e9 debido a su \u00e9xito y sus actuaciones individuales en la Copa del Mundo 2022 en Qatar.<\/p>\n<h2><span class=\"ez-toc-section\" id=\"Manchester_City_Gana_la_Liga_de_Campeones\"><\/span><strong>Manchester City Gana la Liga de Campeones<\/strong><span class=\"ez-toc-section-end\"><\/span><\/h2>\n<p><img data-recalc-dims=\"1\" loading=\"lazy\" decoding=\"async\" class=\"aligncenter size-full wp-image-15804\" src=\"https:\/\/i0.wp.com\/www.christianobtf.com\/wp-content\/uploads\/2023\/12\/8-Manchester-City-remporte-la-Ligue-des-champions.webp?resize=912%2C608&#038;ssl=1\" alt=\"\" width=\"912\" height=\"608\" srcset=\"https:\/\/i0.wp.com\/www.christianobtf.com\/wp-content\/uploads\/2023\/12\/8-Manchester-City-remporte-la-Ligue-des-champions.webp?w=912&amp;ssl=1 912w, https:\/\/i0.wp.com\/www.christianobtf.com\/wp-content\/uploads\/2023\/12\/8-Manchester-City-remporte-la-Ligue-des-champions.webp?resize=300%2C200&amp;ssl=1 300w, https:\/\/i0.wp.com\/www.christianobtf.com\/wp-content\/uploads\/2023\/12\/8-Manchester-City-remporte-la-Ligue-des-champions.webp?resize=768%2C512&amp;ssl=1 768w, https:\/\/i0.wp.com\/www.christianobtf.com\/wp-content\/uploads\/2023\/12\/8-Manchester-City-remporte-la-Ligue-des-champions.webp?resize=150%2C100&amp;ssl=1 150w\" sizes=\"auto, (max-width: 912px) 100vw, 912px\" \/><\/p>\n<p>En Estambul, al final de un partido (un poco) cerrado, los Ciudadanos de Erling Haaland se impusieron l\u00f3gicamente al Inter de Mil\u00e1n (1-0) gracias a un gol de su mediocampista Rodri. Un \u00e9xito, su primero en la Copa de Grandes Orejas, que coron\u00f3 una temporada excepcional (triplete Premier League-FA Cup-C1).<\/p>\n<h2><span class=\"ez-toc-section\" id=\"Sevilla_FC_Levanta_de_Nuevo_la_Liga_Europa\"><\/span><strong>Sevilla FC Levanta (de Nuevo) la Liga Europa<\/strong><span class=\"ez-toc-section-end\"><\/span><\/h2>\n<p><img data-recalc-dims=\"1\" loading=\"lazy\" decoding=\"async\" class=\"aligncenter size-full wp-image-15795\" src=\"https:\/\/i0.wp.com\/www.christianobtf.com\/wp-content\/uploads\/2023\/12\/9-Le-Seville-FC-souleve-a-nouveau-la-Ligue-Europa.webp?resize=912%2C608&#038;ssl=1\" alt=\"\" width=\"912\" height=\"608\" srcset=\"https:\/\/i0.wp.com\/www.christianobtf.com\/wp-content\/uploads\/2023\/12\/9-Le-Seville-FC-souleve-a-nouveau-la-Ligue-Europa.webp?w=912&amp;ssl=1 912w, https:\/\/i0.wp.com\/www.christianobtf.com\/wp-content\/uploads\/2023\/12\/9-Le-Seville-FC-souleve-a-nouveau-la-Ligue-Europa.webp?resize=300%2C200&amp;ssl=1 300w, https:\/\/i0.wp.com\/www.christianobtf.com\/wp-content\/uploads\/2023\/12\/9-Le-Seville-FC-souleve-a-nouveau-la-Ligue-Europa.webp?resize=768%2C512&amp;ssl=1 768w, https:\/\/i0.wp.com\/www.christianobtf.com\/wp-content\/uploads\/2023\/12\/9-Le-Seville-FC-souleve-a-nouveau-la-Ligue-Europa.webp?resize=150%2C100&amp;ssl=1 150w\" sizes=\"auto, (max-width: 912px) 100vw, 912px\" \/><\/p>\n<p>Y van siete. Aunque viv\u00edan una temporada (muy) complicada en su liga nacional, los andaluces brillaron nuevamente en la escena europea, ganando por s\u00e9ptima vez en su historia la Europa League al vencer a la AS Roma de Jos\u00e9 Mourinho en la final despu\u00e9s de los penales (1-1, 4-1 t.p.). Impresionante.<\/p>\n<h2><span class=\"ez-toc-section\" id=\"Cristiano_Ronaldo_Abre_el_Camino_a_Arabia_Saudita\"><\/span><strong>Cristiano Ronaldo Abre el Camino a Arabia Saudita<\/strong><span class=\"ez-toc-section-end\"><\/span><\/h2>\n<p><img data-recalc-dims=\"1\" loading=\"lazy\" decoding=\"async\" class=\"aligncenter size-full wp-image-15786\" src=\"https:\/\/i0.wp.com\/www.christianobtf.com\/wp-content\/uploads\/2023\/12\/10-Cristiano-Ronaldo-ouvre-la-voie-a-lArabie-saoudite.webp?resize=912%2C608&#038;ssl=1\" alt=\"\" width=\"912\" height=\"608\" srcset=\"https:\/\/i0.wp.com\/www.christianobtf.com\/wp-content\/uploads\/2023\/12\/10-Cristiano-Ronaldo-ouvre-la-voie-a-lArabie-saoudite.webp?w=912&amp;ssl=1 912w, https:\/\/i0.wp.com\/www.christianobtf.com\/wp-content\/uploads\/2023\/12\/10-Cristiano-Ronaldo-ouvre-la-voie-a-lArabie-saoudite.webp?resize=300%2C200&amp;ssl=1 300w, https:\/\/i0.wp.com\/www.christianobtf.com\/wp-content\/uploads\/2023\/12\/10-Cristiano-Ronaldo-ouvre-la-voie-a-lArabie-saoudite.webp?resize=768%2C512&amp;ssl=1 768w, https:\/\/i0.wp.com\/www.christianobtf.com\/wp-content\/uploads\/2023\/12\/10-Cristiano-Ronaldo-ouvre-la-voie-a-lArabie-saoudite.webp?resize=150%2C100&amp;ssl=1 150w\" sizes=\"auto, (max-width: 912px) 100vw, 912px\" \/><\/p>\n<p>Libre de contrato despu\u00e9s de dejar el Manchester United, <em><strong>\u00abCR7\u00bb<\/strong><\/em> se uni\u00f3 (casi) inesperadamente al equipo saudita de Al-Nassr a principios de a\u00f1o. Este verano, muchos jugadores siguieron sus pasos, como Neymar Jr, Karim Benzema o N&#8217;Golo Kant\u00e9. Quiz\u00e1s sea el comienzo de una nueva era.<\/p>\n<p><em><strong>Cada una de estas im\u00e1genes ha contribuido a tejer la rica narrativa del f\u00fatbol en 2023, capturando momentos de triunfo, controversia y cambio en el emocionante mundo de este deporte universal.<\/strong><\/em><\/p>\n<p>&nbsp;<\/p>\n","protected":false},"excerpt":{"rendered":"<p>Descubre los momentos memorables que han dado forma al panorama del f\u00fatbol mundial en 2023. Nuevos talentos emergen, se rompen r\u00e9cords y eventos inesperados marcan este a\u00f1o excepcional.<\/p>\n","protected":false},"author":1,"featured_media":15897,"comment_status":"open","ping_status":"open","sticky":false,"template":"","format":"standard","meta":{"jetpack_post_was_ever_published":false,"_jetpack_newsletter_access":"","_jetpack_dont_email_post_to_subs":false,"_jetpack_newsletter_tier_id":0,"_jetpack_memberships_contains_paywalled_content":false,"_jetpack_memberships_contains_paid_content":false,"footnotes":"","jetpack_publicize_message":"","jetpack_publicize_feature_enabled":true,"jetpack_social_post_already_shared":false,"jetpack_social_options":{"image_generator_settings":{"template":"highway","default_image_id":0,"font":"","enabled":false},"version":2}},"categories":[3279],"tags":[5234,5232,5231,5233,5235],"class_list":["post-15911","post","type-post","status-publish","format-standard","has-post-thumbnail","hentry","category-futbol","tag-eventos-inesperados","tag-futbol-mundial","tag-momentos-destacados","tag-nuevos-talentos","tag-records-2023-es"],"yoast_head":"<!-- This site is optimized with the Yoast SEO Premium plugin v22.6 (Yoast SEO v27.5) - https:\/\/yoast.com\/product\/yoast-seo-premium-wordpress\/ -->\n<title>Los 10 Momentos Destacados en Im\u00e1genes del Mundo del F\u00fatbol en 2023 | Christiano Btf<\/title>\n<meta name=\"description\" content=\"Descubre los momentos memorables que han dado forma al panorama del f\u00fatbol mundial en 2023. Nuevos talentos emergen, se rompen r\u00e9cords y eventos inesperados marcan este a\u00f1o excepcional.\" \/>\n<meta name=\"robots\" content=\"index, follow, max-snippet:-1, max-image-preview:large, max-video-preview:-1\" \/>\n<link rel=\"canonical\" href=\"https:\/\/www.christianobtf.com\/les-10-moments-forts-en-images-du-monde-du-football-en-2023\/\" \/>\n<meta property=\"og:locale\" content=\"es_ES\" \/>\n<meta property=\"og:type\" content=\"article\" \/>\n<meta property=\"og:title\" content=\"Los 10 Momentos Destacados en Im\u00e1genes del Mundo del F\u00fatbol en 2023\" \/>\n<meta property=\"og:description\" content=\"Descubre los momentos memorables que han dado forma al panorama del f\u00fatbol mundial en 2023. Nuevos talentos emergen, se rompen r\u00e9cords y eventos inesperados marcan este a\u00f1o excepcional.\" \/>\n<meta property=\"og:url\" content=\"https:\/\/www.christianobtf.com\/les-10-moments-forts-en-images-du-monde-du-football-en-2023\/\" \/>\n<meta property=\"og:site_name\" content=\"Christiano Btf\" \/>\n<meta property=\"article:publisher\" content=\"https:\/\/www.facebook.com\/christianobtf\" \/>\n<meta property=\"article:author\" content=\"https:\/\/www.facebook.com\/christianobtf\" \/>\n<meta property=\"article:published_time\" content=\"2023-12-29T12:14:21+00:00\" \/>\n<meta property=\"article:modified_time\" content=\"2023-12-29T12:47:00+00:00\" \/>\n<meta property=\"og:image\" content=\"https:\/\/www.christianobtf.com\/wp-content\/uploads\/2023\/12\/bonne-annee-de-football-2023-logo-de-fond-de-la-housse-de-sport-2023-avec-des-etoiles-de-balle-et-d-or-illustration-vectorielle-pour-la-banniere-du-tournoi-le-calendrier-des-competitions-2kdy8fx.jpg\" \/>\n\t<meta property=\"og:image:width\" content=\"1300\" \/>\n\t<meta property=\"og:image:height\" content=\"1018\" \/>\n\t<meta property=\"og:image:type\" content=\"image\/jpeg\" \/>\n<meta name=\"author\" content=\"Christiano Btf\" \/>\n<meta name=\"twitter:card\" content=\"summary_large_image\" \/>\n<meta name=\"twitter:description\" content=\"Descubre los momentos memorables que han dado forma al panorama del f\u00fatbol mundial en 2023. Nuevos talentos emergen, se rompen r\u00e9cords y eventos inesperados marcan este a\u00f1o excepcional.\" \/>\n<meta name=\"twitter:creator\" content=\"@https:\/\/www.twitter.com\/christianobtf\" \/>\n<meta name=\"twitter:site\" content=\"@christianobtf\" \/>\n<meta name=\"twitter:label1\" content=\"Escrito por\" \/>\n\t<meta name=\"twitter:data1\" content=\"Christiano Btf&lt;span class=&quot;bp-verified-badge&quot;&gt;&lt;\/span&gt;\" \/>\n\t<meta name=\"twitter:label2\" content=\"Tiempo de lectura\" \/>\n\t<meta name=\"twitter:data2\" content=\"6 minutos\" \/>\n<script type=\"application\/ld+json\" class=\"yoast-schema-graph\">{\"@context\":\"https:\\\/\\\/schema.org\",\"@graph\":[{\"@type\":\"Article\",\"@id\":\"https:\\\/\\\/www.christianobtf.com\\\/les-10-moments-forts-en-images-du-monde-du-football-en-2023\\\/#article\",\"isPartOf\":{\"@id\":\"https:\\\/\\\/www.christianobtf.com\\\/les-10-moments-forts-en-images-du-monde-du-football-en-2023\\\/\"},\"author\":{\"name\":\"Christiano Btf\",\"@id\":\"https:\\\/\\\/www.christianobtf.com\\\/#\\\/schema\\\/person\\\/d4f35eeee402432e37887b4633f17b95\"},\"headline\":\"Los 10 Momentos Destacados en Im\u00e1genes del Mundo del F\u00fatbol en 2023\",\"datePublished\":\"2023-12-29T12:14:21+00:00\",\"dateModified\":\"2023-12-29T12:47:00+00:00\",\"mainEntityOfPage\":{\"@id\":\"https:\\\/\\\/www.christianobtf.com\\\/les-10-moments-forts-en-images-du-monde-du-football-en-2023\\\/\"},\"wordCount\":739,\"commentCount\":0,\"publisher\":{\"@id\":\"https:\\\/\\\/www.christianobtf.com\\\/#organization\"},\"image\":{\"@id\":\"https:\\\/\\\/www.christianobtf.com\\\/les-10-moments-forts-en-images-du-monde-du-football-en-2023\\\/#primaryimage\"},\"thumbnailUrl\":\"https:\\\/\\\/i0.wp.com\\\/www.christianobtf.com\\\/wp-content\\\/uploads\\\/2023\\\/12\\\/bonne-annee-de-football-2023-logo-de-fond-de-la-housse-de-sport-2023-avec-des-etoiles-de-balle-et-d-or-illustration-vectorielle-pour-la-banniere-du-tournoi-le-calendrier-des-competitions-2kdy8fx.jpg?fit=1300%2C1018&ssl=1\",\"keywords\":[\"Eventos Inesperados\",\"F\u00fatbol Mundial\",\"Momentos Destacados\",\"Nuevos Talentos\",\"Records 2023\"],\"articleSection\":[\"F\u00fatbol\"],\"inLanguage\":\"es\",\"potentialAction\":[{\"@type\":\"CommentAction\",\"name\":\"Comment\",\"target\":[\"https:\\\/\\\/www.christianobtf.com\\\/les-10-moments-forts-en-images-du-monde-du-football-en-2023\\\/#respond\"]}]},{\"@type\":\"WebPage\",\"@id\":\"https:\\\/\\\/www.christianobtf.com\\\/les-10-moments-forts-en-images-du-monde-du-football-en-2023\\\/\",\"url\":\"https:\\\/\\\/www.christianobtf.com\\\/les-10-moments-forts-en-images-du-monde-du-football-en-2023\\\/\",\"name\":\"Los 10 Momentos Destacados en Im\u00e1genes del Mundo del F\u00fatbol en 2023 | Christiano Btf\",\"isPartOf\":{\"@id\":\"https:\\\/\\\/www.christianobtf.com\\\/#website\"},\"primaryImageOfPage\":{\"@id\":\"https:\\\/\\\/www.christianobtf.com\\\/les-10-moments-forts-en-images-du-monde-du-football-en-2023\\\/#primaryimage\"},\"image\":{\"@id\":\"https:\\\/\\\/www.christianobtf.com\\\/les-10-moments-forts-en-images-du-monde-du-football-en-2023\\\/#primaryimage\"},\"thumbnailUrl\":\"https:\\\/\\\/i0.wp.com\\\/www.christianobtf.com\\\/wp-content\\\/uploads\\\/2023\\\/12\\\/bonne-annee-de-football-2023-logo-de-fond-de-la-housse-de-sport-2023-avec-des-etoiles-de-balle-et-d-or-illustration-vectorielle-pour-la-banniere-du-tournoi-le-calendrier-des-competitions-2kdy8fx.jpg?fit=1300%2C1018&ssl=1\",\"datePublished\":\"2023-12-29T12:14:21+00:00\",\"dateModified\":\"2023-12-29T12:47:00+00:00\",\"description\":\"Descubre los momentos memorables que han dado forma al panorama del f\u00fatbol mundial en 2023. Nuevos talentos emergen, se rompen r\u00e9cords y eventos inesperados marcan este a\u00f1o excepcional.\",\"breadcrumb\":{\"@id\":\"https:\\\/\\\/www.christianobtf.com\\\/les-10-moments-forts-en-images-du-monde-du-football-en-2023\\\/#breadcrumb\"},\"inLanguage\":\"es\",\"potentialAction\":[{\"@type\":\"ReadAction\",\"target\":[\"https:\\\/\\\/www.christianobtf.com\\\/les-10-moments-forts-en-images-du-monde-du-football-en-2023\\\/\"]}]},{\"@type\":\"ImageObject\",\"inLanguage\":\"es\",\"@id\":\"https:\\\/\\\/www.christianobtf.com\\\/les-10-moments-forts-en-images-du-monde-du-football-en-2023\\\/#primaryimage\",\"url\":\"https:\\\/\\\/i0.wp.com\\\/www.christianobtf.com\\\/wp-content\\\/uploads\\\/2023\\\/12\\\/bonne-annee-de-football-2023-logo-de-fond-de-la-housse-de-sport-2023-avec-des-etoiles-de-balle-et-d-or-illustration-vectorielle-pour-la-banniere-du-tournoi-le-calendrier-des-competitions-2kdy8fx.jpg?fit=1300%2C1018&ssl=1\",\"contentUrl\":\"https:\\\/\\\/i0.wp.com\\\/www.christianobtf.com\\\/wp-content\\\/uploads\\\/2023\\\/12\\\/bonne-annee-de-football-2023-logo-de-fond-de-la-housse-de-sport-2023-avec-des-etoiles-de-balle-et-d-or-illustration-vectorielle-pour-la-banniere-du-tournoi-le-calendrier-des-competitions-2kdy8fx.jpg?fit=1300%2C1018&ssl=1\",\"width\":1300,\"height\":1018},{\"@type\":\"BreadcrumbList\",\"@id\":\"https:\\\/\\\/www.christianobtf.com\\\/les-10-moments-forts-en-images-du-monde-du-football-en-2023\\\/#breadcrumb\",\"itemListElement\":[{\"@type\":\"ListItem\",\"position\":1,\"name\":\"Accueil\",\"item\":\"https:\\\/\\\/www.christianobtf.com\\\/es\\\/\"},{\"@type\":\"ListItem\",\"position\":2,\"name\":\"Los 10 Momentos Destacados en Im\u00e1genes del Mundo del F\u00fatbol en 2023\"}]},{\"@type\":\"WebSite\",\"@id\":\"https:\\\/\\\/www.christianobtf.com\\\/#website\",\"url\":\"https:\\\/\\\/www.christianobtf.com\\\/\",\"name\":\"Christiano Btf\",\"description\":\"Avoir mati\u00e8res \u00e0 penser\",\"publisher\":{\"@id\":\"https:\\\/\\\/www.christianobtf.com\\\/#organization\"},\"alternateName\":\"Christiano Btf\",\"potentialAction\":[{\"@type\":\"SearchAction\",\"target\":{\"@type\":\"EntryPoint\",\"urlTemplate\":\"https:\\\/\\\/www.christianobtf.com\\\/?s={search_term_string}\"},\"query-input\":{\"@type\":\"PropertyValueSpecification\",\"valueRequired\":true,\"valueName\":\"search_term_string\"}}],\"inLanguage\":\"es\"},{\"@type\":\"Organization\",\"@id\":\"https:\\\/\\\/www.christianobtf.com\\\/#organization\",\"name\":\"Christiano Btf\",\"url\":\"https:\\\/\\\/www.christianobtf.com\\\/\",\"logo\":{\"@type\":\"ImageObject\",\"inLanguage\":\"es\",\"@id\":\"https:\\\/\\\/www.christianobtf.com\\\/#\\\/schema\\\/logo\\\/image\\\/\",\"url\":\"https:\\\/\\\/i0.wp.com\\\/www.christianobtf.com\\\/wp-content\\\/uploads\\\/2023\\\/06\\\/cropped-Christiano-btf-icon.png?fit=1919%2C576&ssl=1\",\"contentUrl\":\"https:\\\/\\\/i0.wp.com\\\/www.christianobtf.com\\\/wp-content\\\/uploads\\\/2023\\\/06\\\/cropped-Christiano-btf-icon.png?fit=1919%2C576&ssl=1\",\"width\":1919,\"height\":576,\"caption\":\"Christiano Btf\"},\"image\":{\"@id\":\"https:\\\/\\\/www.christianobtf.com\\\/#\\\/schema\\\/logo\\\/image\\\/\"},\"sameAs\":[\"https:\\\/\\\/www.facebook.com\\\/christianobtf\",\"https:\\\/\\\/x.com\\\/christianobtf\",\"https:\\\/\\\/tiktok.com\\\/@christianobtf\",\"https:\\\/\\\/www.youtube.com\\\/@christianobtf\",\"https:\\\/\\\/www.instagram.com\\\/christiano_btf\\\/\"]},{\"@type\":\"Person\",\"@id\":\"https:\\\/\\\/www.christianobtf.com\\\/#\\\/schema\\\/person\\\/d4f35eeee402432e37887b4633f17b95\",\"name\":\"Christiano Btf\",\"image\":{\"@type\":\"ImageObject\",\"inLanguage\":\"es\",\"@id\":\"\\\/\\\/www.gravatar.com\\\/avatar\\\/ec6515be259d60bfd92b65898c83fa2f?s=96&#038;r=g&#038;d=mm\",\"url\":\"\\\/\\\/www.gravatar.com\\\/avatar\\\/ec6515be259d60bfd92b65898c83fa2f?s=96&#038;r=g&#038;d=mm\",\"contentUrl\":\"\\\/\\\/www.gravatar.com\\\/avatar\\\/ec6515be259d60bfd92b65898c83fa2f?s=96&#038;r=g&#038;d=mm\",\"caption\":\"Christiano Btf\"},\"description\":\"En tant que fervent amateur de connaissances et de d\u00e9couvertes, je m'efforce de vous offrir un contenu informatif et stimulant. Ma qu\u00eate consiste \u00e0 fournir des informations de qualit\u00e9, \u00e0 d\u00e9crypter l'actualit\u00e9 et \u00e0 partager des analyses perspicaces. Pour moi, comprendre et analyser les donn\u00e9es est bien plus qu'une passion, c'est un engagement envers l'enrichissement intellectuel. Rejoignez-moi dans cette aventure intellectuelle o\u00f9 la curiosit\u00e9, la r\u00e9flexion et la soif de connaissances se conjuguent pour offrir un regard approfondi sur le monde qui nous entoure.\",\"sameAs\":[\"https:\\\/\\\/www.christianobtf.com\",\"https:\\\/\\\/www.facebook.com\\\/christianobtf\",\"https:\\\/\\\/www.instagram.com\\\/christiano_btf\",\"https:\\\/\\\/x.com\\\/https:\\\/\\\/www.twitter.com\\\/christianobtf\",\"https:\\\/\\\/www.youtube.com\\\/@christianobtf\"],\"honorificSuffix\":\"Master\",\"award\":[\"Po\u00e9sie\",\"Litt\u00e9rature\"],\"knowsAbout\":[\"Actualit\u00e9\",\"Po\u00e9sie\",\"Business\"],\"knowsLanguage\":[\"Fran\u00e7ais\",\"Anglais\",\"Arabe\"],\"jobTitle\":\"Ing\u00e9nieur\",\"url\":\"https:\\\/\\\/www.christianobtf.com\\\/es\\\/author\\\/christianobtf\\\/\"}]}<\/script>\n<!-- \/ Yoast SEO Premium plugin. -->","yoast_head_json":{"title":"Los 10 Momentos Destacados en Im\u00e1genes del Mundo del F\u00fatbol en 2023 | Christiano Btf","description":"Descubre los momentos memorables que han dado forma al panorama del f\u00fatbol mundial en 2023. Nuevos talentos emergen, se rompen r\u00e9cords y eventos inesperados marcan este a\u00f1o excepcional.","robots":{"index":"index","follow":"follow","max-snippet":"max-snippet:-1","max-image-preview":"max-image-preview:large","max-video-preview":"max-video-preview:-1"},"canonical":"https:\/\/www.christianobtf.com\/les-10-moments-forts-en-images-du-monde-du-football-en-2023\/","og_locale":"es_ES","og_type":"article","og_title":"Los 10 Momentos Destacados en Im\u00e1genes del Mundo del F\u00fatbol en 2023","og_description":"Descubre los momentos memorables que han dado forma al panorama del f\u00fatbol mundial en 2023. Nuevos talentos emergen, se rompen r\u00e9cords y eventos inesperados marcan este a\u00f1o excepcional.","og_url":"https:\/\/www.christianobtf.com\/les-10-moments-forts-en-images-du-monde-du-football-en-2023\/","og_site_name":"Christiano Btf","article_publisher":"https:\/\/www.facebook.com\/christianobtf","article_author":"https:\/\/www.facebook.com\/christianobtf","article_published_time":"2023-12-29T12:14:21+00:00","article_modified_time":"2023-12-29T12:47:00+00:00","og_image":[{"width":1300,"height":1018,"url":"https:\/\/www.christianobtf.com\/wp-content\/uploads\/2023\/12\/bonne-annee-de-football-2023-logo-de-fond-de-la-housse-de-sport-2023-avec-des-etoiles-de-balle-et-d-or-illustration-vectorielle-pour-la-banniere-du-tournoi-le-calendrier-des-competitions-2kdy8fx.jpg","type":"image\/jpeg"}],"author":"Christiano Btf","twitter_card":"summary_large_image","twitter_description":"Descubre los momentos memorables que han dado forma al panorama del f\u00fatbol mundial en 2023. Nuevos talentos emergen, se rompen r\u00e9cords y eventos inesperados marcan este a\u00f1o excepcional.","twitter_creator":"@https:\/\/www.twitter.com\/christianobtf","twitter_site":"@christianobtf","twitter_misc":{"Escrito por":"Christiano Btf<span class=\"bp-verified-badge\"><\/span>","Tiempo de lectura":"6 minutos"},"schema":{"@context":"https:\/\/schema.org","@graph":[{"@type":"Article","@id":"https:\/\/www.christianobtf.com\/les-10-moments-forts-en-images-du-monde-du-football-en-2023\/#article","isPartOf":{"@id":"https:\/\/www.christianobtf.com\/les-10-moments-forts-en-images-du-monde-du-football-en-2023\/"},"author":{"name":"Christiano Btf","@id":"https:\/\/www.christianobtf.com\/#\/schema\/person\/d4f35eeee402432e37887b4633f17b95"},"headline":"Los 10 Momentos Destacados en Im\u00e1genes del Mundo del F\u00fatbol en 2023","datePublished":"2023-12-29T12:14:21+00:00","dateModified":"2023-12-29T12:47:00+00:00","mainEntityOfPage":{"@id":"https:\/\/www.christianobtf.com\/les-10-moments-forts-en-images-du-monde-du-football-en-2023\/"},"wordCount":739,"commentCount":0,"publisher":{"@id":"https:\/\/www.christianobtf.com\/#organization"},"image":{"@id":"https:\/\/www.christianobtf.com\/les-10-moments-forts-en-images-du-monde-du-football-en-2023\/#primaryimage"},"thumbnailUrl":"https:\/\/i0.wp.com\/www.christianobtf.com\/wp-content\/uploads\/2023\/12\/bonne-annee-de-football-2023-logo-de-fond-de-la-housse-de-sport-2023-avec-des-etoiles-de-balle-et-d-or-illustration-vectorielle-pour-la-banniere-du-tournoi-le-calendrier-des-competitions-2kdy8fx.jpg?fit=1300%2C1018&ssl=1","keywords":["Eventos Inesperados","F\u00fatbol Mundial","Momentos Destacados","Nuevos Talentos","Records 2023"],"articleSection":["F\u00fatbol"],"inLanguage":"es","potentialAction":[{"@type":"CommentAction","name":"Comment","target":["https:\/\/www.christianobtf.com\/les-10-moments-forts-en-images-du-monde-du-football-en-2023\/#respond"]}]},{"@type":"WebPage","@id":"https:\/\/www.christianobtf.com\/les-10-moments-forts-en-images-du-monde-du-football-en-2023\/","url":"https:\/\/www.christianobtf.com\/les-10-moments-forts-en-images-du-monde-du-football-en-2023\/","name":"Los 10 Momentos Destacados en Im\u00e1genes del Mundo del F\u00fatbol en 2023 | Christiano Btf","isPartOf":{"@id":"https:\/\/www.christianobtf.com\/#website"},"primaryImageOfPage":{"@id":"https:\/\/www.christianobtf.com\/les-10-moments-forts-en-images-du-monde-du-football-en-2023\/#primaryimage"},"image":{"@id":"https:\/\/www.christianobtf.com\/les-10-moments-forts-en-images-du-monde-du-football-en-2023\/#primaryimage"},"thumbnailUrl":"https:\/\/i0.wp.com\/www.christianobtf.com\/wp-content\/uploads\/2023\/12\/bonne-annee-de-football-2023-logo-de-fond-de-la-housse-de-sport-2023-avec-des-etoiles-de-balle-et-d-or-illustration-vectorielle-pour-la-banniere-du-tournoi-le-calendrier-des-competitions-2kdy8fx.jpg?fit=1300%2C1018&ssl=1","datePublished":"2023-12-29T12:14:21+00:00","dateModified":"2023-12-29T12:47:00+00:00","description":"Descubre los momentos memorables que han dado forma al panorama del f\u00fatbol mundial en 2023. Nuevos talentos emergen, se rompen r\u00e9cords y eventos inesperados marcan este a\u00f1o excepcional.","breadcrumb":{"@id":"https:\/\/www.christianobtf.com\/les-10-moments-forts-en-images-du-monde-du-football-en-2023\/#breadcrumb"},"inLanguage":"es","potentialAction":[{"@type":"ReadAction","target":["https:\/\/www.christianobtf.com\/les-10-moments-forts-en-images-du-monde-du-football-en-2023\/"]}]},{"@type":"ImageObject","inLanguage":"es","@id":"https:\/\/www.christianobtf.com\/les-10-moments-forts-en-images-du-monde-du-football-en-2023\/#primaryimage","url":"https:\/\/i0.wp.com\/www.christianobtf.com\/wp-content\/uploads\/2023\/12\/bonne-annee-de-football-2023-logo-de-fond-de-la-housse-de-sport-2023-avec-des-etoiles-de-balle-et-d-or-illustration-vectorielle-pour-la-banniere-du-tournoi-le-calendrier-des-competitions-2kdy8fx.jpg?fit=1300%2C1018&ssl=1","contentUrl":"https:\/\/i0.wp.com\/www.christianobtf.com\/wp-content\/uploads\/2023\/12\/bonne-annee-de-football-2023-logo-de-fond-de-la-housse-de-sport-2023-avec-des-etoiles-de-balle-et-d-or-illustration-vectorielle-pour-la-banniere-du-tournoi-le-calendrier-des-competitions-2kdy8fx.jpg?fit=1300%2C1018&ssl=1","width":1300,"height":1018},{"@type":"BreadcrumbList","@id":"https:\/\/www.christianobtf.com\/les-10-moments-forts-en-images-du-monde-du-football-en-2023\/#breadcrumb","itemListElement":[{"@type":"ListItem","position":1,"name":"Accueil","item":"https:\/\/www.christianobtf.com\/es\/"},{"@type":"ListItem","position":2,"name":"Los 10 Momentos Destacados en Im\u00e1genes del Mundo del F\u00fatbol en 2023"}]},{"@type":"WebSite","@id":"https:\/\/www.christianobtf.com\/#website","url":"https:\/\/www.christianobtf.com\/","name":"Christiano Btf","description":"Avoir mati\u00e8res \u00e0 penser","publisher":{"@id":"https:\/\/www.christianobtf.com\/#organization"},"alternateName":"Christiano Btf","potentialAction":[{"@type":"SearchAction","target":{"@type":"EntryPoint","urlTemplate":"https:\/\/www.christianobtf.com\/?s={search_term_string}"},"query-input":{"@type":"PropertyValueSpecification","valueRequired":true,"valueName":"search_term_string"}}],"inLanguage":"es"},{"@type":"Organization","@id":"https:\/\/www.christianobtf.com\/#organization","name":"Christiano Btf","url":"https:\/\/www.christianobtf.com\/","logo":{"@type":"ImageObject","inLanguage":"es","@id":"https:\/\/www.christianobtf.com\/#\/schema\/logo\/image\/","url":"https:\/\/i0.wp.com\/www.christianobtf.com\/wp-content\/uploads\/2023\/06\/cropped-Christiano-btf-icon.png?fit=1919%2C576&ssl=1","contentUrl":"https:\/\/i0.wp.com\/www.christianobtf.com\/wp-content\/uploads\/2023\/06\/cropped-Christiano-btf-icon.png?fit=1919%2C576&ssl=1","width":1919,"height":576,"caption":"Christiano Btf"},"image":{"@id":"https:\/\/www.christianobtf.com\/#\/schema\/logo\/image\/"},"sameAs":["https:\/\/www.facebook.com\/christianobtf","https:\/\/x.com\/christianobtf","https:\/\/tiktok.com\/@christianobtf","https:\/\/www.youtube.com\/@christianobtf","https:\/\/www.instagram.com\/christiano_btf\/"]},{"@type":"Person","@id":"https:\/\/www.christianobtf.com\/#\/schema\/person\/d4f35eeee402432e37887b4633f17b95","name":"Christiano Btf","image":{"@type":"ImageObject","inLanguage":"es","@id":"\/\/www.gravatar.com\/avatar\/ec6515be259d60bfd92b65898c83fa2f?s=96&#038;r=g&#038;d=mm","url":"\/\/www.gravatar.com\/avatar\/ec6515be259d60bfd92b65898c83fa2f?s=96&#038;r=g&#038;d=mm","contentUrl":"\/\/www.gravatar.com\/avatar\/ec6515be259d60bfd92b65898c83fa2f?s=96&#038;r=g&#038;d=mm","caption":"Christiano Btf"},"description":"En tant que fervent amateur de connaissances et de d\u00e9couvertes, je m'efforce de vous offrir un contenu informatif et stimulant. Ma qu\u00eate consiste \u00e0 fournir des informations de qualit\u00e9, \u00e0 d\u00e9crypter l'actualit\u00e9 et \u00e0 partager des analyses perspicaces. Pour moi, comprendre et analyser les donn\u00e9es est bien plus qu'une passion, c'est un engagement envers l'enrichissement intellectuel. Rejoignez-moi dans cette aventure intellectuelle o\u00f9 la curiosit\u00e9, la r\u00e9flexion et la soif de connaissances se conjuguent pour offrir un regard approfondi sur le monde qui nous entoure.","sameAs":["https:\/\/www.christianobtf.com","https:\/\/www.facebook.com\/christianobtf","https:\/\/www.instagram.com\/christiano_btf","https:\/\/x.com\/https:\/\/www.twitter.com\/christianobtf","https:\/\/www.youtube.com\/@christianobtf"],"honorificSuffix":"Master","award":["Po\u00e9sie","Litt\u00e9rature"],"knowsAbout":["Actualit\u00e9","Po\u00e9sie","Business"],"knowsLanguage":["Fran\u00e7ais","Anglais","Arabe"],"jobTitle":"Ing\u00e9nieur","url":"https:\/\/www.christianobtf.com\/es\/author\/christianobtf\/"}]}},"jetpack_publicize_connections":[],"jetpack_featured_media_url":"https:\/\/i0.wp.com\/www.christianobtf.com\/wp-content\/uploads\/2023\/12\/bonne-annee-de-football-2023-logo-de-fond-de-la-housse-de-sport-2023-avec-des-etoiles-de-balle-et-d-or-illustration-vectorielle-pour-la-banniere-du-tournoi-le-calendrier-des-competitions-2kdy8fx.jpg?fit=1300%2C1018&ssl=1","jetpack_sharing_enabled":true,"_links":{"self":[{"href":"https:\/\/www.christianobtf.com\/es\/wp-json\/wp\/v2\/posts\/15911","targetHints":{"allow":["GET"]}}],"collection":[{"href":"https:\/\/www.christianobtf.com\/es\/wp-json\/wp\/v2\/posts"}],"about":[{"href":"https:\/\/www.christianobtf.com\/es\/wp-json\/wp\/v2\/types\/post"}],"author":[{"embeddable":true,"href":"https:\/\/www.christianobtf.com\/es\/wp-json\/wp\/v2\/users\/1"}],"replies":[{"embeddable":true,"href":"https:\/\/www.christianobtf.com\/es\/wp-json\/wp\/v2\/comments?post=15911"}],"version-history":[{"count":1,"href":"https:\/\/www.christianobtf.com\/es\/wp-json\/wp\/v2\/posts\/15911\/revisions"}],"predecessor-version":[{"id":15913,"href":"https:\/\/www.christianobtf.com\/es\/wp-json\/wp\/v2\/posts\/15911\/revisions\/15913"}],"wp:featuredmedia":[{"embeddable":true,"href":"https:\/\/www.christianobtf.com\/es\/wp-json\/wp\/v2\/media\/15897"}],"wp:attachment":[{"href":"https:\/\/www.christianobtf.com\/es\/wp-json\/wp\/v2\/media?parent=15911"}],"wp:term":[{"taxonomy":"category","embeddable":true,"href":"https:\/\/www.christianobtf.com\/es\/wp-json\/wp\/v2\/categories?post=15911"},{"taxonomy":"post_tag","embeddable":true,"href":"https:\/\/www.christianobtf.com\/es\/wp-json\/wp\/v2\/tags?post=15911"}],"curies":[{"name":"wp","href":"https:\/\/api.w.org\/{rel}","templated":true}]}}