{"id":14182,"date":"2023-12-01T11:29:31","date_gmt":"2023-12-01T11:29:31","guid":{"rendered":"https:\/\/www.christianobtf.com\/marwa-abdel-moneim-defiende-la-decision-de-su-hija-de-llevar-el-hiyab\/"},"modified":"2023-12-01T11:29:31","modified_gmt":"2023-12-01T11:29:31","slug":"marwa-abdel-moneim-defiende-la-decision-de-su-hija-de-llevar-el-hiyab","status":"publish","type":"post","link":"https:\/\/www.christianobtf.com\/es\/marwa-abdel-moneim-defiende-la-decision-de-su-hija-de-llevar-el-hiyab\/","title":{"rendered":"Marwa Abdel Moneim defiende la decisi\u00f3n de su hija de llevar el hiyab"},"content":{"rendered":"<p>La actriz <strong>Marwa Abdel Moneim<\/strong> revel\u00f3 recientemente en su cuenta oficial de Facebook que su hija, <strong>Hoor<\/strong>, ha decidido llevar el <strong>hiyab<\/strong>. Este anuncio desencaden\u00f3 una serie de reacciones por parte del p\u00fablico, pero Marwa respondi\u00f3 con firmeza, defendiendo la elecci\u00f3n de su hija e invocando su fe.<\/p>\n<p>En la foto compartida, Marwa y su hija est\u00e1n juntas, y el comentario de Marwa muestra su orgullo por la decisi\u00f3n de Hoor. Dijo:  <strong><em>\u00abEstoy orgulloso de mi hija. S\u00ed, mi hija fue velada cuando yo a\u00fan estaba aqu\u00ed. Basta de acoso, chicos, y de las palabras extra\u00f1as que oigo&#8230; \u00bfC\u00f3mo puede la hija estar velada cuando su madre no lo est\u00e1? Chicos, el \u00fanico que me pedir\u00e1 cuentas es Dios, \u00e9l es quien sabe lo que est\u00e1 oculto\u00bb.<\/em><\/strong><\/p>\n<p>Las reacciones positivas no se hicieron esperar, y muchos seguidores felicitaron a Hoor por su decisi\u00f3n. Comentarios como <em><br \/>\n  <strong>\u00abDios te bendiga<\/strong><br \/>\n<\/em> y <em><br \/>\n  <strong>\u00abQue encuentre paz y protecci\u00f3n\u00bb<\/strong><br \/>\n<\/em> inundaron la publicaci\u00f3n.<\/p>\n<p>Marwa Abdel Moneim, invitada reciente a <strong>\u00abOne of the People\u00bb<\/strong>, comparti\u00f3 detalles de su relaci\u00f3n con su hija. Explic\u00f3 su decisi\u00f3n de abandonar el mundo del cine, destacando los retos psicol\u00f3gicos asociados a la industria cinematogr\u00e1fica.<\/p>\n<p>Adem\u00e1s, Marwa y Hoor interpretaron a d\u00fao la canci\u00f3n \u00abAl-Bint Majnani\u00bb, gan\u00e1ndose la admiraci\u00f3n del p\u00fablico. Estos momentos compartidos en las redes sociales han animado a los fans a animar al d\u00fao a seguir publicando este tipo de v\u00eddeos.<\/p>\n<p>Ante las cr\u00edticas, Marwa Abdel Moneim public\u00f3 una serie de fotos de su hija, reafirmando su orgullo y expresando su molestia por los comentarios negativos. Concluye recordando que s\u00f3lo Dios puede juzgarla.<\/p>\n<p>Este anuncio se produce en un momento en el que Marwa Abdel Moneim tambi\u00e9n participa en la serie de televisi\u00f3n \u00abAnd We Stayed Two\u00bb. La serie, protagonizada por Sherif Mounir y Rania Youssef, trata temas relacionados con las relaciones familiares y el matrimonio.<\/p>\n<p>Al defender la decisi\u00f3n de su hija, Marwa Abdel Moneim subraya que cree que hay que rendir cuentas a Dios y no a los cr\u00edticos de la sociedad. Su testimonio destaca la fuerza de su fe y su compromiso con las decisiones personales de su familia.<\/p>\n<figure id=\"attachment_14165\" aria-describedby=\"caption-attachment-14165\" style=\"width: 674px\" class=\"wp-caption aligncenter\"><img data-recalc-dims=\"1\" loading=\"lazy\" decoding=\"async\" class=\"size-full wp-image-14165\" src=\"https:\/\/i0.wp.com\/www.christianobtf.com\/wp-content\/uploads\/2023\/12\/2260638_0.jpg?resize=674%2C485&#038;ssl=1\" alt=\"\" width=\"674\" height=\"485\" srcset=\"https:\/\/i0.wp.com\/www.christianobtf.com\/wp-content\/uploads\/2023\/12\/2260638_0.jpg?w=674&amp;ssl=1 674w, https:\/\/i0.wp.com\/www.christianobtf.com\/wp-content\/uploads\/2023\/12\/2260638_0.jpg?resize=300%2C216&amp;ssl=1 300w, https:\/\/i0.wp.com\/www.christianobtf.com\/wp-content\/uploads\/2023\/12\/2260638_0.jpg?resize=150%2C108&amp;ssl=1 150w\" sizes=\"auto, (max-width: 674px) 100vw, 674px\" \/><figcaption id=\"caption-attachment-14165\" class=\"wp-caption-text\">{%CAPTION%}<\/figcaption><\/figure>\n<p>El episodio tambi\u00e9n pone de relieve la complejidad de los retos a los que se ha enfrentado Marwa, incluido su divorcio y su decisi\u00f3n de abandonar el domicilio conyugal por un piso de alquiler. Marwa explica que el divorcio fue m\u00e1s dif\u00edcil que las acusaciones vertidas contra ella en el caso de la \u00abcriada\u00bb. Atribuye su fuerza a su fe y subraya su incapacidad para ajustarse a las expectativas de la industria cinematogr\u00e1fica.<\/p>\n<blockquote class=\" quote-light \"><p><em><strong>Leer m\u00e1s : <\/strong><a href=\"https:\/\/www.christianobtf.com\/egypte-lautorite-electorale-nationale-facilite-lacces-a-la-commission-electorale-pour-les-elections-presidentielles-grace-a-son-site-web-novateur\/\">Egipto: La Autoridad Electoral Nacional facilita el acceso a la Comisi\u00f3n Electoral para las elecciones presidenciales gracias a su innovador sitio web<\/a><\/em><\/p><\/blockquote>\n<p>En conclusi\u00f3n, Marwa Abdel Moneim sigue manteni\u00e9ndose firme ante las cr\u00edticas, subrayando su convicci\u00f3n de que Dios es su juez \u00faltimo. El anuncio, al tiempo que destaca la elecci\u00f3n de su hija de llevar el hiyab, ofrece una visi\u00f3n de la vida personal y los valores de la c\u00e9lebre actriz.<\/p>\n<p>&nbsp;<\/p>\n","protected":false},"excerpt":{"rendered":"<p>La actriz Marwa Abdel Moneim responde a los ataques p\u00fablicos despu\u00e9s de que su hija decidiera llevar el hiyab. Expresa su orgullo y reafirma que Dios es el \u00fanico que puede juzgarla. M\u00e1s informaci\u00f3n sobre este anuncio, que ha suscitado reacciones muy diversas.<\/p>\n","protected":false},"author":1,"featured_media":14164,"comment_status":"open","ping_status":"open","sticky":false,"template":"","format":"standard","meta":{"jetpack_post_was_ever_published":false,"_jetpack_newsletter_access":"","_jetpack_dont_email_post_to_subs":false,"_jetpack_newsletter_tier_id":0,"_jetpack_memberships_contains_paywalled_content":false,"_jetpack_memberships_contains_paid_content":false,"footnotes":"","jetpack_publicize_message":"","jetpack_publicize_feature_enabled":true,"jetpack_social_post_already_shared":false,"jetpack_social_options":{"image_generator_settings":{"template":"highway","default_image_id":0,"font":"","enabled":false},"version":2}},"categories":[3854],"tags":[4693,4696,4695,4694,4692],"class_list":["post-14182","post","type-post","status-publish","format-standard","has-post-thumbnail","hentry","category-egipto","tag-defensa","tag-eleccion-personal","tag-hijab-es","tag-marwa-abdel-moneim-es","tag-reacciones"],"yoast_head":"<!-- This site is optimized with the Yoast SEO Premium plugin v22.6 (Yoast SEO v27.5) - https:\/\/yoast.com\/product\/yoast-seo-premium-wordpress\/ -->\n<title>Marwa Abdel Moneim defiende la decisi\u00f3n de su hija de llevar el hiyab | Christiano Btf<\/title>\n<meta name=\"description\" content=\"La actriz Marwa Abdel Moneim responde a los ataques p\u00fablicos despu\u00e9s de que su hija decidiera llevar el hiyab. Expresa su orgullo y reafirma que Dios es el \u00fanico que puede juzgarla. M\u00e1s informaci\u00f3n sobre este anuncio, que ha suscitado reacciones muy diversas.\" \/>\n<meta name=\"robots\" content=\"index, follow, max-snippet:-1, max-image-preview:large, max-video-preview:-1\" \/>\n<link rel=\"canonical\" href=\"https:\/\/www.christianobtf.com\/es\/marwa-abdel-moneim-defiende-la-decision-de-su-hija-de-llevar-el-hiyab\/\" \/>\n<meta property=\"og:locale\" content=\"es_ES\" \/>\n<meta property=\"og:type\" content=\"article\" \/>\n<meta property=\"og:title\" content=\"Marwa Abdel Moneim defiende la decisi\u00f3n de su hija de llevar el hiyab\" \/>\n<meta property=\"og:description\" content=\"La actriz Marwa Abdel Moneim responde a los ataques p\u00fablicos despu\u00e9s de que su hija decidiera llevar el hiyab. Expresa su orgullo y reafirma que Dios es el \u00fanico que puede juzgarla. M\u00e1s informaci\u00f3n sobre este anuncio, que ha suscitado reacciones muy diversas.\" \/>\n<meta property=\"og:url\" content=\"https:\/\/www.christianobtf.com\/es\/marwa-abdel-moneim-defiende-la-decision-de-su-hija-de-llevar-el-hiyab\/\" \/>\n<meta property=\"og:site_name\" content=\"Christiano Btf\" \/>\n<meta property=\"article:publisher\" content=\"https:\/\/www.facebook.com\/christianobtf\" \/>\n<meta property=\"article:author\" content=\"https:\/\/www.facebook.com\/christianobtf\" \/>\n<meta property=\"article:published_time\" content=\"2023-12-01T11:29:31+00:00\" \/>\n<meta property=\"og:image\" content=\"https:\/\/www.christianobtf.com\/wp-content\/uploads\/2023\/12\/316.webp\" \/>\n\t<meta property=\"og:image:width\" content=\"600\" \/>\n\t<meta property=\"og:image:height\" content=\"338\" \/>\n\t<meta property=\"og:image:type\" content=\"image\/webp\" \/>\n<meta name=\"author\" content=\"Christiano Btf\" \/>\n<meta name=\"twitter:card\" content=\"summary_large_image\" \/>\n<meta name=\"twitter:description\" content=\"La actriz Marwa Abdel Moneim responde a los ataques p\u00fablicos despu\u00e9s de que su hija decidiera llevar el hiyab. Expresa su orgullo y reafirma que Dios es el \u00fanico que puede juzgarla. M\u00e1s informaci\u00f3n sobre este anuncio, que ha suscitado reacciones muy diversas.\" \/>\n<meta name=\"twitter:creator\" content=\"@https:\/\/www.twitter.com\/christianobtf\" \/>\n<meta name=\"twitter:site\" content=\"@christianobtf\" \/>\n<meta name=\"twitter:label1\" content=\"Escrito por\" \/>\n\t<meta name=\"twitter:data1\" content=\"Christiano Btf&lt;span class=&quot;bp-verified-badge&quot;&gt;&lt;\/span&gt;\" \/>\n\t<meta name=\"twitter:label2\" content=\"Tiempo de lectura\" \/>\n\t<meta name=\"twitter:data2\" content=\"3 minutos\" \/>\n<script type=\"application\/ld+json\" class=\"yoast-schema-graph\">{\"@context\":\"https:\\\/\\\/schema.org\",\"@graph\":[{\"@type\":\"Article\",\"@id\":\"https:\\\/\\\/www.christianobtf.com\\\/es\\\/marwa-abdel-moneim-defiende-la-decision-de-su-hija-de-llevar-el-hiyab\\\/#article\",\"isPartOf\":{\"@id\":\"https:\\\/\\\/www.christianobtf.com\\\/es\\\/marwa-abdel-moneim-defiende-la-decision-de-su-hija-de-llevar-el-hiyab\\\/\"},\"author\":{\"name\":\"Christiano Btf\",\"@id\":\"https:\\\/\\\/www.christianobtf.com\\\/#\\\/schema\\\/person\\\/d4f35eeee402432e37887b4633f17b95\"},\"headline\":\"Marwa Abdel Moneim defiende la decisi\u00f3n de su hija de llevar el hiyab\",\"datePublished\":\"2023-12-01T11:29:31+00:00\",\"mainEntityOfPage\":{\"@id\":\"https:\\\/\\\/www.christianobtf.com\\\/es\\\/marwa-abdel-moneim-defiende-la-decision-de-su-hija-de-llevar-el-hiyab\\\/\"},\"wordCount\":565,\"commentCount\":0,\"publisher\":{\"@id\":\"https:\\\/\\\/www.christianobtf.com\\\/#organization\"},\"image\":{\"@id\":\"https:\\\/\\\/www.christianobtf.com\\\/es\\\/marwa-abdel-moneim-defiende-la-decision-de-su-hija-de-llevar-el-hiyab\\\/#primaryimage\"},\"thumbnailUrl\":\"https:\\\/\\\/i0.wp.com\\\/www.christianobtf.com\\\/wp-content\\\/uploads\\\/2023\\\/12\\\/316.webp?fit=600%2C338&ssl=1\",\"keywords\":[\"defensa\",\"Elecci\u00f3n personal\",\"Hijab\",\"Marwa Abdel Moneim\",\"reacciones\"],\"articleSection\":[\"Egipto\"],\"inLanguage\":\"es\",\"potentialAction\":[{\"@type\":\"CommentAction\",\"name\":\"Comment\",\"target\":[\"https:\\\/\\\/www.christianobtf.com\\\/es\\\/marwa-abdel-moneim-defiende-la-decision-de-su-hija-de-llevar-el-hiyab\\\/#respond\"]}]},{\"@type\":\"WebPage\",\"@id\":\"https:\\\/\\\/www.christianobtf.com\\\/es\\\/marwa-abdel-moneim-defiende-la-decision-de-su-hija-de-llevar-el-hiyab\\\/\",\"url\":\"https:\\\/\\\/www.christianobtf.com\\\/es\\\/marwa-abdel-moneim-defiende-la-decision-de-su-hija-de-llevar-el-hiyab\\\/\",\"name\":\"Marwa Abdel Moneim defiende la decisi\u00f3n de su hija de llevar el hiyab | Christiano Btf\",\"isPartOf\":{\"@id\":\"https:\\\/\\\/www.christianobtf.com\\\/#website\"},\"primaryImageOfPage\":{\"@id\":\"https:\\\/\\\/www.christianobtf.com\\\/es\\\/marwa-abdel-moneim-defiende-la-decision-de-su-hija-de-llevar-el-hiyab\\\/#primaryimage\"},\"image\":{\"@id\":\"https:\\\/\\\/www.christianobtf.com\\\/es\\\/marwa-abdel-moneim-defiende-la-decision-de-su-hija-de-llevar-el-hiyab\\\/#primaryimage\"},\"thumbnailUrl\":\"https:\\\/\\\/i0.wp.com\\\/www.christianobtf.com\\\/wp-content\\\/uploads\\\/2023\\\/12\\\/316.webp?fit=600%2C338&ssl=1\",\"datePublished\":\"2023-12-01T11:29:31+00:00\",\"description\":\"La actriz Marwa Abdel Moneim responde a los ataques p\u00fablicos despu\u00e9s de que su hija decidiera llevar el hiyab. Expresa su orgullo y reafirma que Dios es el \u00fanico que puede juzgarla. M\u00e1s informaci\u00f3n sobre este anuncio, que ha suscitado reacciones muy diversas.\",\"breadcrumb\":{\"@id\":\"https:\\\/\\\/www.christianobtf.com\\\/es\\\/marwa-abdel-moneim-defiende-la-decision-de-su-hija-de-llevar-el-hiyab\\\/#breadcrumb\"},\"inLanguage\":\"es\",\"potentialAction\":[{\"@type\":\"ReadAction\",\"target\":[\"https:\\\/\\\/www.christianobtf.com\\\/es\\\/marwa-abdel-moneim-defiende-la-decision-de-su-hija-de-llevar-el-hiyab\\\/\"]}]},{\"@type\":\"ImageObject\",\"inLanguage\":\"es\",\"@id\":\"https:\\\/\\\/www.christianobtf.com\\\/es\\\/marwa-abdel-moneim-defiende-la-decision-de-su-hija-de-llevar-el-hiyab\\\/#primaryimage\",\"url\":\"https:\\\/\\\/i0.wp.com\\\/www.christianobtf.com\\\/wp-content\\\/uploads\\\/2023\\\/12\\\/316.webp?fit=600%2C338&ssl=1\",\"contentUrl\":\"https:\\\/\\\/i0.wp.com\\\/www.christianobtf.com\\\/wp-content\\\/uploads\\\/2023\\\/12\\\/316.webp?fit=600%2C338&ssl=1\",\"width\":600,\"height\":338,\"caption\":\"Marwa, Mahmoud\"},{\"@type\":\"BreadcrumbList\",\"@id\":\"https:\\\/\\\/www.christianobtf.com\\\/es\\\/marwa-abdel-moneim-defiende-la-decision-de-su-hija-de-llevar-el-hiyab\\\/#breadcrumb\",\"itemListElement\":[{\"@type\":\"ListItem\",\"position\":1,\"name\":\"Accueil\",\"item\":\"https:\\\/\\\/www.christianobtf.com\\\/es\\\/\"},{\"@type\":\"ListItem\",\"position\":2,\"name\":\"Marwa Abdel Moneim defiende la decisi\u00f3n de su hija de llevar el hiyab\"}]},{\"@type\":\"WebSite\",\"@id\":\"https:\\\/\\\/www.christianobtf.com\\\/#website\",\"url\":\"https:\\\/\\\/www.christianobtf.com\\\/\",\"name\":\"Christiano Btf\",\"description\":\"Avoir mati\u00e8res \u00e0 penser\",\"publisher\":{\"@id\":\"https:\\\/\\\/www.christianobtf.com\\\/#organization\"},\"alternateName\":\"Christiano Btf\",\"potentialAction\":[{\"@type\":\"SearchAction\",\"target\":{\"@type\":\"EntryPoint\",\"urlTemplate\":\"https:\\\/\\\/www.christianobtf.com\\\/?s={search_term_string}\"},\"query-input\":{\"@type\":\"PropertyValueSpecification\",\"valueRequired\":true,\"valueName\":\"search_term_string\"}}],\"inLanguage\":\"es\"},{\"@type\":\"Organization\",\"@id\":\"https:\\\/\\\/www.christianobtf.com\\\/#organization\",\"name\":\"Christiano Btf\",\"url\":\"https:\\\/\\\/www.christianobtf.com\\\/\",\"logo\":{\"@type\":\"ImageObject\",\"inLanguage\":\"es\",\"@id\":\"https:\\\/\\\/www.christianobtf.com\\\/#\\\/schema\\\/logo\\\/image\\\/\",\"url\":\"https:\\\/\\\/i0.wp.com\\\/www.christianobtf.com\\\/wp-content\\\/uploads\\\/2023\\\/06\\\/cropped-Christiano-btf-icon.png?fit=1919%2C576&ssl=1\",\"contentUrl\":\"https:\\\/\\\/i0.wp.com\\\/www.christianobtf.com\\\/wp-content\\\/uploads\\\/2023\\\/06\\\/cropped-Christiano-btf-icon.png?fit=1919%2C576&ssl=1\",\"width\":1919,\"height\":576,\"caption\":\"Christiano Btf\"},\"image\":{\"@id\":\"https:\\\/\\\/www.christianobtf.com\\\/#\\\/schema\\\/logo\\\/image\\\/\"},\"sameAs\":[\"https:\\\/\\\/www.facebook.com\\\/christianobtf\",\"https:\\\/\\\/x.com\\\/christianobtf\",\"https:\\\/\\\/tiktok.com\\\/@christianobtf\",\"https:\\\/\\\/www.youtube.com\\\/@christianobtf\",\"https:\\\/\\\/www.instagram.com\\\/christiano_btf\\\/\"]},{\"@type\":\"Person\",\"@id\":\"https:\\\/\\\/www.christianobtf.com\\\/#\\\/schema\\\/person\\\/d4f35eeee402432e37887b4633f17b95\",\"name\":\"Christiano Btf\",\"image\":{\"@type\":\"ImageObject\",\"inLanguage\":\"es\",\"@id\":\"\\\/\\\/www.gravatar.com\\\/avatar\\\/ec6515be259d60bfd92b65898c83fa2f?s=96&#038;r=g&#038;d=mm\",\"url\":\"\\\/\\\/www.gravatar.com\\\/avatar\\\/ec6515be259d60bfd92b65898c83fa2f?s=96&#038;r=g&#038;d=mm\",\"contentUrl\":\"\\\/\\\/www.gravatar.com\\\/avatar\\\/ec6515be259d60bfd92b65898c83fa2f?s=96&#038;r=g&#038;d=mm\",\"caption\":\"Christiano Btf\"},\"description\":\"En tant que fervent amateur de connaissances et de d\u00e9couvertes, je m'efforce de vous offrir un contenu informatif et stimulant. Ma qu\u00eate consiste \u00e0 fournir des informations de qualit\u00e9, \u00e0 d\u00e9crypter l'actualit\u00e9 et \u00e0 partager des analyses perspicaces. Pour moi, comprendre et analyser les donn\u00e9es est bien plus qu'une passion, c'est un engagement envers l'enrichissement intellectuel. Rejoignez-moi dans cette aventure intellectuelle o\u00f9 la curiosit\u00e9, la r\u00e9flexion et la soif de connaissances se conjuguent pour offrir un regard approfondi sur le monde qui nous entoure.\",\"sameAs\":[\"https:\\\/\\\/www.christianobtf.com\",\"https:\\\/\\\/www.facebook.com\\\/christianobtf\",\"https:\\\/\\\/www.instagram.com\\\/christiano_btf\",\"https:\\\/\\\/x.com\\\/https:\\\/\\\/www.twitter.com\\\/christianobtf\",\"https:\\\/\\\/www.youtube.com\\\/@christianobtf\"],\"honorificSuffix\":\"Master\",\"award\":[\"Po\u00e9sie\",\"Litt\u00e9rature\"],\"knowsAbout\":[\"Actualit\u00e9\",\"Po\u00e9sie\",\"Business\"],\"knowsLanguage\":[\"Fran\u00e7ais\",\"Anglais\",\"Arabe\"],\"jobTitle\":\"Ing\u00e9nieur\",\"url\":\"https:\\\/\\\/www.christianobtf.com\\\/es\\\/author\\\/christianobtf\\\/\"}]}<\/script>\n<!-- \/ Yoast SEO Premium plugin. -->","yoast_head_json":{"title":"Marwa Abdel Moneim defiende la decisi\u00f3n de su hija de llevar el hiyab | Christiano Btf","description":"La actriz Marwa Abdel Moneim responde a los ataques p\u00fablicos despu\u00e9s de que su hija decidiera llevar el hiyab. Expresa su orgullo y reafirma que Dios es el \u00fanico que puede juzgarla. M\u00e1s informaci\u00f3n sobre este anuncio, que ha suscitado reacciones muy diversas.","robots":{"index":"index","follow":"follow","max-snippet":"max-snippet:-1","max-image-preview":"max-image-preview:large","max-video-preview":"max-video-preview:-1"},"canonical":"https:\/\/www.christianobtf.com\/es\/marwa-abdel-moneim-defiende-la-decision-de-su-hija-de-llevar-el-hiyab\/","og_locale":"es_ES","og_type":"article","og_title":"Marwa Abdel Moneim defiende la decisi\u00f3n de su hija de llevar el hiyab","og_description":"La actriz Marwa Abdel Moneim responde a los ataques p\u00fablicos despu\u00e9s de que su hija decidiera llevar el hiyab. Expresa su orgullo y reafirma que Dios es el \u00fanico que puede juzgarla. M\u00e1s informaci\u00f3n sobre este anuncio, que ha suscitado reacciones muy diversas.","og_url":"https:\/\/www.christianobtf.com\/es\/marwa-abdel-moneim-defiende-la-decision-de-su-hija-de-llevar-el-hiyab\/","og_site_name":"Christiano Btf","article_publisher":"https:\/\/www.facebook.com\/christianobtf","article_author":"https:\/\/www.facebook.com\/christianobtf","article_published_time":"2023-12-01T11:29:31+00:00","og_image":[{"width":600,"height":338,"url":"https:\/\/www.christianobtf.com\/wp-content\/uploads\/2023\/12\/316.webp","type":"image\/webp"}],"author":"Christiano Btf","twitter_card":"summary_large_image","twitter_description":"La actriz Marwa Abdel Moneim responde a los ataques p\u00fablicos despu\u00e9s de que su hija decidiera llevar el hiyab. Expresa su orgullo y reafirma que Dios es el \u00fanico que puede juzgarla. M\u00e1s informaci\u00f3n sobre este anuncio, que ha suscitado reacciones muy diversas.","twitter_creator":"@https:\/\/www.twitter.com\/christianobtf","twitter_site":"@christianobtf","twitter_misc":{"Escrito por":"Christiano Btf<span class=\"bp-verified-badge\"><\/span>","Tiempo de lectura":"3 minutos"},"schema":{"@context":"https:\/\/schema.org","@graph":[{"@type":"Article","@id":"https:\/\/www.christianobtf.com\/es\/marwa-abdel-moneim-defiende-la-decision-de-su-hija-de-llevar-el-hiyab\/#article","isPartOf":{"@id":"https:\/\/www.christianobtf.com\/es\/marwa-abdel-moneim-defiende-la-decision-de-su-hija-de-llevar-el-hiyab\/"},"author":{"name":"Christiano Btf","@id":"https:\/\/www.christianobtf.com\/#\/schema\/person\/d4f35eeee402432e37887b4633f17b95"},"headline":"Marwa Abdel Moneim defiende la decisi\u00f3n de su hija de llevar el hiyab","datePublished":"2023-12-01T11:29:31+00:00","mainEntityOfPage":{"@id":"https:\/\/www.christianobtf.com\/es\/marwa-abdel-moneim-defiende-la-decision-de-su-hija-de-llevar-el-hiyab\/"},"wordCount":565,"commentCount":0,"publisher":{"@id":"https:\/\/www.christianobtf.com\/#organization"},"image":{"@id":"https:\/\/www.christianobtf.com\/es\/marwa-abdel-moneim-defiende-la-decision-de-su-hija-de-llevar-el-hiyab\/#primaryimage"},"thumbnailUrl":"https:\/\/i0.wp.com\/www.christianobtf.com\/wp-content\/uploads\/2023\/12\/316.webp?fit=600%2C338&ssl=1","keywords":["defensa","Elecci\u00f3n personal","Hijab","Marwa Abdel Moneim","reacciones"],"articleSection":["Egipto"],"inLanguage":"es","potentialAction":[{"@type":"CommentAction","name":"Comment","target":["https:\/\/www.christianobtf.com\/es\/marwa-abdel-moneim-defiende-la-decision-de-su-hija-de-llevar-el-hiyab\/#respond"]}]},{"@type":"WebPage","@id":"https:\/\/www.christianobtf.com\/es\/marwa-abdel-moneim-defiende-la-decision-de-su-hija-de-llevar-el-hiyab\/","url":"https:\/\/www.christianobtf.com\/es\/marwa-abdel-moneim-defiende-la-decision-de-su-hija-de-llevar-el-hiyab\/","name":"Marwa Abdel Moneim defiende la decisi\u00f3n de su hija de llevar el hiyab | Christiano Btf","isPartOf":{"@id":"https:\/\/www.christianobtf.com\/#website"},"primaryImageOfPage":{"@id":"https:\/\/www.christianobtf.com\/es\/marwa-abdel-moneim-defiende-la-decision-de-su-hija-de-llevar-el-hiyab\/#primaryimage"},"image":{"@id":"https:\/\/www.christianobtf.com\/es\/marwa-abdel-moneim-defiende-la-decision-de-su-hija-de-llevar-el-hiyab\/#primaryimage"},"thumbnailUrl":"https:\/\/i0.wp.com\/www.christianobtf.com\/wp-content\/uploads\/2023\/12\/316.webp?fit=600%2C338&ssl=1","datePublished":"2023-12-01T11:29:31+00:00","description":"La actriz Marwa Abdel Moneim responde a los ataques p\u00fablicos despu\u00e9s de que su hija decidiera llevar el hiyab. Expresa su orgullo y reafirma que Dios es el \u00fanico que puede juzgarla. M\u00e1s informaci\u00f3n sobre este anuncio, que ha suscitado reacciones muy diversas.","breadcrumb":{"@id":"https:\/\/www.christianobtf.com\/es\/marwa-abdel-moneim-defiende-la-decision-de-su-hija-de-llevar-el-hiyab\/#breadcrumb"},"inLanguage":"es","potentialAction":[{"@type":"ReadAction","target":["https:\/\/www.christianobtf.com\/es\/marwa-abdel-moneim-defiende-la-decision-de-su-hija-de-llevar-el-hiyab\/"]}]},{"@type":"ImageObject","inLanguage":"es","@id":"https:\/\/www.christianobtf.com\/es\/marwa-abdel-moneim-defiende-la-decision-de-su-hija-de-llevar-el-hiyab\/#primaryimage","url":"https:\/\/i0.wp.com\/www.christianobtf.com\/wp-content\/uploads\/2023\/12\/316.webp?fit=600%2C338&ssl=1","contentUrl":"https:\/\/i0.wp.com\/www.christianobtf.com\/wp-content\/uploads\/2023\/12\/316.webp?fit=600%2C338&ssl=1","width":600,"height":338,"caption":"Marwa, Mahmoud"},{"@type":"BreadcrumbList","@id":"https:\/\/www.christianobtf.com\/es\/marwa-abdel-moneim-defiende-la-decision-de-su-hija-de-llevar-el-hiyab\/#breadcrumb","itemListElement":[{"@type":"ListItem","position":1,"name":"Accueil","item":"https:\/\/www.christianobtf.com\/es\/"},{"@type":"ListItem","position":2,"name":"Marwa Abdel Moneim defiende la decisi\u00f3n de su hija de llevar el hiyab"}]},{"@type":"WebSite","@id":"https:\/\/www.christianobtf.com\/#website","url":"https:\/\/www.christianobtf.com\/","name":"Christiano Btf","description":"Avoir mati\u00e8res \u00e0 penser","publisher":{"@id":"https:\/\/www.christianobtf.com\/#organization"},"alternateName":"Christiano Btf","potentialAction":[{"@type":"SearchAction","target":{"@type":"EntryPoint","urlTemplate":"https:\/\/www.christianobtf.com\/?s={search_term_string}"},"query-input":{"@type":"PropertyValueSpecification","valueRequired":true,"valueName":"search_term_string"}}],"inLanguage":"es"},{"@type":"Organization","@id":"https:\/\/www.christianobtf.com\/#organization","name":"Christiano Btf","url":"https:\/\/www.christianobtf.com\/","logo":{"@type":"ImageObject","inLanguage":"es","@id":"https:\/\/www.christianobtf.com\/#\/schema\/logo\/image\/","url":"https:\/\/i0.wp.com\/www.christianobtf.com\/wp-content\/uploads\/2023\/06\/cropped-Christiano-btf-icon.png?fit=1919%2C576&ssl=1","contentUrl":"https:\/\/i0.wp.com\/www.christianobtf.com\/wp-content\/uploads\/2023\/06\/cropped-Christiano-btf-icon.png?fit=1919%2C576&ssl=1","width":1919,"height":576,"caption":"Christiano Btf"},"image":{"@id":"https:\/\/www.christianobtf.com\/#\/schema\/logo\/image\/"},"sameAs":["https:\/\/www.facebook.com\/christianobtf","https:\/\/x.com\/christianobtf","https:\/\/tiktok.com\/@christianobtf","https:\/\/www.youtube.com\/@christianobtf","https:\/\/www.instagram.com\/christiano_btf\/"]},{"@type":"Person","@id":"https:\/\/www.christianobtf.com\/#\/schema\/person\/d4f35eeee402432e37887b4633f17b95","name":"Christiano Btf","image":{"@type":"ImageObject","inLanguage":"es","@id":"\/\/www.gravatar.com\/avatar\/ec6515be259d60bfd92b65898c83fa2f?s=96&#038;r=g&#038;d=mm","url":"\/\/www.gravatar.com\/avatar\/ec6515be259d60bfd92b65898c83fa2f?s=96&#038;r=g&#038;d=mm","contentUrl":"\/\/www.gravatar.com\/avatar\/ec6515be259d60bfd92b65898c83fa2f?s=96&#038;r=g&#038;d=mm","caption":"Christiano Btf"},"description":"En tant que fervent amateur de connaissances et de d\u00e9couvertes, je m'efforce de vous offrir un contenu informatif et stimulant. Ma qu\u00eate consiste \u00e0 fournir des informations de qualit\u00e9, \u00e0 d\u00e9crypter l'actualit\u00e9 et \u00e0 partager des analyses perspicaces. Pour moi, comprendre et analyser les donn\u00e9es est bien plus qu'une passion, c'est un engagement envers l'enrichissement intellectuel. Rejoignez-moi dans cette aventure intellectuelle o\u00f9 la curiosit\u00e9, la r\u00e9flexion et la soif de connaissances se conjuguent pour offrir un regard approfondi sur le monde qui nous entoure.","sameAs":["https:\/\/www.christianobtf.com","https:\/\/www.facebook.com\/christianobtf","https:\/\/www.instagram.com\/christiano_btf","https:\/\/x.com\/https:\/\/www.twitter.com\/christianobtf","https:\/\/www.youtube.com\/@christianobtf"],"honorificSuffix":"Master","award":["Po\u00e9sie","Litt\u00e9rature"],"knowsAbout":["Actualit\u00e9","Po\u00e9sie","Business"],"knowsLanguage":["Fran\u00e7ais","Anglais","Arabe"],"jobTitle":"Ing\u00e9nieur","url":"https:\/\/www.christianobtf.com\/es\/author\/christianobtf\/"}]}},"jetpack_publicize_connections":[],"jetpack_featured_media_url":"https:\/\/i0.wp.com\/www.christianobtf.com\/wp-content\/uploads\/2023\/12\/316.webp?fit=600%2C338&ssl=1","jetpack_sharing_enabled":true,"_links":{"self":[{"href":"https:\/\/www.christianobtf.com\/es\/wp-json\/wp\/v2\/posts\/14182","targetHints":{"allow":["GET"]}}],"collection":[{"href":"https:\/\/www.christianobtf.com\/es\/wp-json\/wp\/v2\/posts"}],"about":[{"href":"https:\/\/www.christianobtf.com\/es\/wp-json\/wp\/v2\/types\/post"}],"author":[{"embeddable":true,"href":"https:\/\/www.christianobtf.com\/es\/wp-json\/wp\/v2\/users\/1"}],"replies":[{"embeddable":true,"href":"https:\/\/www.christianobtf.com\/es\/wp-json\/wp\/v2\/comments?post=14182"}],"version-history":[{"count":0,"href":"https:\/\/www.christianobtf.com\/es\/wp-json\/wp\/v2\/posts\/14182\/revisions"}],"wp:featuredmedia":[{"embeddable":true,"href":"https:\/\/www.christianobtf.com\/es\/wp-json\/wp\/v2\/media\/14164"}],"wp:attachment":[{"href":"https:\/\/www.christianobtf.com\/es\/wp-json\/wp\/v2\/media?parent=14182"}],"wp:term":[{"taxonomy":"category","embeddable":true,"href":"https:\/\/www.christianobtf.com\/es\/wp-json\/wp\/v2\/categories?post=14182"},{"taxonomy":"post_tag","embeddable":true,"href":"https:\/\/www.christianobtf.com\/es\/wp-json\/wp\/v2\/tags?post=14182"}],"curies":[{"name":"wp","href":"https:\/\/api.w.org\/{rel}","templated":true}]}}