{"id":13590,"date":"2023-11-14T10:07:32","date_gmt":"2023-11-14T10:07:32","guid":{"rendered":"https:\/\/www.christianobtf.com\/?p=13590"},"modified":"2023-11-14T10:16:55","modified_gmt":"2023-11-14T10:16:55","slug":"diogo-dalot-se-retira-temporalmente-del-equipo-nacional-portugues-antes-de-las-eliminatorias-para-la-eurocopa","status":"publish","type":"post","link":"https:\/\/www.christianobtf.com\/es\/diogo-dalot-se-retira-temporalmente-del-equipo-nacional-portugues-antes-de-las-eliminatorias-para-la-eurocopa\/","title":{"rendered":"Diogo Dalot se retira temporalmente del equipo nacional portugu\u00e9s antes de las eliminatorias para la Eurocopa"},"content":{"rendered":"<p><span class=\"tie-dropcap \">E<\/span>l destacado defensor del Manchester United, Diogo Dalot, anunci\u00f3 recientemente su retiro temporal del equipo nacional portugu\u00e9s antes de los pr\u00f3ximos crucialles partidos de clasificaci\u00f3n para la Euro 2024. Esta decisi\u00f3n, confirmada por el confiable periodista de Sky Sports Sports Network, Fabrizio Romano, est\u00e1 motivada por la alegre anticipaci\u00f3n de su primer hijo con su pareja.<\/p>\n<p>En un comunicado oficial, el Manchester United especific\u00f3 que Diogo Dalot se retira del equipo nacional por razones personales, creando un vac\u00edo en el equipo que ser\u00e1 ocupado por el joven lateral derecho del Porto, Joao Mario, listo para hacer su debut internacional.<\/p>\n<p>Mientras que el equipo nacional portugu\u00e9s, bajo la direcci\u00f3n del entrenador Roberto Mart\u00ednez, ya ha asegurado su lugar en la fase final con una racha perfecta en el Grupo 10, Dalot se perder\u00e1 los enfrentamientos contra Liechtenstein e Islandia.<\/p>\n<p>Su compa\u00f1ero de equipo en el Manchester United, Bruno Fernandes, sin embargo, permanece en el equipo, continuando sumando a su impresionante historial de 61 apariciones internacionales y 18 goles.<\/p>\n<p>Diogo Dalot, quien ha jugado 16 partidos con el equipo nacional portugu\u00e9s hasta ahora, tambi\u00e9n ha dejado una huella indeleble con 17 apariciones para el Manchester United esta temporada, incluido un gol memorable contra el Sheffield United. Su contribuci\u00f3n defensiva tambi\u00e9n es notable, habiendo ayudado a mantener la porter\u00eda a cero en tres ocasiones durante este per\u00edodo.<\/p>\n<p>En resumen, la retirada temporal de Diogo Dalot, motivada por la inminente alegr\u00eda de la paternidad, representa un cambio significativo para el equipo nacional portugu\u00e9s mientras contin\u00faan su camino hacia la Eurocopa con determinaci\u00f3n, a pesar de los desaf\u00edos inesperados.<\/p>\n<blockquote><p>Leer :\u00a0<a href=\"https:\/\/www.christianobtf.com\/es\/una-subasta-historica-la-femme-a-la-montre-de-picasso-alcanza-los-139-4-millones-en-sothebys\/\">Una Subasta Hist\u00f3rica: \u00ab\u00a0La Femme \u00e0 la montre\u00a0\u00bb de Picasso Alcanza los $139.4 Millones en Sotheby&amp;rsquo;s<\/a><\/p><\/blockquote>\n<p>&nbsp;<\/p>\n","protected":false},"excerpt":{"rendered":"<p>Diogo Dalot, defensor del Manchester United, se retira temporalmente del equipo nacional portugu\u00e9s debido a la inminente llegada de su primer hijo. Su ausencia tiene un impacto en las eliminatorias para la Eurocopa 2024.<\/p>\n","protected":false},"author":1,"featured_media":13583,"comment_status":"open","ping_status":"open","sticky":false,"template":"","format":"standard","meta":{"jetpack_post_was_ever_published":false,"_jetpack_newsletter_access":"","_jetpack_dont_email_post_to_subs":false,"_jetpack_newsletter_tier_id":0,"_jetpack_memberships_contains_paywalled_content":false,"_jetpack_memberships_contains_paid_content":false,"footnotes":"","jetpack_publicize_message":"","jetpack_publicize_feature_enabled":true,"jetpack_social_post_already_shared":false,"jetpack_social_options":{"image_generator_settings":{"template":"highway","default_image_id":0,"font":"","enabled":false},"version":2}},"categories":[3279],"tags":[3562,3560,3563,3561,3559],"class_list":["post-13590","post","type-post","status-publish","format-standard","has-post-thumbnail","hentry","category-futbol","tag-diogo-dalot-es","tag-equipo-nacional","tag-euro-2024-es","tag-paternidad","tag-retiro"],"yoast_head":"<!-- This site is optimized with the Yoast SEO Premium plugin v22.6 (Yoast SEO v27.5) - https:\/\/yoast.com\/product\/yoast-seo-premium-wordpress\/ -->\n<title>Diogo Dalot se retira temporalmente del equipo nacional portugu\u00e9s antes de las eliminatorias para la Eurocopa | Christiano Btf<\/title>\n<meta name=\"description\" content=\"Diogo Dalot, defensor del Manchester United, se retira temporalmente del equipo nacional portugu\u00e9s debido a la inminente llegada de su primer hijo. Su ausencia tiene un impacto en las eliminatorias para la Eurocopa 2024.\" \/>\n<meta name=\"robots\" content=\"index, follow, max-snippet:-1, max-image-preview:large, max-video-preview:-1\" \/>\n<link rel=\"canonical\" href=\"https:\/\/www.christianobtf.com\/ar\/?p=13593\" \/>\n<meta property=\"og:locale\" content=\"es_ES\" \/>\n<meta property=\"og:type\" content=\"article\" \/>\n<meta property=\"og:title\" content=\"Diogo Dalot se retira temporalmente del equipo nacional portugu\u00e9s antes de las eliminatorias para la Eurocopa\" \/>\n<meta property=\"og:description\" content=\"Diogo Dalot, defensor del Manchester United, se retira temporalmente del equipo nacional portugu\u00e9s debido a la inminente llegada de su primer hijo. Su ausencia tiene un impacto en las eliminatorias para la Eurocopa 2024.\" \/>\n<meta property=\"og:url\" content=\"https:\/\/www.christianobtf.com\/ar\/?p=13593\" \/>\n<meta property=\"og:site_name\" content=\"Christiano Btf\" \/>\n<meta property=\"article:publisher\" content=\"https:\/\/www.facebook.com\/christianobtf\" \/>\n<meta property=\"article:author\" content=\"https:\/\/www.facebook.com\/christianobtf\" \/>\n<meta property=\"article:published_time\" content=\"2023-11-14T10:07:32+00:00\" \/>\n<meta property=\"article:modified_time\" content=\"2023-11-14T10:16:55+00:00\" \/>\n<meta property=\"og:image\" content=\"https:\/\/www.christianobtf.com\/wp-content\/uploads\/2023\/11\/19_2023-638122410646296837-629.jpg\" \/>\n\t<meta property=\"og:image:width\" content=\"980\" \/>\n\t<meta property=\"og:image:height\" content=\"588\" \/>\n\t<meta property=\"og:image:type\" content=\"image\/jpeg\" \/>\n<meta name=\"author\" content=\"Christiano Btf\" \/>\n<meta name=\"twitter:card\" content=\"summary_large_image\" \/>\n<meta name=\"twitter:description\" content=\"Diogo Dalot, defensor del Manchester United, se retira temporalmente del equipo nacional portugu\u00e9s debido a la inminente llegada de su primer hijo. Su ausencia tiene un impacto en las eliminatorias para la Eurocopa 2024.\" \/>\n<meta name=\"twitter:creator\" content=\"@https:\/\/www.twitter.com\/christianobtf\" \/>\n<meta name=\"twitter:site\" content=\"@christianobtf\" \/>\n<meta name=\"twitter:label1\" content=\"Escrito por\" \/>\n\t<meta name=\"twitter:data1\" content=\"Christiano Btf&lt;span class=&quot;bp-verified-badge&quot;&gt;&lt;\/span&gt;\" \/>\n\t<meta name=\"twitter:label2\" content=\"Tiempo de lectura\" \/>\n\t<meta name=\"twitter:data2\" content=\"2 minutos\" \/>\n<script type=\"application\/ld+json\" class=\"yoast-schema-graph\">{\"@context\":\"https:\\\/\\\/schema.org\",\"@graph\":[{\"@type\":\"Article\",\"@id\":\"https:\\\/\\\/www.christianobtf.com\\\/ar\\\/?p=13593#article\",\"isPartOf\":{\"@id\":\"https:\\\/\\\/www.christianobtf.com\\\/ar\\\/?p=13593\"},\"author\":{\"name\":\"Christiano Btf\",\"@id\":\"https:\\\/\\\/www.christianobtf.com\\\/#\\\/schema\\\/person\\\/d4f35eeee402432e37887b4633f17b95\"},\"headline\":\"Diogo Dalot se retira temporalmente del equipo nacional portugu\u00e9s antes de las eliminatorias para la Eurocopa\",\"datePublished\":\"2023-11-14T10:07:32+00:00\",\"dateModified\":\"2023-11-14T10:16:55+00:00\",\"mainEntityOfPage\":{\"@id\":\"https:\\\/\\\/www.christianobtf.com\\\/ar\\\/?p=13593\"},\"wordCount\":319,\"commentCount\":0,\"publisher\":{\"@id\":\"https:\\\/\\\/www.christianobtf.com\\\/#organization\"},\"image\":{\"@id\":\"https:\\\/\\\/www.christianobtf.com\\\/ar\\\/?p=13593#primaryimage\"},\"thumbnailUrl\":\"https:\\\/\\\/i0.wp.com\\\/www.christianobtf.com\\\/wp-content\\\/uploads\\\/2023\\\/11\\\/19_2023-638122410646296837-629.jpg?fit=980%2C588&ssl=1\",\"keywords\":[\"Diogo Dalot\",\"Equipo Nacional\",\"Euro 2024\",\"Paternidad\",\"Retiro\"],\"articleSection\":[\"F\u00fatbol\"],\"inLanguage\":\"es\",\"potentialAction\":[{\"@type\":\"CommentAction\",\"name\":\"Comment\",\"target\":[\"https:\\\/\\\/www.christianobtf.com\\\/ar\\\/?p=13593#respond\"]}]},{\"@type\":\"WebPage\",\"@id\":\"https:\\\/\\\/www.christianobtf.com\\\/ar\\\/?p=13593\",\"url\":\"https:\\\/\\\/www.christianobtf.com\\\/ar\\\/?p=13593\",\"name\":\"Diogo Dalot se retira temporalmente del equipo nacional portugu\u00e9s antes de las eliminatorias para la Eurocopa | Christiano Btf\",\"isPartOf\":{\"@id\":\"https:\\\/\\\/www.christianobtf.com\\\/#website\"},\"primaryImageOfPage\":{\"@id\":\"https:\\\/\\\/www.christianobtf.com\\\/ar\\\/?p=13593#primaryimage\"},\"image\":{\"@id\":\"https:\\\/\\\/www.christianobtf.com\\\/ar\\\/?p=13593#primaryimage\"},\"thumbnailUrl\":\"https:\\\/\\\/i0.wp.com\\\/www.christianobtf.com\\\/wp-content\\\/uploads\\\/2023\\\/11\\\/19_2023-638122410646296837-629.jpg?fit=980%2C588&ssl=1\",\"datePublished\":\"2023-11-14T10:07:32+00:00\",\"dateModified\":\"2023-11-14T10:16:55+00:00\",\"description\":\"Diogo Dalot, defensor del Manchester United, se retira temporalmente del equipo nacional portugu\u00e9s debido a la inminente llegada de su primer hijo. Su ausencia tiene un impacto en las eliminatorias para la Eurocopa 2024.\",\"breadcrumb\":{\"@id\":\"https:\\\/\\\/www.christianobtf.com\\\/ar\\\/?p=13593#breadcrumb\"},\"inLanguage\":\"es\",\"potentialAction\":[{\"@type\":\"ReadAction\",\"target\":[\"https:\\\/\\\/www.christianobtf.com\\\/ar\\\/?p=13593\"]}]},{\"@type\":\"ImageObject\",\"inLanguage\":\"es\",\"@id\":\"https:\\\/\\\/www.christianobtf.com\\\/ar\\\/?p=13593#primaryimage\",\"url\":\"https:\\\/\\\/i0.wp.com\\\/www.christianobtf.com\\\/wp-content\\\/uploads\\\/2023\\\/11\\\/19_2023-638122410646296837-629.jpg?fit=980%2C588&ssl=1\",\"contentUrl\":\"https:\\\/\\\/i0.wp.com\\\/www.christianobtf.com\\\/wp-content\\\/uploads\\\/2023\\\/11\\\/19_2023-638122410646296837-629.jpg?fit=980%2C588&ssl=1\",\"width\":980,\"height\":588,\"caption\":\"Diogo Dalot\"},{\"@type\":\"BreadcrumbList\",\"@id\":\"https:\\\/\\\/www.christianobtf.com\\\/ar\\\/?p=13593#breadcrumb\",\"itemListElement\":[{\"@type\":\"ListItem\",\"position\":1,\"name\":\"Accueil\",\"item\":\"https:\\\/\\\/www.christianobtf.com\\\/es\\\/\"},{\"@type\":\"ListItem\",\"position\":2,\"name\":\"Diogo Dalot se retira temporalmente del equipo nacional portugu\u00e9s antes de las eliminatorias para la Eurocopa\"}]},{\"@type\":\"WebSite\",\"@id\":\"https:\\\/\\\/www.christianobtf.com\\\/#website\",\"url\":\"https:\\\/\\\/www.christianobtf.com\\\/\",\"name\":\"Christiano Btf\",\"description\":\"Avoir mati\u00e8res \u00e0 penser\",\"publisher\":{\"@id\":\"https:\\\/\\\/www.christianobtf.com\\\/#organization\"},\"alternateName\":\"Christiano Btf\",\"potentialAction\":[{\"@type\":\"SearchAction\",\"target\":{\"@type\":\"EntryPoint\",\"urlTemplate\":\"https:\\\/\\\/www.christianobtf.com\\\/?s={search_term_string}\"},\"query-input\":{\"@type\":\"PropertyValueSpecification\",\"valueRequired\":true,\"valueName\":\"search_term_string\"}}],\"inLanguage\":\"es\"},{\"@type\":\"Organization\",\"@id\":\"https:\\\/\\\/www.christianobtf.com\\\/#organization\",\"name\":\"Christiano Btf\",\"url\":\"https:\\\/\\\/www.christianobtf.com\\\/\",\"logo\":{\"@type\":\"ImageObject\",\"inLanguage\":\"es\",\"@id\":\"https:\\\/\\\/www.christianobtf.com\\\/#\\\/schema\\\/logo\\\/image\\\/\",\"url\":\"https:\\\/\\\/i0.wp.com\\\/www.christianobtf.com\\\/wp-content\\\/uploads\\\/2023\\\/06\\\/cropped-Christiano-btf-icon.png?fit=1919%2C576&ssl=1\",\"contentUrl\":\"https:\\\/\\\/i0.wp.com\\\/www.christianobtf.com\\\/wp-content\\\/uploads\\\/2023\\\/06\\\/cropped-Christiano-btf-icon.png?fit=1919%2C576&ssl=1\",\"width\":1919,\"height\":576,\"caption\":\"Christiano Btf\"},\"image\":{\"@id\":\"https:\\\/\\\/www.christianobtf.com\\\/#\\\/schema\\\/logo\\\/image\\\/\"},\"sameAs\":[\"https:\\\/\\\/www.facebook.com\\\/christianobtf\",\"https:\\\/\\\/x.com\\\/christianobtf\",\"https:\\\/\\\/tiktok.com\\\/@christianobtf\",\"https:\\\/\\\/www.youtube.com\\\/@christianobtf\",\"https:\\\/\\\/www.instagram.com\\\/christiano_btf\\\/\"]},{\"@type\":\"Person\",\"@id\":\"https:\\\/\\\/www.christianobtf.com\\\/#\\\/schema\\\/person\\\/d4f35eeee402432e37887b4633f17b95\",\"name\":\"Christiano Btf\",\"image\":{\"@type\":\"ImageObject\",\"inLanguage\":\"es\",\"@id\":\"\\\/\\\/www.gravatar.com\\\/avatar\\\/ec6515be259d60bfd92b65898c83fa2f?s=96&#038;r=g&#038;d=mm\",\"url\":\"\\\/\\\/www.gravatar.com\\\/avatar\\\/ec6515be259d60bfd92b65898c83fa2f?s=96&#038;r=g&#038;d=mm\",\"contentUrl\":\"\\\/\\\/www.gravatar.com\\\/avatar\\\/ec6515be259d60bfd92b65898c83fa2f?s=96&#038;r=g&#038;d=mm\",\"caption\":\"Christiano Btf\"},\"description\":\"En tant que fervent amateur de connaissances et de d\u00e9couvertes, je m'efforce de vous offrir un contenu informatif et stimulant. Ma qu\u00eate consiste \u00e0 fournir des informations de qualit\u00e9, \u00e0 d\u00e9crypter l'actualit\u00e9 et \u00e0 partager des analyses perspicaces. Pour moi, comprendre et analyser les donn\u00e9es est bien plus qu'une passion, c'est un engagement envers l'enrichissement intellectuel. Rejoignez-moi dans cette aventure intellectuelle o\u00f9 la curiosit\u00e9, la r\u00e9flexion et la soif de connaissances se conjuguent pour offrir un regard approfondi sur le monde qui nous entoure.\",\"sameAs\":[\"https:\\\/\\\/www.christianobtf.com\",\"https:\\\/\\\/www.facebook.com\\\/christianobtf\",\"https:\\\/\\\/www.instagram.com\\\/christiano_btf\",\"https:\\\/\\\/x.com\\\/https:\\\/\\\/www.twitter.com\\\/christianobtf\",\"https:\\\/\\\/www.youtube.com\\\/@christianobtf\"],\"honorificSuffix\":\"Master\",\"award\":[\"Po\u00e9sie\",\"Litt\u00e9rature\"],\"knowsAbout\":[\"Actualit\u00e9\",\"Po\u00e9sie\",\"Business\"],\"knowsLanguage\":[\"Fran\u00e7ais\",\"Anglais\",\"Arabe\"],\"jobTitle\":\"Ing\u00e9nieur\",\"url\":\"https:\\\/\\\/www.christianobtf.com\\\/es\\\/author\\\/christianobtf\\\/\"}]}<\/script>\n<!-- \/ Yoast SEO Premium plugin. -->","yoast_head_json":{"title":"Diogo Dalot se retira temporalmente del equipo nacional portugu\u00e9s antes de las eliminatorias para la Eurocopa | Christiano Btf","description":"Diogo Dalot, defensor del Manchester United, se retira temporalmente del equipo nacional portugu\u00e9s debido a la inminente llegada de su primer hijo. Su ausencia tiene un impacto en las eliminatorias para la Eurocopa 2024.","robots":{"index":"index","follow":"follow","max-snippet":"max-snippet:-1","max-image-preview":"max-image-preview:large","max-video-preview":"max-video-preview:-1"},"canonical":"https:\/\/www.christianobtf.com\/ar\/?p=13593","og_locale":"es_ES","og_type":"article","og_title":"Diogo Dalot se retira temporalmente del equipo nacional portugu\u00e9s antes de las eliminatorias para la Eurocopa","og_description":"Diogo Dalot, defensor del Manchester United, se retira temporalmente del equipo nacional portugu\u00e9s debido a la inminente llegada de su primer hijo. Su ausencia tiene un impacto en las eliminatorias para la Eurocopa 2024.","og_url":"https:\/\/www.christianobtf.com\/ar\/?p=13593","og_site_name":"Christiano Btf","article_publisher":"https:\/\/www.facebook.com\/christianobtf","article_author":"https:\/\/www.facebook.com\/christianobtf","article_published_time":"2023-11-14T10:07:32+00:00","article_modified_time":"2023-11-14T10:16:55+00:00","og_image":[{"width":980,"height":588,"url":"https:\/\/www.christianobtf.com\/wp-content\/uploads\/2023\/11\/19_2023-638122410646296837-629.jpg","type":"image\/jpeg"}],"author":"Christiano Btf","twitter_card":"summary_large_image","twitter_description":"Diogo Dalot, defensor del Manchester United, se retira temporalmente del equipo nacional portugu\u00e9s debido a la inminente llegada de su primer hijo. Su ausencia tiene un impacto en las eliminatorias para la Eurocopa 2024.","twitter_creator":"@https:\/\/www.twitter.com\/christianobtf","twitter_site":"@christianobtf","twitter_misc":{"Escrito por":"Christiano Btf<span class=\"bp-verified-badge\"><\/span>","Tiempo de lectura":"2 minutos"},"schema":{"@context":"https:\/\/schema.org","@graph":[{"@type":"Article","@id":"https:\/\/www.christianobtf.com\/ar\/?p=13593#article","isPartOf":{"@id":"https:\/\/www.christianobtf.com\/ar\/?p=13593"},"author":{"name":"Christiano Btf","@id":"https:\/\/www.christianobtf.com\/#\/schema\/person\/d4f35eeee402432e37887b4633f17b95"},"headline":"Diogo Dalot se retira temporalmente del equipo nacional portugu\u00e9s antes de las eliminatorias para la Eurocopa","datePublished":"2023-11-14T10:07:32+00:00","dateModified":"2023-11-14T10:16:55+00:00","mainEntityOfPage":{"@id":"https:\/\/www.christianobtf.com\/ar\/?p=13593"},"wordCount":319,"commentCount":0,"publisher":{"@id":"https:\/\/www.christianobtf.com\/#organization"},"image":{"@id":"https:\/\/www.christianobtf.com\/ar\/?p=13593#primaryimage"},"thumbnailUrl":"https:\/\/i0.wp.com\/www.christianobtf.com\/wp-content\/uploads\/2023\/11\/19_2023-638122410646296837-629.jpg?fit=980%2C588&ssl=1","keywords":["Diogo Dalot","Equipo Nacional","Euro 2024","Paternidad","Retiro"],"articleSection":["F\u00fatbol"],"inLanguage":"es","potentialAction":[{"@type":"CommentAction","name":"Comment","target":["https:\/\/www.christianobtf.com\/ar\/?p=13593#respond"]}]},{"@type":"WebPage","@id":"https:\/\/www.christianobtf.com\/ar\/?p=13593","url":"https:\/\/www.christianobtf.com\/ar\/?p=13593","name":"Diogo Dalot se retira temporalmente del equipo nacional portugu\u00e9s antes de las eliminatorias para la Eurocopa | Christiano Btf","isPartOf":{"@id":"https:\/\/www.christianobtf.com\/#website"},"primaryImageOfPage":{"@id":"https:\/\/www.christianobtf.com\/ar\/?p=13593#primaryimage"},"image":{"@id":"https:\/\/www.christianobtf.com\/ar\/?p=13593#primaryimage"},"thumbnailUrl":"https:\/\/i0.wp.com\/www.christianobtf.com\/wp-content\/uploads\/2023\/11\/19_2023-638122410646296837-629.jpg?fit=980%2C588&ssl=1","datePublished":"2023-11-14T10:07:32+00:00","dateModified":"2023-11-14T10:16:55+00:00","description":"Diogo Dalot, defensor del Manchester United, se retira temporalmente del equipo nacional portugu\u00e9s debido a la inminente llegada de su primer hijo. Su ausencia tiene un impacto en las eliminatorias para la Eurocopa 2024.","breadcrumb":{"@id":"https:\/\/www.christianobtf.com\/ar\/?p=13593#breadcrumb"},"inLanguage":"es","potentialAction":[{"@type":"ReadAction","target":["https:\/\/www.christianobtf.com\/ar\/?p=13593"]}]},{"@type":"ImageObject","inLanguage":"es","@id":"https:\/\/www.christianobtf.com\/ar\/?p=13593#primaryimage","url":"https:\/\/i0.wp.com\/www.christianobtf.com\/wp-content\/uploads\/2023\/11\/19_2023-638122410646296837-629.jpg?fit=980%2C588&ssl=1","contentUrl":"https:\/\/i0.wp.com\/www.christianobtf.com\/wp-content\/uploads\/2023\/11\/19_2023-638122410646296837-629.jpg?fit=980%2C588&ssl=1","width":980,"height":588,"caption":"Diogo Dalot"},{"@type":"BreadcrumbList","@id":"https:\/\/www.christianobtf.com\/ar\/?p=13593#breadcrumb","itemListElement":[{"@type":"ListItem","position":1,"name":"Accueil","item":"https:\/\/www.christianobtf.com\/es\/"},{"@type":"ListItem","position":2,"name":"Diogo Dalot se retira temporalmente del equipo nacional portugu\u00e9s antes de las eliminatorias para la Eurocopa"}]},{"@type":"WebSite","@id":"https:\/\/www.christianobtf.com\/#website","url":"https:\/\/www.christianobtf.com\/","name":"Christiano Btf","description":"Avoir mati\u00e8res \u00e0 penser","publisher":{"@id":"https:\/\/www.christianobtf.com\/#organization"},"alternateName":"Christiano Btf","potentialAction":[{"@type":"SearchAction","target":{"@type":"EntryPoint","urlTemplate":"https:\/\/www.christianobtf.com\/?s={search_term_string}"},"query-input":{"@type":"PropertyValueSpecification","valueRequired":true,"valueName":"search_term_string"}}],"inLanguage":"es"},{"@type":"Organization","@id":"https:\/\/www.christianobtf.com\/#organization","name":"Christiano Btf","url":"https:\/\/www.christianobtf.com\/","logo":{"@type":"ImageObject","inLanguage":"es","@id":"https:\/\/www.christianobtf.com\/#\/schema\/logo\/image\/","url":"https:\/\/i0.wp.com\/www.christianobtf.com\/wp-content\/uploads\/2023\/06\/cropped-Christiano-btf-icon.png?fit=1919%2C576&ssl=1","contentUrl":"https:\/\/i0.wp.com\/www.christianobtf.com\/wp-content\/uploads\/2023\/06\/cropped-Christiano-btf-icon.png?fit=1919%2C576&ssl=1","width":1919,"height":576,"caption":"Christiano Btf"},"image":{"@id":"https:\/\/www.christianobtf.com\/#\/schema\/logo\/image\/"},"sameAs":["https:\/\/www.facebook.com\/christianobtf","https:\/\/x.com\/christianobtf","https:\/\/tiktok.com\/@christianobtf","https:\/\/www.youtube.com\/@christianobtf","https:\/\/www.instagram.com\/christiano_btf\/"]},{"@type":"Person","@id":"https:\/\/www.christianobtf.com\/#\/schema\/person\/d4f35eeee402432e37887b4633f17b95","name":"Christiano Btf","image":{"@type":"ImageObject","inLanguage":"es","@id":"\/\/www.gravatar.com\/avatar\/ec6515be259d60bfd92b65898c83fa2f?s=96&#038;r=g&#038;d=mm","url":"\/\/www.gravatar.com\/avatar\/ec6515be259d60bfd92b65898c83fa2f?s=96&#038;r=g&#038;d=mm","contentUrl":"\/\/www.gravatar.com\/avatar\/ec6515be259d60bfd92b65898c83fa2f?s=96&#038;r=g&#038;d=mm","caption":"Christiano Btf"},"description":"En tant que fervent amateur de connaissances et de d\u00e9couvertes, je m'efforce de vous offrir un contenu informatif et stimulant. Ma qu\u00eate consiste \u00e0 fournir des informations de qualit\u00e9, \u00e0 d\u00e9crypter l'actualit\u00e9 et \u00e0 partager des analyses perspicaces. Pour moi, comprendre et analyser les donn\u00e9es est bien plus qu'une passion, c'est un engagement envers l'enrichissement intellectuel. Rejoignez-moi dans cette aventure intellectuelle o\u00f9 la curiosit\u00e9, la r\u00e9flexion et la soif de connaissances se conjuguent pour offrir un regard approfondi sur le monde qui nous entoure.","sameAs":["https:\/\/www.christianobtf.com","https:\/\/www.facebook.com\/christianobtf","https:\/\/www.instagram.com\/christiano_btf","https:\/\/x.com\/https:\/\/www.twitter.com\/christianobtf","https:\/\/www.youtube.com\/@christianobtf"],"honorificSuffix":"Master","award":["Po\u00e9sie","Litt\u00e9rature"],"knowsAbout":["Actualit\u00e9","Po\u00e9sie","Business"],"knowsLanguage":["Fran\u00e7ais","Anglais","Arabe"],"jobTitle":"Ing\u00e9nieur","url":"https:\/\/www.christianobtf.com\/es\/author\/christianobtf\/"}]}},"jetpack_publicize_connections":[],"jetpack_featured_media_url":"https:\/\/i0.wp.com\/www.christianobtf.com\/wp-content\/uploads\/2023\/11\/19_2023-638122410646296837-629.jpg?fit=980%2C588&ssl=1","jetpack_sharing_enabled":true,"_links":{"self":[{"href":"https:\/\/www.christianobtf.com\/es\/wp-json\/wp\/v2\/posts\/13590","targetHints":{"allow":["GET"]}}],"collection":[{"href":"https:\/\/www.christianobtf.com\/es\/wp-json\/wp\/v2\/posts"}],"about":[{"href":"https:\/\/www.christianobtf.com\/es\/wp-json\/wp\/v2\/types\/post"}],"author":[{"embeddable":true,"href":"https:\/\/www.christianobtf.com\/es\/wp-json\/wp\/v2\/users\/1"}],"replies":[{"embeddable":true,"href":"https:\/\/www.christianobtf.com\/es\/wp-json\/wp\/v2\/comments?post=13590"}],"version-history":[{"count":1,"href":"https:\/\/www.christianobtf.com\/es\/wp-json\/wp\/v2\/posts\/13590\/revisions"}],"predecessor-version":[{"id":13592,"href":"https:\/\/www.christianobtf.com\/es\/wp-json\/wp\/v2\/posts\/13590\/revisions\/13592"}],"wp:featuredmedia":[{"embeddable":true,"href":"https:\/\/www.christianobtf.com\/es\/wp-json\/wp\/v2\/media\/13583"}],"wp:attachment":[{"href":"https:\/\/www.christianobtf.com\/es\/wp-json\/wp\/v2\/media?parent=13590"}],"wp:term":[{"taxonomy":"category","embeddable":true,"href":"https:\/\/www.christianobtf.com\/es\/wp-json\/wp\/v2\/categories?post=13590"},{"taxonomy":"post_tag","embeddable":true,"href":"https:\/\/www.christianobtf.com\/es\/wp-json\/wp\/v2\/tags?post=13590"}],"curies":[{"name":"wp","href":"https:\/\/api.w.org\/{rel}","templated":true}]}}