{"id":13456,"date":"2023-11-10T13:12:41","date_gmt":"2023-11-10T13:12:41","guid":{"rendered":"https:\/\/www.christianobtf.com\/?p=13456"},"modified":"2023-11-10T14:36:30","modified_gmt":"2023-11-10T14:36:30","slug":"inundaciones-en-pas-de-calais-una-semana-de-pruebas-y-movilizacion","status":"publish","type":"post","link":"https:\/\/www.christianobtf.com\/es\/inundaciones-en-pas-de-calais-una-semana-de-pruebas-y-movilizacion\/","title":{"rendered":"Inundaciones en Pas-de-Calais: Una Semana de Pruebas y Movilizaci\u00f3n"},"content":{"rendered":"<p><span class=\"tie-dropcap \">E<\/span>l Pas-de-Calais atraviesa una prueba sin precedentes, enfrent\u00e1ndose a inundaciones hist\u00f3ricas que comenzaron a principios de semana. La situaci\u00f3n sigue siendo cr\u00edtica este viernes a pesar de una calma esperada al final de la tarde.<\/p>\n<div id=\"ez-toc-container\" class=\"ez-toc-v2_0_82_2 counter-hierarchy ez-toc-counter ez-toc-transparent ez-toc-container-direction\">\n<div class=\"ez-toc-title-container\">\n<p class=\"ez-toc-title\" style=\"cursor:inherit\">Table of Contents<\/p>\n<span class=\"ez-toc-title-toggle\"><a href=\"#\" class=\"ez-toc-pull-right ez-toc-btn ez-toc-btn-xs ez-toc-btn-default ez-toc-toggle\" aria-label=\"Alternar tabla de contenidos\"><span class=\"ez-toc-js-icon-con\"><span class=\"\"><span class=\"eztoc-hide\" style=\"display:none;\">Toggle<\/span><span class=\"ez-toc-icon-toggle-span\"><svg style=\"fill: #1e73be;color:#1e73be\" xmlns=\"http:\/\/www.w3.org\/2000\/svg\" class=\"list-377408\" width=\"20px\" height=\"20px\" viewBox=\"0 0 24 24\" fill=\"none\"><path d=\"M6 6H4v2h2V6zm14 0H8v2h12V6zM4 11h2v2H4v-2zm16 0H8v2h12v-2zM4 16h2v2H4v-2zm16 0H8v2h12v-2z\" fill=\"currentColor\"><\/path><\/svg><svg style=\"fill: #1e73be;color:#1e73be\" class=\"arrow-unsorted-368013\" xmlns=\"http:\/\/www.w3.org\/2000\/svg\" width=\"10px\" height=\"10px\" viewBox=\"0 0 24 24\" version=\"1.2\" baseProfile=\"tiny\"><path d=\"M18.2 9.3l-6.2-6.3-6.2 6.3c-.2.2-.3.4-.3.7s.1.5.3.7c.2.2.4.3.7.3h11c.3 0 .5-.1.7-.3.2-.2.3-.5.3-.7s-.1-.5-.3-.7zM5.8 14.7l6.2 6.3 6.2-6.3c.2-.2.3-.5.3-.7s-.1-.5-.3-.7c-.2-.2-.4-.3-.7-.3h-11c-.3 0-.5.1-.7.3-.2.2-.3.5-.3.7s.1.5.3.7z\"\/><\/svg><\/span><\/span><\/span><\/a><\/span><\/div>\n<nav><ul class='ez-toc-list ez-toc-list-level-1 eztoc-toggle-hide-by-default' ><li class='ez-toc-page-1 ez-toc-heading-level-2'><a class=\"ez-toc-link ez-toc-heading-1\" href=\"https:\/\/www.christianobtf.com\/es\/inundaciones-en-pas-de-calais-una-semana-de-pruebas-y-movilizacion\/#El_Contexto_Actual\" >El Contexto Actual<\/a><\/li><li class='ez-toc-page-1 ez-toc-heading-level-2'><a class=\"ez-toc-link ez-toc-heading-2\" href=\"https:\/\/www.christianobtf.com\/es\/inundaciones-en-pas-de-calais-una-semana-de-pruebas-y-movilizacion\/#Datos_Meteorologicos\" >Datos Meteorol\u00f3gicos<\/a><\/li><li class='ez-toc-page-1 ez-toc-heading-level-2'><a class=\"ez-toc-link ez-toc-heading-3\" href=\"https:\/\/www.christianobtf.com\/es\/inundaciones-en-pas-de-calais-una-semana-de-pruebas-y-movilizacion\/#Intervenciones_y_Evacuaciones\" >Intervenciones y Evacuaciones<\/a><\/li><li class='ez-toc-page-1 ez-toc-heading-level-2'><a class=\"ez-toc-link ez-toc-heading-4\" href=\"https:\/\/www.christianobtf.com\/es\/inundaciones-en-pas-de-calais-una-semana-de-pruebas-y-movilizacion\/#Estado_de_los_Cursos_de_Agua\" >Estado de los Cursos de Agua<\/a><\/li><li class='ez-toc-page-1 ez-toc-heading-level-2'><a class=\"ez-toc-link ez-toc-heading-5\" href=\"https:\/\/www.christianobtf.com\/es\/inundaciones-en-pas-de-calais-una-semana-de-pruebas-y-movilizacion\/#Impacto_en_las_Poblaciones\" >Impacto en las Poblaciones<\/a><\/li><li class='ez-toc-page-1 ez-toc-heading-level-2'><a class=\"ez-toc-link ez-toc-heading-6\" href=\"https:\/\/www.christianobtf.com\/es\/inundaciones-en-pas-de-calais-una-semana-de-pruebas-y-movilizacion\/#Medidas_de_Emergencia_y_Solidaridad\" >Medidas de Emergencia y Solidaridad<\/a><\/li><li class='ez-toc-page-1 ez-toc-heading-level-2'><a class=\"ez-toc-link ez-toc-heading-7\" href=\"https:\/\/www.christianobtf.com\/es\/inundaciones-en-pas-de-calais-una-semana-de-pruebas-y-movilizacion\/#Movilizacion_de_los_Rescates\" >Movilizaci\u00f3n de los Rescates<\/a><\/li><li class='ez-toc-page-1 ez-toc-heading-level-2'><a class=\"ez-toc-link ez-toc-heading-8\" href=\"https:\/\/www.christianobtf.com\/es\/inundaciones-en-pas-de-calais-una-semana-de-pruebas-y-movilizacion\/#Impacto_en_las_Infraestructuras\" >Impacto en las Infraestructuras<\/a><\/li><li class='ez-toc-page-1 ez-toc-heading-level-2'><a class=\"ez-toc-link ez-toc-heading-9\" href=\"https:\/\/www.christianobtf.com\/es\/inundaciones-en-pas-de-calais-una-semana-de-pruebas-y-movilizacion\/#Gestion_Post-Crisis\" >Gesti\u00f3n Post-Crisis<\/a><\/li><\/ul><\/nav><\/div>\n<h2><span class=\"ez-toc-section\" id=\"El_Contexto_Actual\"><\/span><strong>El Contexto Actual<\/strong><span class=\"ez-toc-section-end\"><\/span><\/h2>\n<p>Desde el comienzo de la semana, el Pas-de-Calais est\u00e1 en alerta roja por lluvias e inundaciones. Aunque la lluvia, aunque menos abundante de lo previsto esta noche, sigue cayendo en la regi\u00f3n. M\u00e1s de 130 municipios se ven afectados, lo que ha llevado a evacuaciones masivas y al cierre de escuelas en 200 municipios hasta el lunes. La alerta roja permanece vigente hasta las 16:00 horas de hoy.<\/p>\n<h2><span class=\"ez-toc-section\" id=\"Datos_Meteorologicos\"><\/span><strong>Datos Meteorol\u00f3gicos<\/strong><span class=\"ez-toc-section-end\"><\/span><\/h2>\n<p>La regi\u00f3n ha recibido acumulaciones de 70 a 100 mm en la parte oeste de Pas-de-Calais, seg\u00fan informaci\u00f3n del prefecto Jacques Billant. Los suelos ya saturados son propicios para el desbordamiento de r\u00edos, especialmente el Liane, el Aa y la Canche, que a\u00fan est\u00e1n en alerta roja. Las previsiones anuncian nuevas lluvias con acumulaciones de 20 a 50 mm en las pr\u00f3ximas horas.<\/p>\n<h2><span class=\"ez-toc-section\" id=\"Intervenciones_y_Evacuaciones\"><\/span><strong>Intervenciones y Evacuaciones<\/strong><span class=\"ez-toc-section-end\"><\/span><\/h2>\n<p>A pesar de la disminuci\u00f3n de las precipitaciones, los bomberos han multiplicado las intervenciones desde el mi\u00e9rcoles por la noche, llevando a cabo 35 evacuaciones esta noche. Las evacuaciones han tenido lugar en Saint-Omer, Blendecques y otras regiones afectadas. La geograf\u00eda de la cuenca y las recientes tormentas han agravado la situaci\u00f3n.<\/p>\n<h2><span class=\"ez-toc-section\" id=\"Estado_de_los_Cursos_de_Agua\"><\/span><strong>Estado de los Cursos de Agua<\/strong><span class=\"ez-toc-section-end\"><\/span><\/h2>\n<p>El Liane, el Aa y la Canche mantienen su alerta roja. Si bien el Liane ha recuperado su nivel del lunes, el Aa podr\u00eda aumentar, y la Canche ha superado ampliamente su nivel inicial, lo que hace temer desbordamientos en los afluentes, la Course y la Dordogne.<\/p>\n<h2><span class=\"ez-toc-section\" id=\"Impacto_en_las_Poblaciones\"><\/span><strong>Impacto en las Poblaciones<\/strong><span class=\"ez-toc-section-end\"><\/span><\/h2>\n<p>Los habitantes de Frencq, por ejemplo, viven una situaci\u00f3n dram\u00e1tica con el pueblo dividido en dos por un torrente de lodo. Las evacuaciones contin\u00faan, con unas treinta realizadas durante la noche, incluyendo una casa de retiro en Nielles-l\u00e8s-Bl\u00e9quin y una familia en Clairmarais.<\/p>\n<h2><span class=\"ez-toc-section\" id=\"Medidas_de_Emergencia_y_Solidaridad\"><\/span><strong>Medidas de Emergencia y Solidaridad<\/strong><span class=\"ez-toc-section-end\"><\/span><\/h2>\n<p>Ante esta crisis, la Cruz Roja ha abierto doce centros de alojamiento en el departamento para acoger a los damnificados. Las autoridades hacen un llamado a la solidaridad, estableciendo una red de ayuda entre voluntarios y damnificados para la limpieza y despeje de las viviendas.<\/p>\n<h2><span class=\"ez-toc-section\" id=\"Movilizacion_de_los_Rescates\"><\/span><strong>Movilizaci\u00f3n de los Rescates<\/strong><span class=\"ez-toc-section-end\"><\/span><\/h2>\n<p>Los bomberos, 300 en los sectores de la Canche, el Liane, la Hem y el Aa, se ven reforzados por 700 efectivos de la Seguridad Civil y helic\u00f3pteros para las misiones de rescate. La vigilancia y la disciplina siguen siendo esenciales, seg\u00fan el prefecto de Pas-de-Calais, Jacques Billant.<\/p>\n<h2><span class=\"ez-toc-section\" id=\"Impacto_en_las_Infraestructuras\"><\/span><strong>Impacto en las Infraestructuras<\/strong><span class=\"ez-toc-section-end\"><\/span><\/h2>\n<p>Unas sesenta carreteras departamentales est\u00e1n cortadas o son impracticables, principalmente en Montreuillois y Boulonnais. El tr\u00e1fico de trenes en la SNCF se ve perturbado, sin circulaci\u00f3n de TER entre Etaples y Boulogne-sur-Mer hasta el s\u00e1bado.<\/p>\n<h2><span class=\"ez-toc-section\" id=\"Gestion_Post-Crisis\"><\/span><strong>Gesti\u00f3n Post-Crisis<\/strong><span class=\"ez-toc-section-end\"><\/span><\/h2>\n<p>La cat\u00e1strofe natural deber\u00eda declararse el 14 de noviembre. M\u00e1s de 50 municipios ya han presentado solicitudes, y los damnificados tienen un plazo de 30 d\u00edas para declarar sus da\u00f1os, con apoyo financiero y psicol\u00f3gico ofrecido por algunas compa\u00f1\u00edas de seguros.<\/p>\n<figure id=\"attachment_13451\" aria-describedby=\"caption-attachment-13451\" style=\"width: 1024px\" class=\"wp-caption aligncenter\"><img data-recalc-dims=\"1\" loading=\"lazy\" decoding=\"async\" class=\"size-full wp-image-13451\" src=\"https:\/\/i0.wp.com\/www.christianobtf.com\/wp-content\/uploads\/2023\/11\/DSM5V6VHY5FBTJVPLJUPIQB6RY.jpg?resize=1024%2C683&#038;ssl=1\" alt=\"Une friterie de Neuville-sous-Montreuil sous les eaux jeudi 9 novembre 2024. (Sameer Al Doumy\/AFP)par LIBERATION et AFP\" width=\"1024\" height=\"683\" srcset=\"https:\/\/i0.wp.com\/www.christianobtf.com\/wp-content\/uploads\/2023\/11\/DSM5V6VHY5FBTJVPLJUPIQB6RY.jpg?w=1024&amp;ssl=1 1024w, https:\/\/i0.wp.com\/www.christianobtf.com\/wp-content\/uploads\/2023\/11\/DSM5V6VHY5FBTJVPLJUPIQB6RY.jpg?resize=300%2C200&amp;ssl=1 300w, https:\/\/i0.wp.com\/www.christianobtf.com\/wp-content\/uploads\/2023\/11\/DSM5V6VHY5FBTJVPLJUPIQB6RY.jpg?resize=768%2C512&amp;ssl=1 768w, https:\/\/i0.wp.com\/www.christianobtf.com\/wp-content\/uploads\/2023\/11\/DSM5V6VHY5FBTJVPLJUPIQB6RY.jpg?resize=150%2C100&amp;ssl=1 150w\" sizes=\"auto, (max-width: 1000px) 100vw, 1000px\" \/><figcaption id=\"caption-attachment-13451\" class=\"wp-caption-text\"><em>Una tienda de papas fritas en Neuville-sous-Montreuil bajo el agua el jueves 9 de noviembre de 2024. (Sameer Al Doumy\/AFP)<\/em><\/figcaption><\/figure>\n<p>Pas-de-Calais se enfrenta a inundaciones devastadoras, movilizando la solidaridad local y los servicios de emergencia nacionales. La poblaci\u00f3n permanece en alerta, consciente de que la vigilancia y la cooperaci\u00f3n son esenciales para superar esta prueba hist\u00f3rica. Las autoridades instan a la precauci\u00f3n, subrayando que la crisis a\u00fan no ha terminado por completo.<\/p>\n<blockquote><p>Leer :\u00a0<a href=\"https:\/\/www.christianobtf.com\/es\/desafios-internacionales-crisis-politica-en-espana-y-alianzas-gastronomicas-un-resumen-de-las-noticias-destacadas-del-10-de-noviembre-de-2023\/\">Desaf\u00edos Internacionales, Crisis Pol\u00edtica en Espa\u00f1a, y Alianzas Gastron\u00f3micas: Un Resumen de las Noticias Destacadas del 10 de Noviembre de 2023<\/a><\/p><\/blockquote>\n<p>&nbsp;<\/p>\n","protected":false},"excerpt":{"rendered":"<p>Le Pas-de-Calais affronte des inondations historiques avec plus de 130 communes touch\u00e9es, entra\u00eenant des \u00e9vacuations massives et la fermeture des \u00e9coles. Malgr\u00e9 une baisse des pr\u00e9cipitations, les cours d&#8217;eau restent en vigilance rouge. Les secours, renforc\u00e9s par 700 personnels de la S\u00e9curit\u00e9 Civile, interviennent dans une soixantaine de routes coup\u00e9es. La Croix Rouge ouvre des centres d&#8217;h\u00e9bergement, et un r\u00e9seau d&#8217;entraide est mis en place. La catastrophe naturelle sera d\u00e9clar\u00e9e le 14 novembre, avec un d\u00e9lai de 30 jours pour les d\u00e9clarations des sinistr\u00e9s.<\/p>\n","protected":false},"author":1,"featured_media":13442,"comment_status":"open","ping_status":"open","sticky":false,"template":"","format":"standard","meta":{"jetpack_post_was_ever_published":false,"_jetpack_newsletter_access":"","_jetpack_dont_email_post_to_subs":false,"_jetpack_newsletter_tier_id":0,"_jetpack_memberships_contains_paywalled_content":false,"_jetpack_memberships_contains_paid_content":false,"footnotes":"","jetpack_publicize_message":"","jetpack_publicize_feature_enabled":true,"jetpack_social_post_already_shared":false,"jetpack_social_options":{"image_generator_settings":{"template":"highway","default_image_id":0,"font":"","enabled":false},"version":2}},"categories":[3463,3472],"tags":[3480,3483,3481,3484,3482],"class_list":["post-13456","post","type-post","status-publish","format-standard","has-post-thumbnail","hentry","category-desastres","category-francia","tag-alerta-roja","tag-evacuaciones","tag-inundacion","tag-pas-de-calais-es","tag-solidaridad"],"yoast_head":"<!-- This site is optimized with the Yoast SEO Premium plugin v22.6 (Yoast SEO v27.5) - https:\/\/yoast.com\/product\/yoast-seo-premium-wordpress\/ -->\n<title>Inundaciones en Pas-de-Calais: Una Semana de Pruebas y Movilizaci\u00f3n | Christiano Btf<\/title>\n<meta name=\"description\" content=\"Pas-de-Calais enfrenta inundaciones hist\u00f3ricas con m\u00e1s de 130 comunas afectadas, provocando evacuaciones masivas y el cierre de escuelas. A pesar de una disminuci\u00f3n de las precipitaciones, los r\u00edos siguen en alerta roja. Los servicios de rescate, reforzados por 700 efectivos de la Seguridad Civil, intervienen en unas sesenta carreteras cerradas. La Cruz Roja abre centros de alojamiento y se establece una red de ayuda. La cat\u00e1strofe natural se declarar\u00e1 el 14 de noviembre, con un plazo de 30 d\u00edas para las declaraciones de los damnificados.\" \/>\n<meta name=\"robots\" content=\"index, follow, max-snippet:-1, max-image-preview:large, max-video-preview:-1\" \/>\n<link rel=\"canonical\" href=\"https:\/\/www.christianobtf.com\/es\/inundaciones-en-pas-de-calais-una-semana-de-pruebas-y-movilizacion\/\" \/>\n<meta property=\"og:locale\" content=\"es_ES\" \/>\n<meta property=\"og:type\" content=\"article\" \/>\n<meta property=\"og:title\" content=\"Inundaciones en Pas-de-Calais: Una Semana de Pruebas y Movilizaci\u00f3n\" \/>\n<meta property=\"og:description\" content=\"Pas-de-Calais enfrenta inundaciones hist\u00f3ricas con m\u00e1s de 130 comunas afectadas, provocando evacuaciones masivas y el cierre de escuelas. A pesar de una disminuci\u00f3n de las precipitaciones, los r\u00edos siguen en alerta roja. Los servicios de rescate, reforzados por 700 efectivos de la Seguridad Civil, intervienen en unas sesenta carreteras cerradas. La Cruz Roja abre centros de alojamiento y se establece una red de ayuda. La cat\u00e1strofe natural se declarar\u00e1 el 14 de noviembre, con un plazo de 30 d\u00edas para las declaraciones de los damnificados.\" \/>\n<meta property=\"og:url\" content=\"https:\/\/www.christianobtf.com\/es\/inundaciones-en-pas-de-calais-una-semana-de-pruebas-y-movilizacion\/\" \/>\n<meta property=\"og:site_name\" content=\"Christiano Btf\" \/>\n<meta property=\"article:publisher\" content=\"https:\/\/www.facebook.com\/christianobtf\" \/>\n<meta property=\"article:author\" content=\"https:\/\/www.facebook.com\/christianobtf\" \/>\n<meta property=\"article:published_time\" content=\"2023-11-10T13:12:41+00:00\" \/>\n<meta property=\"article:modified_time\" content=\"2023-11-10T14:36:30+00:00\" \/>\n<meta property=\"og:image\" content=\"https:\/\/www.christianobtf.com\/wp-content\/uploads\/2023\/11\/1200x680_sc_neuvillesousmontreuilafp.jpg\" \/>\n\t<meta property=\"og:image:width\" content=\"1200\" \/>\n\t<meta property=\"og:image:height\" content=\"680\" \/>\n\t<meta property=\"og:image:type\" content=\"image\/jpeg\" \/>\n<meta name=\"author\" content=\"Christiano Btf\" \/>\n<meta name=\"twitter:card\" content=\"summary_large_image\" \/>\n<meta name=\"twitter:description\" content=\"Pas-de-Calais enfrenta inundaciones hist\u00f3ricas con m\u00e1s de 130 comunas afectadas, provocando evacuaciones masivas y el cierre de escuelas. A pesar de una disminuci\u00f3n de las precipitaciones, los r\u00edos siguen en alerta roja. Los servicios de rescate, reforzados por 700 efectivos de la Seguridad Civil, intervienen en unas sesenta carreteras cerradas. La Cruz Roja abre centros de alojamiento y se establece una red de ayuda. La cat\u00e1strofe natural se declarar\u00e1 el 14 de noviembre, con un plazo de 30 d\u00edas para las declaraciones de los damnificados.\" \/>\n<meta name=\"twitter:creator\" content=\"@https:\/\/www.twitter.com\/christianobtf\" \/>\n<meta name=\"twitter:site\" content=\"@christianobtf\" \/>\n<meta name=\"twitter:label1\" content=\"Escrito por\" \/>\n\t<meta name=\"twitter:data1\" content=\"Christiano Btf&lt;span class=&quot;bp-verified-badge&quot;&gt;&lt;\/span&gt;\" \/>\n\t<meta name=\"twitter:label2\" content=\"Tiempo de lectura\" \/>\n\t<meta name=\"twitter:data2\" content=\"4 minutos\" \/>\n<script type=\"application\/ld+json\" class=\"yoast-schema-graph\">{\"@context\":\"https:\\\/\\\/schema.org\",\"@graph\":[{\"@type\":\"Article\",\"@id\":\"https:\\\/\\\/www.christianobtf.com\\\/es\\\/inundaciones-en-pas-de-calais-una-semana-de-pruebas-y-movilizacion\\\/#article\",\"isPartOf\":{\"@id\":\"https:\\\/\\\/www.christianobtf.com\\\/es\\\/inundaciones-en-pas-de-calais-una-semana-de-pruebas-y-movilizacion\\\/\"},\"author\":{\"name\":\"Christiano Btf\",\"@id\":\"https:\\\/\\\/www.christianobtf.com\\\/#\\\/schema\\\/person\\\/d4f35eeee402432e37887b4633f17b95\"},\"headline\":\"Inundaciones en Pas-de-Calais: Una Semana de Pruebas y Movilizaci\u00f3n\",\"datePublished\":\"2023-11-10T13:12:41+00:00\",\"dateModified\":\"2023-11-10T14:36:30+00:00\",\"mainEntityOfPage\":{\"@id\":\"https:\\\/\\\/www.christianobtf.com\\\/es\\\/inundaciones-en-pas-de-calais-una-semana-de-pruebas-y-movilizacion\\\/\"},\"wordCount\":657,\"commentCount\":0,\"publisher\":{\"@id\":\"https:\\\/\\\/www.christianobtf.com\\\/#organization\"},\"image\":{\"@id\":\"https:\\\/\\\/www.christianobtf.com\\\/es\\\/inundaciones-en-pas-de-calais-una-semana-de-pruebas-y-movilizacion\\\/#primaryimage\"},\"thumbnailUrl\":\"https:\\\/\\\/i0.wp.com\\\/www.christianobtf.com\\\/wp-content\\\/uploads\\\/2023\\\/11\\\/1200x680_sc_neuvillesousmontreuilafp.jpg?fit=1200%2C680&ssl=1\",\"keywords\":[\"Alerta Roja\",\"Evacuaciones\",\"Inundaci\u00f3n\",\"Pas-de-Calais\",\"Solidaridad\"],\"articleSection\":[\"Desastres\",\"Francia\"],\"inLanguage\":\"es\",\"potentialAction\":[{\"@type\":\"CommentAction\",\"name\":\"Comment\",\"target\":[\"https:\\\/\\\/www.christianobtf.com\\\/es\\\/inundaciones-en-pas-de-calais-una-semana-de-pruebas-y-movilizacion\\\/#respond\"]}]},{\"@type\":\"WebPage\",\"@id\":\"https:\\\/\\\/www.christianobtf.com\\\/es\\\/inundaciones-en-pas-de-calais-una-semana-de-pruebas-y-movilizacion\\\/\",\"url\":\"https:\\\/\\\/www.christianobtf.com\\\/es\\\/inundaciones-en-pas-de-calais-una-semana-de-pruebas-y-movilizacion\\\/\",\"name\":\"Inundaciones en Pas-de-Calais: Una Semana de Pruebas y Movilizaci\u00f3n | Christiano Btf\",\"isPartOf\":{\"@id\":\"https:\\\/\\\/www.christianobtf.com\\\/#website\"},\"primaryImageOfPage\":{\"@id\":\"https:\\\/\\\/www.christianobtf.com\\\/es\\\/inundaciones-en-pas-de-calais-una-semana-de-pruebas-y-movilizacion\\\/#primaryimage\"},\"image\":{\"@id\":\"https:\\\/\\\/www.christianobtf.com\\\/es\\\/inundaciones-en-pas-de-calais-una-semana-de-pruebas-y-movilizacion\\\/#primaryimage\"},\"thumbnailUrl\":\"https:\\\/\\\/i0.wp.com\\\/www.christianobtf.com\\\/wp-content\\\/uploads\\\/2023\\\/11\\\/1200x680_sc_neuvillesousmontreuilafp.jpg?fit=1200%2C680&ssl=1\",\"datePublished\":\"2023-11-10T13:12:41+00:00\",\"dateModified\":\"2023-11-10T14:36:30+00:00\",\"description\":\"Pas-de-Calais enfrenta inundaciones hist\u00f3ricas con m\u00e1s de 130 comunas afectadas, provocando evacuaciones masivas y el cierre de escuelas. A pesar de una disminuci\u00f3n de las precipitaciones, los r\u00edos siguen en alerta roja. Los servicios de rescate, reforzados por 700 efectivos de la Seguridad Civil, intervienen en unas sesenta carreteras cerradas. La Cruz Roja abre centros de alojamiento y se establece una red de ayuda. La cat\u00e1strofe natural se declarar\u00e1 el 14 de noviembre, con un plazo de 30 d\u00edas para las declaraciones de los damnificados.\",\"breadcrumb\":{\"@id\":\"https:\\\/\\\/www.christianobtf.com\\\/es\\\/inundaciones-en-pas-de-calais-una-semana-de-pruebas-y-movilizacion\\\/#breadcrumb\"},\"inLanguage\":\"es\",\"potentialAction\":[{\"@type\":\"ReadAction\",\"target\":[\"https:\\\/\\\/www.christianobtf.com\\\/es\\\/inundaciones-en-pas-de-calais-una-semana-de-pruebas-y-movilizacion\\\/\"]}]},{\"@type\":\"ImageObject\",\"inLanguage\":\"es\",\"@id\":\"https:\\\/\\\/www.christianobtf.com\\\/es\\\/inundaciones-en-pas-de-calais-una-semana-de-pruebas-y-movilizacion\\\/#primaryimage\",\"url\":\"https:\\\/\\\/i0.wp.com\\\/www.christianobtf.com\\\/wp-content\\\/uploads\\\/2023\\\/11\\\/1200x680_sc_neuvillesousmontreuilafp.jpg?fit=1200%2C680&ssl=1\",\"contentUrl\":\"https:\\\/\\\/i0.wp.com\\\/www.christianobtf.com\\\/wp-content\\\/uploads\\\/2023\\\/11\\\/1200x680_sc_neuvillesousmontreuilafp.jpg?fit=1200%2C680&ssl=1\",\"width\":1200,\"height\":680,\"caption\":\"Pr\u00e9s de 130 communes du Pas-de-Calais sont touch\u00e9es par ces inondations comme ici \u00e0 Neuville-sous-Montreuil \u00a9 AFP - Sameer Al-Doumy\"},{\"@type\":\"BreadcrumbList\",\"@id\":\"https:\\\/\\\/www.christianobtf.com\\\/es\\\/inundaciones-en-pas-de-calais-una-semana-de-pruebas-y-movilizacion\\\/#breadcrumb\",\"itemListElement\":[{\"@type\":\"ListItem\",\"position\":1,\"name\":\"Accueil\",\"item\":\"https:\\\/\\\/www.christianobtf.com\\\/es\\\/\"},{\"@type\":\"ListItem\",\"position\":2,\"name\":\"Inundaciones en Pas-de-Calais: Una Semana de Pruebas y Movilizaci\u00f3n\"}]},{\"@type\":\"WebSite\",\"@id\":\"https:\\\/\\\/www.christianobtf.com\\\/#website\",\"url\":\"https:\\\/\\\/www.christianobtf.com\\\/\",\"name\":\"Christiano Btf\",\"description\":\"Avoir mati\u00e8res \u00e0 penser\",\"publisher\":{\"@id\":\"https:\\\/\\\/www.christianobtf.com\\\/#organization\"},\"alternateName\":\"Christiano Btf\",\"potentialAction\":[{\"@type\":\"SearchAction\",\"target\":{\"@type\":\"EntryPoint\",\"urlTemplate\":\"https:\\\/\\\/www.christianobtf.com\\\/?s={search_term_string}\"},\"query-input\":{\"@type\":\"PropertyValueSpecification\",\"valueRequired\":true,\"valueName\":\"search_term_string\"}}],\"inLanguage\":\"es\"},{\"@type\":\"Organization\",\"@id\":\"https:\\\/\\\/www.christianobtf.com\\\/#organization\",\"name\":\"Christiano Btf\",\"url\":\"https:\\\/\\\/www.christianobtf.com\\\/\",\"logo\":{\"@type\":\"ImageObject\",\"inLanguage\":\"es\",\"@id\":\"https:\\\/\\\/www.christianobtf.com\\\/#\\\/schema\\\/logo\\\/image\\\/\",\"url\":\"https:\\\/\\\/i0.wp.com\\\/www.christianobtf.com\\\/wp-content\\\/uploads\\\/2023\\\/06\\\/cropped-Christiano-btf-icon.png?fit=1919%2C576&ssl=1\",\"contentUrl\":\"https:\\\/\\\/i0.wp.com\\\/www.christianobtf.com\\\/wp-content\\\/uploads\\\/2023\\\/06\\\/cropped-Christiano-btf-icon.png?fit=1919%2C576&ssl=1\",\"width\":1919,\"height\":576,\"caption\":\"Christiano Btf\"},\"image\":{\"@id\":\"https:\\\/\\\/www.christianobtf.com\\\/#\\\/schema\\\/logo\\\/image\\\/\"},\"sameAs\":[\"https:\\\/\\\/www.facebook.com\\\/christianobtf\",\"https:\\\/\\\/x.com\\\/christianobtf\",\"https:\\\/\\\/tiktok.com\\\/@christianobtf\",\"https:\\\/\\\/www.youtube.com\\\/@christianobtf\",\"https:\\\/\\\/www.instagram.com\\\/christiano_btf\\\/\"]},{\"@type\":\"Person\",\"@id\":\"https:\\\/\\\/www.christianobtf.com\\\/#\\\/schema\\\/person\\\/d4f35eeee402432e37887b4633f17b95\",\"name\":\"Christiano Btf\",\"image\":{\"@type\":\"ImageObject\",\"inLanguage\":\"es\",\"@id\":\"\\\/\\\/www.gravatar.com\\\/avatar\\\/ec6515be259d60bfd92b65898c83fa2f?s=96&#038;r=g&#038;d=mm\",\"url\":\"\\\/\\\/www.gravatar.com\\\/avatar\\\/ec6515be259d60bfd92b65898c83fa2f?s=96&#038;r=g&#038;d=mm\",\"contentUrl\":\"\\\/\\\/www.gravatar.com\\\/avatar\\\/ec6515be259d60bfd92b65898c83fa2f?s=96&#038;r=g&#038;d=mm\",\"caption\":\"Christiano Btf\"},\"description\":\"En tant que fervent amateur de connaissances et de d\u00e9couvertes, je m'efforce de vous offrir un contenu informatif et stimulant. Ma qu\u00eate consiste \u00e0 fournir des informations de qualit\u00e9, \u00e0 d\u00e9crypter l'actualit\u00e9 et \u00e0 partager des analyses perspicaces. Pour moi, comprendre et analyser les donn\u00e9es est bien plus qu'une passion, c'est un engagement envers l'enrichissement intellectuel. Rejoignez-moi dans cette aventure intellectuelle o\u00f9 la curiosit\u00e9, la r\u00e9flexion et la soif de connaissances se conjuguent pour offrir un regard approfondi sur le monde qui nous entoure.\",\"sameAs\":[\"https:\\\/\\\/www.christianobtf.com\",\"https:\\\/\\\/www.facebook.com\\\/christianobtf\",\"https:\\\/\\\/www.instagram.com\\\/christiano_btf\",\"https:\\\/\\\/x.com\\\/https:\\\/\\\/www.twitter.com\\\/christianobtf\",\"https:\\\/\\\/www.youtube.com\\\/@christianobtf\"],\"honorificSuffix\":\"Master\",\"award\":[\"Po\u00e9sie\",\"Litt\u00e9rature\"],\"knowsAbout\":[\"Actualit\u00e9\",\"Po\u00e9sie\",\"Business\"],\"knowsLanguage\":[\"Fran\u00e7ais\",\"Anglais\",\"Arabe\"],\"jobTitle\":\"Ing\u00e9nieur\",\"url\":\"https:\\\/\\\/www.christianobtf.com\\\/es\\\/author\\\/christianobtf\\\/\"}]}<\/script>\n<!-- \/ Yoast SEO Premium plugin. -->","yoast_head_json":{"title":"Inundaciones en Pas-de-Calais: Una Semana de Pruebas y Movilizaci\u00f3n | Christiano Btf","description":"Pas-de-Calais enfrenta inundaciones hist\u00f3ricas con m\u00e1s de 130 comunas afectadas, provocando evacuaciones masivas y el cierre de escuelas. A pesar de una disminuci\u00f3n de las precipitaciones, los r\u00edos siguen en alerta roja. Los servicios de rescate, reforzados por 700 efectivos de la Seguridad Civil, intervienen en unas sesenta carreteras cerradas. La Cruz Roja abre centros de alojamiento y se establece una red de ayuda. La cat\u00e1strofe natural se declarar\u00e1 el 14 de noviembre, con un plazo de 30 d\u00edas para las declaraciones de los damnificados.","robots":{"index":"index","follow":"follow","max-snippet":"max-snippet:-1","max-image-preview":"max-image-preview:large","max-video-preview":"max-video-preview:-1"},"canonical":"https:\/\/www.christianobtf.com\/es\/inundaciones-en-pas-de-calais-una-semana-de-pruebas-y-movilizacion\/","og_locale":"es_ES","og_type":"article","og_title":"Inundaciones en Pas-de-Calais: Una Semana de Pruebas y Movilizaci\u00f3n","og_description":"Pas-de-Calais enfrenta inundaciones hist\u00f3ricas con m\u00e1s de 130 comunas afectadas, provocando evacuaciones masivas y el cierre de escuelas. A pesar de una disminuci\u00f3n de las precipitaciones, los r\u00edos siguen en alerta roja. Los servicios de rescate, reforzados por 700 efectivos de la Seguridad Civil, intervienen en unas sesenta carreteras cerradas. La Cruz Roja abre centros de alojamiento y se establece una red de ayuda. La cat\u00e1strofe natural se declarar\u00e1 el 14 de noviembre, con un plazo de 30 d\u00edas para las declaraciones de los damnificados.","og_url":"https:\/\/www.christianobtf.com\/es\/inundaciones-en-pas-de-calais-una-semana-de-pruebas-y-movilizacion\/","og_site_name":"Christiano Btf","article_publisher":"https:\/\/www.facebook.com\/christianobtf","article_author":"https:\/\/www.facebook.com\/christianobtf","article_published_time":"2023-11-10T13:12:41+00:00","article_modified_time":"2023-11-10T14:36:30+00:00","og_image":[{"width":1200,"height":680,"url":"https:\/\/www.christianobtf.com\/wp-content\/uploads\/2023\/11\/1200x680_sc_neuvillesousmontreuilafp.jpg","type":"image\/jpeg"}],"author":"Christiano Btf","twitter_card":"summary_large_image","twitter_description":"Pas-de-Calais enfrenta inundaciones hist\u00f3ricas con m\u00e1s de 130 comunas afectadas, provocando evacuaciones masivas y el cierre de escuelas. A pesar de una disminuci\u00f3n de las precipitaciones, los r\u00edos siguen en alerta roja. Los servicios de rescate, reforzados por 700 efectivos de la Seguridad Civil, intervienen en unas sesenta carreteras cerradas. La Cruz Roja abre centros de alojamiento y se establece una red de ayuda. La cat\u00e1strofe natural se declarar\u00e1 el 14 de noviembre, con un plazo de 30 d\u00edas para las declaraciones de los damnificados.","twitter_creator":"@https:\/\/www.twitter.com\/christianobtf","twitter_site":"@christianobtf","twitter_misc":{"Escrito por":"Christiano Btf<span class=\"bp-verified-badge\"><\/span>","Tiempo de lectura":"4 minutos"},"schema":{"@context":"https:\/\/schema.org","@graph":[{"@type":"Article","@id":"https:\/\/www.christianobtf.com\/es\/inundaciones-en-pas-de-calais-una-semana-de-pruebas-y-movilizacion\/#article","isPartOf":{"@id":"https:\/\/www.christianobtf.com\/es\/inundaciones-en-pas-de-calais-una-semana-de-pruebas-y-movilizacion\/"},"author":{"name":"Christiano Btf","@id":"https:\/\/www.christianobtf.com\/#\/schema\/person\/d4f35eeee402432e37887b4633f17b95"},"headline":"Inundaciones en Pas-de-Calais: Una Semana de Pruebas y Movilizaci\u00f3n","datePublished":"2023-11-10T13:12:41+00:00","dateModified":"2023-11-10T14:36:30+00:00","mainEntityOfPage":{"@id":"https:\/\/www.christianobtf.com\/es\/inundaciones-en-pas-de-calais-una-semana-de-pruebas-y-movilizacion\/"},"wordCount":657,"commentCount":0,"publisher":{"@id":"https:\/\/www.christianobtf.com\/#organization"},"image":{"@id":"https:\/\/www.christianobtf.com\/es\/inundaciones-en-pas-de-calais-una-semana-de-pruebas-y-movilizacion\/#primaryimage"},"thumbnailUrl":"https:\/\/i0.wp.com\/www.christianobtf.com\/wp-content\/uploads\/2023\/11\/1200x680_sc_neuvillesousmontreuilafp.jpg?fit=1200%2C680&ssl=1","keywords":["Alerta Roja","Evacuaciones","Inundaci\u00f3n","Pas-de-Calais","Solidaridad"],"articleSection":["Desastres","Francia"],"inLanguage":"es","potentialAction":[{"@type":"CommentAction","name":"Comment","target":["https:\/\/www.christianobtf.com\/es\/inundaciones-en-pas-de-calais-una-semana-de-pruebas-y-movilizacion\/#respond"]}]},{"@type":"WebPage","@id":"https:\/\/www.christianobtf.com\/es\/inundaciones-en-pas-de-calais-una-semana-de-pruebas-y-movilizacion\/","url":"https:\/\/www.christianobtf.com\/es\/inundaciones-en-pas-de-calais-una-semana-de-pruebas-y-movilizacion\/","name":"Inundaciones en Pas-de-Calais: Una Semana de Pruebas y Movilizaci\u00f3n | Christiano Btf","isPartOf":{"@id":"https:\/\/www.christianobtf.com\/#website"},"primaryImageOfPage":{"@id":"https:\/\/www.christianobtf.com\/es\/inundaciones-en-pas-de-calais-una-semana-de-pruebas-y-movilizacion\/#primaryimage"},"image":{"@id":"https:\/\/www.christianobtf.com\/es\/inundaciones-en-pas-de-calais-una-semana-de-pruebas-y-movilizacion\/#primaryimage"},"thumbnailUrl":"https:\/\/i0.wp.com\/www.christianobtf.com\/wp-content\/uploads\/2023\/11\/1200x680_sc_neuvillesousmontreuilafp.jpg?fit=1200%2C680&ssl=1","datePublished":"2023-11-10T13:12:41+00:00","dateModified":"2023-11-10T14:36:30+00:00","description":"Pas-de-Calais enfrenta inundaciones hist\u00f3ricas con m\u00e1s de 130 comunas afectadas, provocando evacuaciones masivas y el cierre de escuelas. A pesar de una disminuci\u00f3n de las precipitaciones, los r\u00edos siguen en alerta roja. Los servicios de rescate, reforzados por 700 efectivos de la Seguridad Civil, intervienen en unas sesenta carreteras cerradas. La Cruz Roja abre centros de alojamiento y se establece una red de ayuda. La cat\u00e1strofe natural se declarar\u00e1 el 14 de noviembre, con un plazo de 30 d\u00edas para las declaraciones de los damnificados.","breadcrumb":{"@id":"https:\/\/www.christianobtf.com\/es\/inundaciones-en-pas-de-calais-una-semana-de-pruebas-y-movilizacion\/#breadcrumb"},"inLanguage":"es","potentialAction":[{"@type":"ReadAction","target":["https:\/\/www.christianobtf.com\/es\/inundaciones-en-pas-de-calais-una-semana-de-pruebas-y-movilizacion\/"]}]},{"@type":"ImageObject","inLanguage":"es","@id":"https:\/\/www.christianobtf.com\/es\/inundaciones-en-pas-de-calais-una-semana-de-pruebas-y-movilizacion\/#primaryimage","url":"https:\/\/i0.wp.com\/www.christianobtf.com\/wp-content\/uploads\/2023\/11\/1200x680_sc_neuvillesousmontreuilafp.jpg?fit=1200%2C680&ssl=1","contentUrl":"https:\/\/i0.wp.com\/www.christianobtf.com\/wp-content\/uploads\/2023\/11\/1200x680_sc_neuvillesousmontreuilafp.jpg?fit=1200%2C680&ssl=1","width":1200,"height":680,"caption":"Pr\u00e9s de 130 communes du Pas-de-Calais sont touch\u00e9es par ces inondations comme ici \u00e0 Neuville-sous-Montreuil \u00a9 AFP - Sameer Al-Doumy"},{"@type":"BreadcrumbList","@id":"https:\/\/www.christianobtf.com\/es\/inundaciones-en-pas-de-calais-una-semana-de-pruebas-y-movilizacion\/#breadcrumb","itemListElement":[{"@type":"ListItem","position":1,"name":"Accueil","item":"https:\/\/www.christianobtf.com\/es\/"},{"@type":"ListItem","position":2,"name":"Inundaciones en Pas-de-Calais: Una Semana de Pruebas y Movilizaci\u00f3n"}]},{"@type":"WebSite","@id":"https:\/\/www.christianobtf.com\/#website","url":"https:\/\/www.christianobtf.com\/","name":"Christiano Btf","description":"Avoir mati\u00e8res \u00e0 penser","publisher":{"@id":"https:\/\/www.christianobtf.com\/#organization"},"alternateName":"Christiano Btf","potentialAction":[{"@type":"SearchAction","target":{"@type":"EntryPoint","urlTemplate":"https:\/\/www.christianobtf.com\/?s={search_term_string}"},"query-input":{"@type":"PropertyValueSpecification","valueRequired":true,"valueName":"search_term_string"}}],"inLanguage":"es"},{"@type":"Organization","@id":"https:\/\/www.christianobtf.com\/#organization","name":"Christiano Btf","url":"https:\/\/www.christianobtf.com\/","logo":{"@type":"ImageObject","inLanguage":"es","@id":"https:\/\/www.christianobtf.com\/#\/schema\/logo\/image\/","url":"https:\/\/i0.wp.com\/www.christianobtf.com\/wp-content\/uploads\/2023\/06\/cropped-Christiano-btf-icon.png?fit=1919%2C576&ssl=1","contentUrl":"https:\/\/i0.wp.com\/www.christianobtf.com\/wp-content\/uploads\/2023\/06\/cropped-Christiano-btf-icon.png?fit=1919%2C576&ssl=1","width":1919,"height":576,"caption":"Christiano Btf"},"image":{"@id":"https:\/\/www.christianobtf.com\/#\/schema\/logo\/image\/"},"sameAs":["https:\/\/www.facebook.com\/christianobtf","https:\/\/x.com\/christianobtf","https:\/\/tiktok.com\/@christianobtf","https:\/\/www.youtube.com\/@christianobtf","https:\/\/www.instagram.com\/christiano_btf\/"]},{"@type":"Person","@id":"https:\/\/www.christianobtf.com\/#\/schema\/person\/d4f35eeee402432e37887b4633f17b95","name":"Christiano Btf","image":{"@type":"ImageObject","inLanguage":"es","@id":"\/\/www.gravatar.com\/avatar\/ec6515be259d60bfd92b65898c83fa2f?s=96&#038;r=g&#038;d=mm","url":"\/\/www.gravatar.com\/avatar\/ec6515be259d60bfd92b65898c83fa2f?s=96&#038;r=g&#038;d=mm","contentUrl":"\/\/www.gravatar.com\/avatar\/ec6515be259d60bfd92b65898c83fa2f?s=96&#038;r=g&#038;d=mm","caption":"Christiano Btf"},"description":"En tant que fervent amateur de connaissances et de d\u00e9couvertes, je m'efforce de vous offrir un contenu informatif et stimulant. Ma qu\u00eate consiste \u00e0 fournir des informations de qualit\u00e9, \u00e0 d\u00e9crypter l'actualit\u00e9 et \u00e0 partager des analyses perspicaces. Pour moi, comprendre et analyser les donn\u00e9es est bien plus qu'une passion, c'est un engagement envers l'enrichissement intellectuel. Rejoignez-moi dans cette aventure intellectuelle o\u00f9 la curiosit\u00e9, la r\u00e9flexion et la soif de connaissances se conjuguent pour offrir un regard approfondi sur le monde qui nous entoure.","sameAs":["https:\/\/www.christianobtf.com","https:\/\/www.facebook.com\/christianobtf","https:\/\/www.instagram.com\/christiano_btf","https:\/\/x.com\/https:\/\/www.twitter.com\/christianobtf","https:\/\/www.youtube.com\/@christianobtf"],"honorificSuffix":"Master","award":["Po\u00e9sie","Litt\u00e9rature"],"knowsAbout":["Actualit\u00e9","Po\u00e9sie","Business"],"knowsLanguage":["Fran\u00e7ais","Anglais","Arabe"],"jobTitle":"Ing\u00e9nieur","url":"https:\/\/www.christianobtf.com\/es\/author\/christianobtf\/"}]}},"jetpack_publicize_connections":[],"jetpack_featured_media_url":"https:\/\/i0.wp.com\/www.christianobtf.com\/wp-content\/uploads\/2023\/11\/1200x680_sc_neuvillesousmontreuilafp.jpg?fit=1200%2C680&ssl=1","jetpack_sharing_enabled":true,"_links":{"self":[{"href":"https:\/\/www.christianobtf.com\/es\/wp-json\/wp\/v2\/posts\/13456","targetHints":{"allow":["GET"]}}],"collection":[{"href":"https:\/\/www.christianobtf.com\/es\/wp-json\/wp\/v2\/posts"}],"about":[{"href":"https:\/\/www.christianobtf.com\/es\/wp-json\/wp\/v2\/types\/post"}],"author":[{"embeddable":true,"href":"https:\/\/www.christianobtf.com\/es\/wp-json\/wp\/v2\/users\/1"}],"replies":[{"embeddable":true,"href":"https:\/\/www.christianobtf.com\/es\/wp-json\/wp\/v2\/comments?post=13456"}],"version-history":[{"count":1,"href":"https:\/\/www.christianobtf.com\/es\/wp-json\/wp\/v2\/posts\/13456\/revisions"}],"predecessor-version":[{"id":13470,"href":"https:\/\/www.christianobtf.com\/es\/wp-json\/wp\/v2\/posts\/13456\/revisions\/13470"}],"wp:featuredmedia":[{"embeddable":true,"href":"https:\/\/www.christianobtf.com\/es\/wp-json\/wp\/v2\/media\/13442"}],"wp:attachment":[{"href":"https:\/\/www.christianobtf.com\/es\/wp-json\/wp\/v2\/media?parent=13456"}],"wp:term":[{"taxonomy":"category","embeddable":true,"href":"https:\/\/www.christianobtf.com\/es\/wp-json\/wp\/v2\/categories?post=13456"},{"taxonomy":"post_tag","embeddable":true,"href":"https:\/\/www.christianobtf.com\/es\/wp-json\/wp\/v2\/tags?post=13456"}],"curies":[{"name":"wp","href":"https:\/\/api.w.org\/{rel}","templated":true}]}}