{"id":19399,"date":"2024-07-10T17:56:27","date_gmt":"2024-07-10T17:56:27","guid":{"rendered":"https:\/\/www.christianobtf.com\/?p=19399"},"modified":"2024-07-10T18:02:32","modified_gmt":"2024-07-10T18:02:32","slug":"controversial-activist-kemi-seba-stripped-of-french-citizenship-reasons-and-reactions","status":"publish","type":"post","link":"https:\/\/www.christianobtf.com\/en\/controversial-activist-kemi-seba-stripped-of-french-citizenship-reasons-and-reactions\/","title":{"rendered":"Controversial Activist Kemi Seba Stripped of French Citizenship: Reasons and Reactions"},"content":{"rendered":"<div class=\"flex-shrink-0 flex flex-col relative items-end\">\n<div>\n<div class=\"pt-0.5 juice:pt-0\">\n<div class=\"gizmo-bot-avatar flex h-6 w-6 items-center justify-center overflow-hidden rounded-full juice:h-8 juice:w-8\">\n<div class=\"relative p-1 rounded-sm flex items-center justify-center bg-token-main-surface-primary text-token-text-primary h-8 w-8\">In a decree issued on July 8, 2024, and published in the French official journal on July 9, Kemi Seba, the prominent activist and president of Urgences panafricanistes, has been formally stripped of his French nationality. This decision, initiated by the Ministry of the Interior earlier in the year and validated by the Council of State, underscores the escalating tensions surrounding his outspoken views and affiliations.<\/div>\n<\/div>\n<\/div>\n<\/div>\n<\/div>\n<div class=\"group\/conversation-turn relative flex w-full min-w-0 flex-col agent-turn\">\n<div class=\"flex-col gap-1 md:gap-3\">\n<div class=\"flex flex-grow flex-col max-w-full\">\n<div class=\"min-h-[20px] text-message flex flex-col items-start whitespace-pre-wrap break-words [.text-message+&amp;]:mt-5 juice:w-full juice:items-end overflow-x-auto gap-2\" dir=\"auto\" data-message-author-role=\"assistant\" data-message-id=\"dc788f93-f48f-4342-89c1-d95f8be99fb4\">\n<div class=\"flex w-full flex-col gap-1 juice:empty:hidden juice:first:pt-[3px]\">\n<div class=\"markdown prose w-full break-words dark:prose-invert dark\">\n<div id=\"ez-toc-container\" class=\"ez-toc-v2_0_82_2 counter-hierarchy ez-toc-counter ez-toc-transparent ez-toc-container-direction\">\n<div class=\"ez-toc-title-container\">\n<p class=\"ez-toc-title\" style=\"cursor:inherit\">Table of Contents<\/p>\n<span class=\"ez-toc-title-toggle\"><a href=\"#\" class=\"ez-toc-pull-right ez-toc-btn ez-toc-btn-xs ez-toc-btn-default ez-toc-toggle\" aria-label=\"Toggle Table of Content\"><span class=\"ez-toc-js-icon-con\"><span class=\"\"><span class=\"eztoc-hide\" style=\"display:none;\">Toggle<\/span><span class=\"ez-toc-icon-toggle-span\"><svg style=\"fill: #1e73be;color:#1e73be\" xmlns=\"http:\/\/www.w3.org\/2000\/svg\" class=\"list-377408\" width=\"20px\" height=\"20px\" viewBox=\"0 0 24 24\" fill=\"none\"><path d=\"M6 6H4v2h2V6zm14 0H8v2h12V6zM4 11h2v2H4v-2zm16 0H8v2h12v-2zM4 16h2v2H4v-2zm16 0H8v2h12v-2z\" fill=\"currentColor\"><\/path><\/svg><svg style=\"fill: #1e73be;color:#1e73be\" class=\"arrow-unsorted-368013\" xmlns=\"http:\/\/www.w3.org\/2000\/svg\" width=\"10px\" height=\"10px\" viewBox=\"0 0 24 24\" version=\"1.2\" baseProfile=\"tiny\"><path d=\"M18.2 9.3l-6.2-6.3-6.2 6.3c-.2.2-.3.4-.3.7s.1.5.3.7c.2.2.4.3.7.3h11c.3 0 .5-.1.7-.3.2-.2.3-.5.3-.7s-.1-.5-.3-.7zM5.8 14.7l6.2 6.3 6.2-6.3c.2-.2.3-.5.3-.7s-.1-.5-.3-.7c-.2-.2-.4-.3-.7-.3h-11c-.3 0-.5.1-.7.3-.2.2-.3.5-.3.7s.1.5.3.7z\"\/><\/svg><\/span><\/span><\/span><\/a><\/span><\/div>\n<nav><ul class='ez-toc-list ez-toc-list-level-1 eztoc-toggle-hide-by-default' ><li class='ez-toc-page-1 ez-toc-heading-level-2'><a class=\"ez-toc-link ez-toc-heading-1\" href=\"https:\/\/www.christianobtf.com\/en\/controversial-activist-kemi-seba-stripped-of-french-citizenship-reasons-and-reactions\/#Background_and_Activism\" >Background and Activism<\/a><\/li><li class='ez-toc-page-1 ez-toc-heading-level-2'><a class=\"ez-toc-link ez-toc-heading-2\" href=\"https:\/\/www.christianobtf.com\/en\/controversial-activist-kemi-seba-stripped-of-french-citizenship-reasons-and-reactions\/#Legal_and_Political_Controversies\" >Legal and Political Controversies<\/a><\/li><li class='ez-toc-page-1 ez-toc-heading-level-2'><a class=\"ez-toc-link ez-toc-heading-3\" href=\"https:\/\/www.christianobtf.com\/en\/controversial-activist-kemi-seba-stripped-of-french-citizenship-reasons-and-reactions\/#Financial_Allegations_and_Support\" >Financial Allegations and Support<\/a><\/li><li class='ez-toc-page-1 ez-toc-heading-level-2'><a class=\"ez-toc-link ez-toc-heading-4\" href=\"https:\/\/www.christianobtf.com\/en\/controversial-activist-kemi-seba-stripped-of-french-citizenship-reasons-and-reactions\/#Reactions_and_Responses\" >Reactions and Responses<\/a><\/li><li class='ez-toc-page-1 ez-toc-heading-level-2'><a class=\"ez-toc-link ez-toc-heading-5\" href=\"https:\/\/www.christianobtf.com\/en\/controversial-activist-kemi-seba-stripped-of-french-citizenship-reasons-and-reactions\/#Broader_Implications\" >Broader Implications<\/a><\/li><\/ul><\/nav><\/div>\n<h2><span class=\"ez-toc-section\" id=\"Background_and_Activism\"><\/span><strong>Background and Activism<\/strong><span class=\"ez-toc-section-end\"><\/span><\/h2>\n<p>Kemi Seba, born Stellio Gilles Robert Capo Chichi, has garnered international attention for his vehement criticism of French neo-colonial policies in Africa. His advocacy has positioned him as a controversial figure within certain African diasporas worldwide. His close ties with Russia and Iran, coupled with his vocal opposition to French military presence in Africa, have further polarized opinions about his activities.<\/p>\n<h2><span class=\"ez-toc-section\" id=\"Legal_and_Political_Controversies\"><\/span><strong>Legal and Political Controversies<\/strong><span class=\"ez-toc-section-end\"><\/span><\/h2>\n<p>The decision to revoke his French citizenship stems from allegations of consistently anti-French rhetoric and actions. This includes accusations of collaborating with foreign entities to propagate anti-French sentiments, notably highlighted during his visit to Niger where he alleged French military misconduct using mercenaries disguised as local soldiers.<\/p>\n<h2><span class=\"ez-toc-section\" id=\"Financial_Allegations_and_Support\"><\/span><strong>Financial Allegations and Support<\/strong><span class=\"ez-toc-section-end\"><\/span><\/h2>\n<p>Key revelations from German newspaper Die Welt and other sources disclosed substantial financial support from entities linked to the Wagner Group, known for its controversial operations in Africa. Documents indicated Kemi Seba received approximately \u20ac440,000 from these sources, intended to bolster his political initiatives and influence.<\/p>\n<h2><span class=\"ez-toc-section\" id=\"Reactions_and_Responses\"><\/span><strong>Reactions and Responses<\/strong><span class=\"ez-toc-section-end\"><\/span><\/h2>\n<p>Kemi Seba&#8217;s response to the citizenship revocation was marked by a public display of burning his French passport, declaring liberation from what he termed the burdens of French nationality. He continues to maintain Beninese citizenship, satisfying legal criteria under French law for the revocation of his French nationality.<\/p>\n<h2><span class=\"ez-toc-section\" id=\"Broader_Implications\"><\/span><strong>Broader Implications<\/strong><span class=\"ez-toc-section-end\"><\/span><\/h2>\n<p>This decision has ignited mixed reactions, with supporters viewing it as a stance against colonialism and defenders of national interests, while critics argue it reflects broader geopolitical tensions and concerns over foreign influence.<\/p>\n<blockquote><p><em><strong>To Read :<\/strong>\u00a0<a href=\"https:\/\/www.christianobtf.com\/en\/william-ruto-navigating-kenyas-future-through-reforms-and-challenges\/\">William Ruto: Navigating Kenya&#8217;s Future Through Reforms and Challenges<\/a><\/em><\/p><\/blockquote>\n<p>The revocation of Kemi Seba&#8217;s French citizenship signals a critical juncture in the ongoing discourse surrounding activism, citizenship, and international relations. It underscores the complexities of navigating political dissent and national allegiance in contemporary France and Africa, amidst evolving global dynamics.<\/p>\n<p>This development invites further scrutiny into the intersection of activism, state sovereignty, and the protection of national interests in an increasingly interconnected world.<\/p>\n<\/div>\n<\/div>\n<\/div>\n<\/div>\n<\/div>\n<\/div>\n","protected":false},"excerpt":{"rendered":"<p>Kemi Seba, a prominent pan-African activist known for his anti-French stance, has been stripped of his French nationality by a decree dated July 8, 2024. This revocation is tied to his activist activities, connections with foreign regimes, and anti-French propaganda. Kemi Seba welcomes this decision, viewing it as recognition for his efforts against Fran\u00e7afrique.<\/p>\n","protected":false},"author":1,"featured_media":19392,"comment_status":"open","ping_status":"open","sticky":false,"template":"","format":"standard","meta":{"jetpack_post_was_ever_published":false,"_jetpack_newsletter_access":"","_jetpack_dont_email_post_to_subs":false,"_jetpack_newsletter_tier_id":0,"_jetpack_memberships_contains_paywalled_content":false,"_jetpack_memberships_contains_paid_content":false,"footnotes":"","jetpack_publicize_message":"","jetpack_publicize_feature_enabled":true,"jetpack_social_post_already_shared":true,"jetpack_social_options":{"image_generator_settings":{"template":"highway","default_image_id":0,"font":"","enabled":false},"version":2}},"categories":[4061],"tags":[6326,6325,4535,6327,6328],"class_list":["post-19399","post","type-post","status-publish","format-standard","has-post-thumbnail","hentry","category-justice-en","tag-activism","tag-citizenship-revocation","tag-france-en","tag-international-relations","tag-kemi-seba-en"],"yoast_head":"<!-- This site is optimized with the Yoast SEO Premium plugin v22.6 (Yoast SEO v27.5) - https:\/\/yoast.com\/product\/yoast-seo-premium-wordpress\/ -->\n<title>Controversial Activist Kemi Seba Stripped of French Citizenship: Reasons and Reactions | Christiano Btf<\/title>\n<meta name=\"description\" content=\"Kemi Seba, a prominent pan-African activist known for his anti-French stance, has been stripped of his French nationality by a decree dated July 8, 2024. This revocation is tied to his activist activities, connections with foreign regimes, and anti-French propaganda. Kemi Seba welcomes this decision, viewing it as recognition for his efforts against Fran\u00e7afrique.\" \/>\n<meta name=\"robots\" content=\"index, follow, max-snippet:-1, max-image-preview:large, max-video-preview:-1\" \/>\n<link rel=\"canonical\" href=\"https:\/\/www.christianobtf.com\/en\/controversial-activist-kemi-seba-stripped-of-french-citizenship-reasons-and-reactions\/\" \/>\n<meta property=\"og:locale\" content=\"en_US\" \/>\n<meta property=\"og:type\" content=\"article\" \/>\n<meta property=\"og:title\" content=\"Controversial Activist Kemi Seba Stripped of French Citizenship: Reasons and Reactions\" \/>\n<meta property=\"og:description\" content=\"Kemi Seba, a prominent pan-African activist known for his anti-French stance, has been stripped of his French nationality by a decree dated July 8, 2024. This revocation is tied to his activist activities, connections with foreign regimes, and anti-French propaganda. Kemi Seba welcomes this decision, viewing it as recognition for his efforts against Fran\u00e7afrique.\" \/>\n<meta property=\"og:url\" content=\"https:\/\/www.christianobtf.com\/en\/controversial-activist-kemi-seba-stripped-of-french-citizenship-reasons-and-reactions\/\" \/>\n<meta property=\"og:site_name\" content=\"Christiano Btf\" \/>\n<meta property=\"article:publisher\" content=\"https:\/\/www.facebook.com\/christianobtf\" \/>\n<meta property=\"article:author\" content=\"https:\/\/www.facebook.com\/christianobtf\" \/>\n<meta property=\"article:published_time\" content=\"2024-07-10T17:56:27+00:00\" \/>\n<meta property=\"article:modified_time\" content=\"2024-07-10T18:02:32+00:00\" \/>\n<meta property=\"og:image\" content=\"https:\/\/www.christianobtf.com\/wp-content\/uploads\/2024\/07\/asOsHnmhs5VaH36Cx.webp\" \/>\n\t<meta property=\"og:image:width\" content=\"770\" \/>\n\t<meta property=\"og:image:height\" content=\"462\" \/>\n\t<meta property=\"og:image:type\" content=\"image\/webp\" \/>\n<meta name=\"author\" content=\"Christiano Btf\" \/>\n<meta name=\"twitter:card\" content=\"summary_large_image\" \/>\n<meta name=\"twitter:description\" content=\"Kemi Seba, a prominent pan-African activist known for his anti-French stance, has been stripped of his French nationality by a decree dated July 8, 2024. This revocation is tied to his activist activities, connections with foreign regimes, and anti-French propaganda. Kemi Seba welcomes this decision, viewing it as recognition for his efforts against Fran\u00e7afrique.\" \/>\n<meta name=\"twitter:creator\" content=\"@https:\/\/www.twitter.com\/christianobtf\" \/>\n<meta name=\"twitter:site\" content=\"@christianobtf\" \/>\n<meta name=\"twitter:label1\" content=\"Written by\" \/>\n\t<meta name=\"twitter:data1\" content=\"Christiano Btf&lt;span class=&quot;bp-verified-badge&quot;&gt;&lt;\/span&gt;\" \/>\n\t<meta name=\"twitter:label2\" content=\"Est. reading time\" \/>\n\t<meta name=\"twitter:data2\" content=\"3 minutes\" \/>\n<script type=\"application\/ld+json\" class=\"yoast-schema-graph\">{\"@context\":\"https:\\\/\\\/schema.org\",\"@graph\":[{\"@type\":\"Article\",\"@id\":\"https:\\\/\\\/www.christianobtf.com\\\/en\\\/controversial-activist-kemi-seba-stripped-of-french-citizenship-reasons-and-reactions\\\/#article\",\"isPartOf\":{\"@id\":\"https:\\\/\\\/www.christianobtf.com\\\/en\\\/controversial-activist-kemi-seba-stripped-of-french-citizenship-reasons-and-reactions\\\/\"},\"author\":{\"name\":\"Christiano Btf\",\"@id\":\"https:\\\/\\\/www.christianobtf.com\\\/#\\\/schema\\\/person\\\/d4f35eeee402432e37887b4633f17b95\"},\"headline\":\"Controversial Activist Kemi Seba Stripped of French Citizenship: Reasons and Reactions\",\"datePublished\":\"2024-07-10T17:56:27+00:00\",\"dateModified\":\"2024-07-10T18:02:32+00:00\",\"mainEntityOfPage\":{\"@id\":\"https:\\\/\\\/www.christianobtf.com\\\/en\\\/controversial-activist-kemi-seba-stripped-of-french-citizenship-reasons-and-reactions\\\/\"},\"wordCount\":402,\"commentCount\":0,\"publisher\":{\"@id\":\"https:\\\/\\\/www.christianobtf.com\\\/#organization\"},\"image\":{\"@id\":\"https:\\\/\\\/www.christianobtf.com\\\/en\\\/controversial-activist-kemi-seba-stripped-of-french-citizenship-reasons-and-reactions\\\/#primaryimage\"},\"thumbnailUrl\":\"https:\\\/\\\/i0.wp.com\\\/www.christianobtf.com\\\/wp-content\\\/uploads\\\/2024\\\/07\\\/asOsHnmhs5VaH36Cx.webp?fit=770%2C462&ssl=1\",\"keywords\":[\"activism\",\"citizenship revocation\",\"France\",\"international relations\",\"K\u00e9mi Seba\"],\"articleSection\":[\"Justice\"],\"inLanguage\":\"en-US\",\"potentialAction\":[{\"@type\":\"CommentAction\",\"name\":\"Comment\",\"target\":[\"https:\\\/\\\/www.christianobtf.com\\\/en\\\/controversial-activist-kemi-seba-stripped-of-french-citizenship-reasons-and-reactions\\\/#respond\"]}]},{\"@type\":\"WebPage\",\"@id\":\"https:\\\/\\\/www.christianobtf.com\\\/en\\\/controversial-activist-kemi-seba-stripped-of-french-citizenship-reasons-and-reactions\\\/\",\"url\":\"https:\\\/\\\/www.christianobtf.com\\\/en\\\/controversial-activist-kemi-seba-stripped-of-french-citizenship-reasons-and-reactions\\\/\",\"name\":\"Controversial Activist Kemi Seba Stripped of French Citizenship: Reasons and Reactions | Christiano Btf\",\"isPartOf\":{\"@id\":\"https:\\\/\\\/www.christianobtf.com\\\/#website\"},\"primaryImageOfPage\":{\"@id\":\"https:\\\/\\\/www.christianobtf.com\\\/en\\\/controversial-activist-kemi-seba-stripped-of-french-citizenship-reasons-and-reactions\\\/#primaryimage\"},\"image\":{\"@id\":\"https:\\\/\\\/www.christianobtf.com\\\/en\\\/controversial-activist-kemi-seba-stripped-of-french-citizenship-reasons-and-reactions\\\/#primaryimage\"},\"thumbnailUrl\":\"https:\\\/\\\/i0.wp.com\\\/www.christianobtf.com\\\/wp-content\\\/uploads\\\/2024\\\/07\\\/asOsHnmhs5VaH36Cx.webp?fit=770%2C462&ssl=1\",\"datePublished\":\"2024-07-10T17:56:27+00:00\",\"dateModified\":\"2024-07-10T18:02:32+00:00\",\"description\":\"Kemi Seba, a prominent pan-African activist known for his anti-French stance, has been stripped of his French nationality by a decree dated July 8, 2024. This revocation is tied to his activist activities, connections with foreign regimes, and anti-French propaganda. Kemi Seba welcomes this decision, viewing it as recognition for his efforts against Fran\u00e7afrique.\",\"breadcrumb\":{\"@id\":\"https:\\\/\\\/www.christianobtf.com\\\/en\\\/controversial-activist-kemi-seba-stripped-of-french-citizenship-reasons-and-reactions\\\/#breadcrumb\"},\"inLanguage\":\"en-US\",\"potentialAction\":[{\"@type\":\"ReadAction\",\"target\":[\"https:\\\/\\\/www.christianobtf.com\\\/en\\\/controversial-activist-kemi-seba-stripped-of-french-citizenship-reasons-and-reactions\\\/\"]}]},{\"@type\":\"ImageObject\",\"inLanguage\":\"en-US\",\"@id\":\"https:\\\/\\\/www.christianobtf.com\\\/en\\\/controversial-activist-kemi-seba-stripped-of-french-citizenship-reasons-and-reactions\\\/#primaryimage\",\"url\":\"https:\\\/\\\/i0.wp.com\\\/www.christianobtf.com\\\/wp-content\\\/uploads\\\/2024\\\/07\\\/asOsHnmhs5VaH36Cx.webp?fit=770%2C462&ssl=1\",\"contentUrl\":\"https:\\\/\\\/i0.wp.com\\\/www.christianobtf.com\\\/wp-content\\\/uploads\\\/2024\\\/07\\\/asOsHnmhs5VaH36Cx.webp?fit=770%2C462&ssl=1\",\"width\":770,\"height\":462,\"caption\":\"2023 Anadolu Agency\"},{\"@type\":\"BreadcrumbList\",\"@id\":\"https:\\\/\\\/www.christianobtf.com\\\/en\\\/controversial-activist-kemi-seba-stripped-of-french-citizenship-reasons-and-reactions\\\/#breadcrumb\",\"itemListElement\":[{\"@type\":\"ListItem\",\"position\":1,\"name\":\"Accueil\",\"item\":\"https:\\\/\\\/www.christianobtf.com\\\/en\\\/\"},{\"@type\":\"ListItem\",\"position\":2,\"name\":\"Controversial Activist Kemi Seba Stripped of French Citizenship: Reasons and Reactions\"}]},{\"@type\":\"WebSite\",\"@id\":\"https:\\\/\\\/www.christianobtf.com\\\/#website\",\"url\":\"https:\\\/\\\/www.christianobtf.com\\\/\",\"name\":\"Christiano Btf\",\"description\":\"Avoir mati\u00e8res \u00e0 penser\",\"publisher\":{\"@id\":\"https:\\\/\\\/www.christianobtf.com\\\/#organization\"},\"alternateName\":\"Christiano Btf\",\"potentialAction\":[{\"@type\":\"SearchAction\",\"target\":{\"@type\":\"EntryPoint\",\"urlTemplate\":\"https:\\\/\\\/www.christianobtf.com\\\/?s={search_term_string}\"},\"query-input\":{\"@type\":\"PropertyValueSpecification\",\"valueRequired\":true,\"valueName\":\"search_term_string\"}}],\"inLanguage\":\"en-US\"},{\"@type\":\"Organization\",\"@id\":\"https:\\\/\\\/www.christianobtf.com\\\/#organization\",\"name\":\"Christiano Btf\",\"url\":\"https:\\\/\\\/www.christianobtf.com\\\/\",\"logo\":{\"@type\":\"ImageObject\",\"inLanguage\":\"en-US\",\"@id\":\"https:\\\/\\\/www.christianobtf.com\\\/#\\\/schema\\\/logo\\\/image\\\/\",\"url\":\"https:\\\/\\\/i0.wp.com\\\/www.christianobtf.com\\\/wp-content\\\/uploads\\\/2023\\\/06\\\/cropped-Christiano-btf-icon.png?fit=1919%2C576&ssl=1\",\"contentUrl\":\"https:\\\/\\\/i0.wp.com\\\/www.christianobtf.com\\\/wp-content\\\/uploads\\\/2023\\\/06\\\/cropped-Christiano-btf-icon.png?fit=1919%2C576&ssl=1\",\"width\":1919,\"height\":576,\"caption\":\"Christiano Btf\"},\"image\":{\"@id\":\"https:\\\/\\\/www.christianobtf.com\\\/#\\\/schema\\\/logo\\\/image\\\/\"},\"sameAs\":[\"https:\\\/\\\/www.facebook.com\\\/christianobtf\",\"https:\\\/\\\/x.com\\\/christianobtf\",\"https:\\\/\\\/tiktok.com\\\/@christianobtf\",\"https:\\\/\\\/www.youtube.com\\\/@christianobtf\",\"https:\\\/\\\/www.instagram.com\\\/christiano_btf\\\/\"]},{\"@type\":\"Person\",\"@id\":\"https:\\\/\\\/www.christianobtf.com\\\/#\\\/schema\\\/person\\\/d4f35eeee402432e37887b4633f17b95\",\"name\":\"Christiano Btf\",\"image\":{\"@type\":\"ImageObject\",\"inLanguage\":\"en-US\",\"@id\":\"\\\/\\\/www.gravatar.com\\\/avatar\\\/ec6515be259d60bfd92b65898c83fa2f?s=96&#038;r=g&#038;d=mm\",\"url\":\"\\\/\\\/www.gravatar.com\\\/avatar\\\/ec6515be259d60bfd92b65898c83fa2f?s=96&#038;r=g&#038;d=mm\",\"contentUrl\":\"\\\/\\\/www.gravatar.com\\\/avatar\\\/ec6515be259d60bfd92b65898c83fa2f?s=96&#038;r=g&#038;d=mm\",\"caption\":\"Christiano Btf\"},\"description\":\"En tant que fervent amateur de connaissances et de d\u00e9couvertes, je m'efforce de vous offrir un contenu informatif et stimulant. Ma qu\u00eate consiste \u00e0 fournir des informations de qualit\u00e9, \u00e0 d\u00e9crypter l'actualit\u00e9 et \u00e0 partager des analyses perspicaces. Pour moi, comprendre et analyser les donn\u00e9es est bien plus qu'une passion, c'est un engagement envers l'enrichissement intellectuel. Rejoignez-moi dans cette aventure intellectuelle o\u00f9 la curiosit\u00e9, la r\u00e9flexion et la soif de connaissances se conjuguent pour offrir un regard approfondi sur le monde qui nous entoure.\",\"sameAs\":[\"https:\\\/\\\/www.christianobtf.com\",\"https:\\\/\\\/www.facebook.com\\\/christianobtf\",\"https:\\\/\\\/www.instagram.com\\\/christiano_btf\",\"https:\\\/\\\/x.com\\\/https:\\\/\\\/www.twitter.com\\\/christianobtf\",\"https:\\\/\\\/www.youtube.com\\\/@christianobtf\"],\"honorificSuffix\":\"Master\",\"award\":[\"Po\u00e9sie\",\"Litt\u00e9rature\"],\"knowsAbout\":[\"Actualit\u00e9\",\"Po\u00e9sie\",\"Business\"],\"knowsLanguage\":[\"Fran\u00e7ais\",\"Anglais\",\"Arabe\"],\"jobTitle\":\"Ing\u00e9nieur\",\"url\":\"https:\\\/\\\/www.christianobtf.com\\\/en\\\/author\\\/christianobtf\\\/\"}]}<\/script>\n<!-- \/ Yoast SEO Premium plugin. -->","yoast_head_json":{"title":"Controversial Activist Kemi Seba Stripped of French Citizenship: Reasons and Reactions | Christiano Btf","description":"Kemi Seba, a prominent pan-African activist known for his anti-French stance, has been stripped of his French nationality by a decree dated July 8, 2024. This revocation is tied to his activist activities, connections with foreign regimes, and anti-French propaganda. Kemi Seba welcomes this decision, viewing it as recognition for his efforts against Fran\u00e7afrique.","robots":{"index":"index","follow":"follow","max-snippet":"max-snippet:-1","max-image-preview":"max-image-preview:large","max-video-preview":"max-video-preview:-1"},"canonical":"https:\/\/www.christianobtf.com\/en\/controversial-activist-kemi-seba-stripped-of-french-citizenship-reasons-and-reactions\/","og_locale":"en_US","og_type":"article","og_title":"Controversial Activist Kemi Seba Stripped of French Citizenship: Reasons and Reactions","og_description":"Kemi Seba, a prominent pan-African activist known for his anti-French stance, has been stripped of his French nationality by a decree dated July 8, 2024. This revocation is tied to his activist activities, connections with foreign regimes, and anti-French propaganda. Kemi Seba welcomes this decision, viewing it as recognition for his efforts against Fran\u00e7afrique.","og_url":"https:\/\/www.christianobtf.com\/en\/controversial-activist-kemi-seba-stripped-of-french-citizenship-reasons-and-reactions\/","og_site_name":"Christiano Btf","article_publisher":"https:\/\/www.facebook.com\/christianobtf","article_author":"https:\/\/www.facebook.com\/christianobtf","article_published_time":"2024-07-10T17:56:27+00:00","article_modified_time":"2024-07-10T18:02:32+00:00","og_image":[{"width":770,"height":462,"url":"https:\/\/www.christianobtf.com\/wp-content\/uploads\/2024\/07\/asOsHnmhs5VaH36Cx.webp","type":"image\/webp"}],"author":"Christiano Btf","twitter_card":"summary_large_image","twitter_description":"Kemi Seba, a prominent pan-African activist known for his anti-French stance, has been stripped of his French nationality by a decree dated July 8, 2024. This revocation is tied to his activist activities, connections with foreign regimes, and anti-French propaganda. Kemi Seba welcomes this decision, viewing it as recognition for his efforts against Fran\u00e7afrique.","twitter_creator":"@https:\/\/www.twitter.com\/christianobtf","twitter_site":"@christianobtf","twitter_misc":{"Written by":"Christiano Btf<span class=\"bp-verified-badge\"><\/span>","Est. reading time":"3 minutes"},"schema":{"@context":"https:\/\/schema.org","@graph":[{"@type":"Article","@id":"https:\/\/www.christianobtf.com\/en\/controversial-activist-kemi-seba-stripped-of-french-citizenship-reasons-and-reactions\/#article","isPartOf":{"@id":"https:\/\/www.christianobtf.com\/en\/controversial-activist-kemi-seba-stripped-of-french-citizenship-reasons-and-reactions\/"},"author":{"name":"Christiano Btf","@id":"https:\/\/www.christianobtf.com\/#\/schema\/person\/d4f35eeee402432e37887b4633f17b95"},"headline":"Controversial Activist Kemi Seba Stripped of French Citizenship: Reasons and Reactions","datePublished":"2024-07-10T17:56:27+00:00","dateModified":"2024-07-10T18:02:32+00:00","mainEntityOfPage":{"@id":"https:\/\/www.christianobtf.com\/en\/controversial-activist-kemi-seba-stripped-of-french-citizenship-reasons-and-reactions\/"},"wordCount":402,"commentCount":0,"publisher":{"@id":"https:\/\/www.christianobtf.com\/#organization"},"image":{"@id":"https:\/\/www.christianobtf.com\/en\/controversial-activist-kemi-seba-stripped-of-french-citizenship-reasons-and-reactions\/#primaryimage"},"thumbnailUrl":"https:\/\/i0.wp.com\/www.christianobtf.com\/wp-content\/uploads\/2024\/07\/asOsHnmhs5VaH36Cx.webp?fit=770%2C462&ssl=1","keywords":["activism","citizenship revocation","France","international relations","K\u00e9mi Seba"],"articleSection":["Justice"],"inLanguage":"en-US","potentialAction":[{"@type":"CommentAction","name":"Comment","target":["https:\/\/www.christianobtf.com\/en\/controversial-activist-kemi-seba-stripped-of-french-citizenship-reasons-and-reactions\/#respond"]}]},{"@type":"WebPage","@id":"https:\/\/www.christianobtf.com\/en\/controversial-activist-kemi-seba-stripped-of-french-citizenship-reasons-and-reactions\/","url":"https:\/\/www.christianobtf.com\/en\/controversial-activist-kemi-seba-stripped-of-french-citizenship-reasons-and-reactions\/","name":"Controversial Activist Kemi Seba Stripped of French Citizenship: Reasons and Reactions | Christiano Btf","isPartOf":{"@id":"https:\/\/www.christianobtf.com\/#website"},"primaryImageOfPage":{"@id":"https:\/\/www.christianobtf.com\/en\/controversial-activist-kemi-seba-stripped-of-french-citizenship-reasons-and-reactions\/#primaryimage"},"image":{"@id":"https:\/\/www.christianobtf.com\/en\/controversial-activist-kemi-seba-stripped-of-french-citizenship-reasons-and-reactions\/#primaryimage"},"thumbnailUrl":"https:\/\/i0.wp.com\/www.christianobtf.com\/wp-content\/uploads\/2024\/07\/asOsHnmhs5VaH36Cx.webp?fit=770%2C462&ssl=1","datePublished":"2024-07-10T17:56:27+00:00","dateModified":"2024-07-10T18:02:32+00:00","description":"Kemi Seba, a prominent pan-African activist known for his anti-French stance, has been stripped of his French nationality by a decree dated July 8, 2024. This revocation is tied to his activist activities, connections with foreign regimes, and anti-French propaganda. Kemi Seba welcomes this decision, viewing it as recognition for his efforts against Fran\u00e7afrique.","breadcrumb":{"@id":"https:\/\/www.christianobtf.com\/en\/controversial-activist-kemi-seba-stripped-of-french-citizenship-reasons-and-reactions\/#breadcrumb"},"inLanguage":"en-US","potentialAction":[{"@type":"ReadAction","target":["https:\/\/www.christianobtf.com\/en\/controversial-activist-kemi-seba-stripped-of-french-citizenship-reasons-and-reactions\/"]}]},{"@type":"ImageObject","inLanguage":"en-US","@id":"https:\/\/www.christianobtf.com\/en\/controversial-activist-kemi-seba-stripped-of-french-citizenship-reasons-and-reactions\/#primaryimage","url":"https:\/\/i0.wp.com\/www.christianobtf.com\/wp-content\/uploads\/2024\/07\/asOsHnmhs5VaH36Cx.webp?fit=770%2C462&ssl=1","contentUrl":"https:\/\/i0.wp.com\/www.christianobtf.com\/wp-content\/uploads\/2024\/07\/asOsHnmhs5VaH36Cx.webp?fit=770%2C462&ssl=1","width":770,"height":462,"caption":"2023 Anadolu Agency"},{"@type":"BreadcrumbList","@id":"https:\/\/www.christianobtf.com\/en\/controversial-activist-kemi-seba-stripped-of-french-citizenship-reasons-and-reactions\/#breadcrumb","itemListElement":[{"@type":"ListItem","position":1,"name":"Accueil","item":"https:\/\/www.christianobtf.com\/en\/"},{"@type":"ListItem","position":2,"name":"Controversial Activist Kemi Seba Stripped of French Citizenship: Reasons and Reactions"}]},{"@type":"WebSite","@id":"https:\/\/www.christianobtf.com\/#website","url":"https:\/\/www.christianobtf.com\/","name":"Christiano Btf","description":"Avoir mati\u00e8res \u00e0 penser","publisher":{"@id":"https:\/\/www.christianobtf.com\/#organization"},"alternateName":"Christiano Btf","potentialAction":[{"@type":"SearchAction","target":{"@type":"EntryPoint","urlTemplate":"https:\/\/www.christianobtf.com\/?s={search_term_string}"},"query-input":{"@type":"PropertyValueSpecification","valueRequired":true,"valueName":"search_term_string"}}],"inLanguage":"en-US"},{"@type":"Organization","@id":"https:\/\/www.christianobtf.com\/#organization","name":"Christiano Btf","url":"https:\/\/www.christianobtf.com\/","logo":{"@type":"ImageObject","inLanguage":"en-US","@id":"https:\/\/www.christianobtf.com\/#\/schema\/logo\/image\/","url":"https:\/\/i0.wp.com\/www.christianobtf.com\/wp-content\/uploads\/2023\/06\/cropped-Christiano-btf-icon.png?fit=1919%2C576&ssl=1","contentUrl":"https:\/\/i0.wp.com\/www.christianobtf.com\/wp-content\/uploads\/2023\/06\/cropped-Christiano-btf-icon.png?fit=1919%2C576&ssl=1","width":1919,"height":576,"caption":"Christiano Btf"},"image":{"@id":"https:\/\/www.christianobtf.com\/#\/schema\/logo\/image\/"},"sameAs":["https:\/\/www.facebook.com\/christianobtf","https:\/\/x.com\/christianobtf","https:\/\/tiktok.com\/@christianobtf","https:\/\/www.youtube.com\/@christianobtf","https:\/\/www.instagram.com\/christiano_btf\/"]},{"@type":"Person","@id":"https:\/\/www.christianobtf.com\/#\/schema\/person\/d4f35eeee402432e37887b4633f17b95","name":"Christiano Btf","image":{"@type":"ImageObject","inLanguage":"en-US","@id":"\/\/www.gravatar.com\/avatar\/ec6515be259d60bfd92b65898c83fa2f?s=96&#038;r=g&#038;d=mm","url":"\/\/www.gravatar.com\/avatar\/ec6515be259d60bfd92b65898c83fa2f?s=96&#038;r=g&#038;d=mm","contentUrl":"\/\/www.gravatar.com\/avatar\/ec6515be259d60bfd92b65898c83fa2f?s=96&#038;r=g&#038;d=mm","caption":"Christiano Btf"},"description":"En tant que fervent amateur de connaissances et de d\u00e9couvertes, je m'efforce de vous offrir un contenu informatif et stimulant. Ma qu\u00eate consiste \u00e0 fournir des informations de qualit\u00e9, \u00e0 d\u00e9crypter l'actualit\u00e9 et \u00e0 partager des analyses perspicaces. Pour moi, comprendre et analyser les donn\u00e9es est bien plus qu'une passion, c'est un engagement envers l'enrichissement intellectuel. Rejoignez-moi dans cette aventure intellectuelle o\u00f9 la curiosit\u00e9, la r\u00e9flexion et la soif de connaissances se conjuguent pour offrir un regard approfondi sur le monde qui nous entoure.","sameAs":["https:\/\/www.christianobtf.com","https:\/\/www.facebook.com\/christianobtf","https:\/\/www.instagram.com\/christiano_btf","https:\/\/x.com\/https:\/\/www.twitter.com\/christianobtf","https:\/\/www.youtube.com\/@christianobtf"],"honorificSuffix":"Master","award":["Po\u00e9sie","Litt\u00e9rature"],"knowsAbout":["Actualit\u00e9","Po\u00e9sie","Business"],"knowsLanguage":["Fran\u00e7ais","Anglais","Arabe"],"jobTitle":"Ing\u00e9nieur","url":"https:\/\/www.christianobtf.com\/en\/author\/christianobtf\/"}]}},"jetpack_publicize_connections":[],"jetpack_featured_media_url":"https:\/\/i0.wp.com\/www.christianobtf.com\/wp-content\/uploads\/2024\/07\/asOsHnmhs5VaH36Cx.webp?fit=770%2C462&ssl=1","jetpack_sharing_enabled":true,"_links":{"self":[{"href":"https:\/\/www.christianobtf.com\/en\/wp-json\/wp\/v2\/posts\/19399","targetHints":{"allow":["GET"]}}],"collection":[{"href":"https:\/\/www.christianobtf.com\/en\/wp-json\/wp\/v2\/posts"}],"about":[{"href":"https:\/\/www.christianobtf.com\/en\/wp-json\/wp\/v2\/types\/post"}],"author":[{"embeddable":true,"href":"https:\/\/www.christianobtf.com\/en\/wp-json\/wp\/v2\/users\/1"}],"replies":[{"embeddable":true,"href":"https:\/\/www.christianobtf.com\/en\/wp-json\/wp\/v2\/comments?post=19399"}],"version-history":[{"count":1,"href":"https:\/\/www.christianobtf.com\/en\/wp-json\/wp\/v2\/posts\/19399\/revisions"}],"predecessor-version":[{"id":19401,"href":"https:\/\/www.christianobtf.com\/en\/wp-json\/wp\/v2\/posts\/19399\/revisions\/19401"}],"wp:featuredmedia":[{"embeddable":true,"href":"https:\/\/www.christianobtf.com\/en\/wp-json\/wp\/v2\/media\/19392"}],"wp:attachment":[{"href":"https:\/\/www.christianobtf.com\/en\/wp-json\/wp\/v2\/media?parent=19399"}],"wp:term":[{"taxonomy":"category","embeddable":true,"href":"https:\/\/www.christianobtf.com\/en\/wp-json\/wp\/v2\/categories?post=19399"},{"taxonomy":"post_tag","embeddable":true,"href":"https:\/\/www.christianobtf.com\/en\/wp-json\/wp\/v2\/tags?post=19399"}],"curies":[{"name":"wp","href":"https:\/\/api.w.org\/{rel}","templated":true}]}}