{"id":17845,"date":"2024-03-30T18:13:24","date_gmt":"2024-03-30T18:13:24","guid":{"rendered":"https:\/\/www.christianobtf.com\/?p=17845"},"modified":"2024-03-30T18:31:05","modified_gmt":"2024-03-30T18:31:05","slug":"the-expulsion-of-imam-mahjoub-mahjoubi-confirmed-by-the-council-of-state-a-major-decision-in-the-context-of-fighting-extremism","status":"publish","type":"post","link":"https:\/\/www.christianobtf.com\/en\/the-expulsion-of-imam-mahjoub-mahjoubi-confirmed-by-the-council-of-state-a-major-decision-in-the-context-of-fighting-extremism\/","title":{"rendered":"The Expulsion of Imam Mahjoub Mahjoubi Confirmed by the Council of State: A Major Decision in the Context of Fighting Extremism"},"content":{"rendered":"<p>In a recent judgment, the <strong>Council of State<\/strong> validated the expulsion of Tunisian Imam <strong>Mahjoub Mahjoubi<\/strong>, highlighting the significance of this decision in the battle against extremist discourse. The ruling, following multiple alerts by the Gard prefecture, shines a light on the Imam&#8217;s sermons, deemed provocative and discriminatory, particularly against women and Jews.<\/p>\n<div id=\"ez-toc-container\" class=\"ez-toc-v2_0_82_2 counter-hierarchy ez-toc-counter ez-toc-transparent ez-toc-container-direction\">\n<div class=\"ez-toc-title-container\">\n<p class=\"ez-toc-title\" style=\"cursor:inherit\">Table of Contents<\/p>\n<span class=\"ez-toc-title-toggle\"><a href=\"#\" class=\"ez-toc-pull-right ez-toc-btn ez-toc-btn-xs ez-toc-btn-default ez-toc-toggle\" aria-label=\"Toggle Table of Content\"><span class=\"ez-toc-js-icon-con\"><span class=\"\"><span class=\"eztoc-hide\" style=\"display:none;\">Toggle<\/span><span class=\"ez-toc-icon-toggle-span\"><svg style=\"fill: #1e73be;color:#1e73be\" xmlns=\"http:\/\/www.w3.org\/2000\/svg\" class=\"list-377408\" width=\"20px\" height=\"20px\" viewBox=\"0 0 24 24\" fill=\"none\"><path d=\"M6 6H4v2h2V6zm14 0H8v2h12V6zM4 11h2v2H4v-2zm16 0H8v2h12v-2zM4 16h2v2H4v-2zm16 0H8v2h12v-2z\" fill=\"currentColor\"><\/path><\/svg><svg style=\"fill: #1e73be;color:#1e73be\" class=\"arrow-unsorted-368013\" xmlns=\"http:\/\/www.w3.org\/2000\/svg\" width=\"10px\" height=\"10px\" viewBox=\"0 0 24 24\" version=\"1.2\" baseProfile=\"tiny\"><path d=\"M18.2 9.3l-6.2-6.3-6.2 6.3c-.2.2-.3.4-.3.7s.1.5.3.7c.2.2.4.3.7.3h11c.3 0 .5-.1.7-.3.2-.2.3-.5.3-.7s-.1-.5-.3-.7zM5.8 14.7l6.2 6.3 6.2-6.3c.2-.2.3-.5.3-.7s-.1-.5-.3-.7c-.2-.2-.4-.3-.7-.3h-11c-.3 0-.5.1-.7.3-.2.2-.3.5-.3.7s.1.5.3.7z\"\/><\/svg><\/span><\/span><\/span><\/a><\/span><\/div>\n<nav><ul class='ez-toc-list ez-toc-list-level-1 eztoc-toggle-hide-by-default' ><li class='ez-toc-page-1 ez-toc-heading-level-2'><a class=\"ez-toc-link ez-toc-heading-1\" href=\"https:\/\/www.christianobtf.com\/en\/the-expulsion-of-imam-mahjoub-mahjoubi-confirmed-by-the-council-of-state-a-major-decision-in-the-context-of-fighting-extremism\/#Sermons_Inciting_Discrimination\" >Sermons Inciting Discrimination<\/a><\/li><li class='ez-toc-page-1 ez-toc-heading-level-2'><a class=\"ez-toc-link ez-toc-heading-2\" href=\"https:\/\/www.christianobtf.com\/en\/the-expulsion-of-imam-mahjoub-mahjoubi-confirmed-by-the-council-of-state-a-major-decision-in-the-context-of-fighting-extremism\/#A_Balance_Between_Public_Security_and_Family_Life\" >A Balance Between Public Security and Family Life<\/a><\/li><li class='ez-toc-page-1 ez-toc-heading-level-2'><a class=\"ez-toc-link ez-toc-heading-3\" href=\"https:\/\/www.christianobtf.com\/en\/the-expulsion-of-imam-mahjoub-mahjoubi-confirmed-by-the-council-of-state-a-major-decision-in-the-context-of-fighting-extremism\/#A_Continuing_Fight\" >A Continuing Fight<\/a><\/li><li class='ez-toc-page-1 ez-toc-heading-level-2'><a class=\"ez-toc-link ez-toc-heading-4\" href=\"https:\/\/www.christianobtf.com\/en\/the-expulsion-of-imam-mahjoub-mahjoubi-confirmed-by-the-council-of-state-a-major-decision-in-the-context-of-fighting-extremism\/#A_Recap_of_Noteworthy_Events\" >A Recap of Noteworthy Events<\/a><\/li><\/ul><\/nav><\/div>\n<h2><span class=\"ez-toc-section\" id=\"Sermons_Inciting_Discrimination\"><\/span><strong>Sermons Inciting Discrimination<\/strong><span class=\"ez-toc-section-end\"><\/span><\/h2>\n<p>Analysis of Mahjoub Mahjoubi&#8217;s statements reveals an explicit incitement to discrimination and hatred. His speeches, which gained some notoriety, openly criticized the foundations of the French Republic, even calling for holy war. This behavior led to his arrest and subsequent expulsion to Tunisia on February 22, an act <strong>Interior Minister G\u00e9rald Darmanin<\/strong> described as a \u201csignificant victory against radical Islam\u201d on social media.<\/p>\n<h2><span class=\"ez-toc-section\" id=\"A_Balance_Between_Public_Security_and_Family_Life\"><\/span><strong>A Balance Between Public Security and Family Life<\/strong><span class=\"ez-toc-section-end\"><\/span><\/h2>\n<p>The Council of State&#8217;s decision went beyond evaluating the Imam&#8217;s words to also consider his family situation. Married to a Tunisian living in France, with whom he has six children, Mahjoubi has ties to Tunisia, which, according to the Council, does not make his expulsion disproportionate or unfair regarding respect for his family life.<\/p>\n<h2><span class=\"ez-toc-section\" id=\"A_Continuing_Fight\"><\/span><strong>A Continuing Fight<\/strong><span class=\"ez-toc-section-end\"><\/span><\/h2>\n<p>Despite his expulsion, Mahjoub Mahjoubi is not giving up. In a statement on BFM TV, he expressed his determination to continue the legal battle, even mentioning the possibility of appealing to the <strong>European Court of Human Rights<\/strong>. His persistence is part of a broader debate on the limits of free speech and national security measures.<\/p>\n<h2><span class=\"ez-toc-section\" id=\"A_Recap_of_Noteworthy_Events\"><\/span><strong>A Recap of Noteworthy Events<\/strong><span class=\"ez-toc-section-end\"><\/span><\/h2>\n<p>Before his expulsion, the Imam had already been criticized for a controversial video in which he labeled the tricolor flag as <em><strong>&#8220;satanic&#8221;<\/strong><\/em> a comment he later attempted to clarify by claiming a slip of the tongue. This case underscores the complexity of combating extremism and radicalization, as well as the tension between public security and individual rights.<\/p>\n<blockquote><p><em><strong>To Read:<\/strong>\u00a0<a href=\"https:\/\/www.christianobtf.com\/en\/political-crisis-in-france-adoption-of-the-new-immigration-law-divides-emmanuel-macrons-camp\/\">Political Crisis in France: Adoption of the New Immigration Law Divides Emmanuel Macron&#8217;;s Camp<\/a><\/em><\/p><\/blockquote>\n<p>In conclusion, the expulsion of Mahjoub Mahjoubi represents an exemplary case of the efforts made by French authorities to prevent extremism. However, it also highlights the legal and social challenges faced by French society in its quest to balance free expression, national security, and the respect for fundamental rights.<\/p>\n<p><script src=\"chrome-extension:\/\/ebeglcfoffnnadgncmppkkohfcigngkj\/js\/injected\/req.js\"><\/script><\/p>\n","protected":false},"excerpt":{"rendered":"<p>The Council of State has upheld the expulsion of Tunisian Imam Mahjoub Mahjoubi, following his sermons deemed discriminatory and incendiary. This decision, applauded by the Interior Minister as a crucial stride against radical Islam, considers both the Imam&#8217;s rhetoric and his family situation, without deeming the expulsion as disproportionate. Despite this measure, Mahjoubi vows to continue his legal fight, even considering an appeal to the European Court of Human Rights. This incident highlights the challenges of balancing free speech with public security and showcases the complexities in the ongoing battle against radicalization.<\/p>\n","protected":false},"author":1,"featured_media":17847,"comment_status":"open","ping_status":"open","sticky":false,"template":"","format":"standard","meta":{"jetpack_post_was_ever_published":false,"_jetpack_newsletter_access":"","_jetpack_dont_email_post_to_subs":false,"_jetpack_newsletter_tier_id":0,"_jetpack_memberships_contains_paywalled_content":false,"_jetpack_memberships_contains_paid_content":false,"footnotes":"","jetpack_publicize_message":"","jetpack_publicize_feature_enabled":true,"jetpack_social_post_already_shared":true,"jetpack_social_options":{"image_generator_settings":{"template":"highway","default_image_id":0,"font":"","enabled":false},"version":2}},"categories":[3128],"tags":[5862,5866,5863,5864,5865],"class_list":["post-17845","post","type-post","status-publish","format-standard","has-post-thumbnail","hentry","category-france-en","tag-council-of-state","tag-expulsion-en","tag-extremism","tag-free-speech","tag-public-security"],"yoast_head":"<!-- This site is optimized with the Yoast SEO Premium plugin v22.6 (Yoast SEO v27.5) - https:\/\/yoast.com\/product\/yoast-seo-premium-wordpress\/ -->\n<title>The Expulsion of Imam Mahjoub Mahjoubi Confirmed by the Council of State: A Major Decision in the Context of Fighting Extremism | Christiano Btf<\/title>\n<meta name=\"description\" content=\"The Council of State has upheld the expulsion of Tunisian Imam Mahjoub Mahjoubi, following his sermons deemed discriminatory and incendiary. This decision, applauded by the Interior Minister as a crucial stride against radical Islam, considers both the Imam&#039;s rhetoric and his family situation, without deeming the expulsion as disproportionate. Despite this measure, Mahjoubi vows to continue his legal fight, even considering an appeal to the European Court of Human Rights. This incident highlights the challenges of balancing free speech with public security and showcases the complexities in the ongoing battle against radicalization.\" \/>\n<meta name=\"robots\" content=\"index, follow, max-snippet:-1, max-image-preview:large, max-video-preview:-1\" \/>\n<link rel=\"canonical\" href=\"https:\/\/www.christianobtf.com\/es\/?p=17858\" \/>\n<meta property=\"og:locale\" content=\"en_US\" \/>\n<meta property=\"og:type\" content=\"article\" \/>\n<meta property=\"og:title\" content=\"The Expulsion of Imam Mahjoub Mahjoubi Confirmed by the Council of State: A Major Decision in the Context of Fighting Extremism\" \/>\n<meta property=\"og:description\" content=\"The Council of State has upheld the expulsion of Tunisian Imam Mahjoub Mahjoubi, following his sermons deemed discriminatory and incendiary. This decision, applauded by the Interior Minister as a crucial stride against radical Islam, considers both the Imam&#039;s rhetoric and his family situation, without deeming the expulsion as disproportionate. Despite this measure, Mahjoubi vows to continue his legal fight, even considering an appeal to the European Court of Human Rights. This incident highlights the challenges of balancing free speech with public security and showcases the complexities in the ongoing battle against radicalization.\" \/>\n<meta property=\"og:url\" content=\"https:\/\/www.christianobtf.com\/es\/?p=17858\" \/>\n<meta property=\"og:site_name\" content=\"Christiano Btf\" \/>\n<meta property=\"article:publisher\" content=\"https:\/\/www.facebook.com\/christianobtf\" \/>\n<meta property=\"article:author\" content=\"https:\/\/www.facebook.com\/christianobtf\" \/>\n<meta property=\"article:published_time\" content=\"2024-03-30T18:13:24+00:00\" \/>\n<meta property=\"article:modified_time\" content=\"2024-03-30T18:31:05+00:00\" \/>\n<meta property=\"og:image\" content=\"https:\/\/www.christianobtf.com\/wp-content\/uploads\/2024\/03\/l-imam-de-bagnols-sur-ceze-mahjoub-mahjoubi-le-19-fevrier-2024-1809216.jpg\" \/>\n\t<meta property=\"og:image:width\" content=\"1000\" \/>\n\t<meta property=\"og:image:height\" content=\"500\" \/>\n\t<meta property=\"og:image:type\" content=\"image\/jpeg\" \/>\n<meta name=\"author\" content=\"Christiano Btf\" \/>\n<meta name=\"twitter:card\" content=\"summary_large_image\" \/>\n<meta name=\"twitter:description\" content=\"The Council of State has upheld the expulsion of Tunisian Imam Mahjoub Mahjoubi, following his sermons deemed discriminatory and incendiary. This decision, applauded by the Interior Minister as a crucial stride against radical Islam, considers both the Imam&#039;s rhetoric and his family situation, without deeming the expulsion as disproportionate. Despite this measure, Mahjoubi vows to continue his legal fight, even considering an appeal to the European Court of Human Rights. This incident highlights the challenges of balancing free speech with public security and showcases the complexities in the ongoing battle against radicalization.\" \/>\n<meta name=\"twitter:creator\" content=\"@https:\/\/www.twitter.com\/christianobtf\" \/>\n<meta name=\"twitter:site\" content=\"@christianobtf\" \/>\n<meta name=\"twitter:label1\" content=\"Written by\" \/>\n\t<meta name=\"twitter:data1\" content=\"Christiano Btf&lt;span class=&quot;bp-verified-badge&quot;&gt;&lt;\/span&gt;\" \/>\n\t<meta name=\"twitter:label2\" content=\"Est. reading time\" \/>\n\t<meta name=\"twitter:data2\" content=\"2 minutes\" \/>\n<script type=\"application\/ld+json\" class=\"yoast-schema-graph\">{\"@context\":\"https:\\\/\\\/schema.org\",\"@graph\":[{\"@type\":\"Article\",\"@id\":\"https:\\\/\\\/www.christianobtf.com\\\/es\\\/?p=17858#article\",\"isPartOf\":{\"@id\":\"https:\\\/\\\/www.christianobtf.com\\\/es\\\/?p=17858\"},\"author\":{\"name\":\"Christiano Btf\",\"@id\":\"https:\\\/\\\/www.christianobtf.com\\\/#\\\/schema\\\/person\\\/d4f35eeee402432e37887b4633f17b95\"},\"headline\":\"The Expulsion of Imam Mahjoub Mahjoubi Confirmed by the Council of State: A Major Decision in the Context of Fighting Extremism\",\"datePublished\":\"2024-03-30T18:13:24+00:00\",\"dateModified\":\"2024-03-30T18:31:05+00:00\",\"mainEntityOfPage\":{\"@id\":\"https:\\\/\\\/www.christianobtf.com\\\/es\\\/?p=17858\"},\"wordCount\":392,\"commentCount\":0,\"publisher\":{\"@id\":\"https:\\\/\\\/www.christianobtf.com\\\/#organization\"},\"image\":{\"@id\":\"https:\\\/\\\/www.christianobtf.com\\\/es\\\/?p=17858#primaryimage\"},\"thumbnailUrl\":\"https:\\\/\\\/i0.wp.com\\\/www.christianobtf.com\\\/wp-content\\\/uploads\\\/2024\\\/03\\\/l-imam-de-bagnols-sur-ceze-mahjoub-mahjoubi-le-19-fevrier-2024-1809216.jpg?fit=1000%2C500&ssl=1\",\"keywords\":[\"Council of State\",\"Expulsion\",\"extremism\",\"free speech\",\"public security\"],\"articleSection\":[\"France\"],\"inLanguage\":\"en-US\",\"potentialAction\":[{\"@type\":\"CommentAction\",\"name\":\"Comment\",\"target\":[\"https:\\\/\\\/www.christianobtf.com\\\/es\\\/?p=17858#respond\"]}]},{\"@type\":\"WebPage\",\"@id\":\"https:\\\/\\\/www.christianobtf.com\\\/es\\\/?p=17858\",\"url\":\"https:\\\/\\\/www.christianobtf.com\\\/es\\\/?p=17858\",\"name\":\"The Expulsion of Imam Mahjoub Mahjoubi Confirmed by the Council of State: A Major Decision in the Context of Fighting Extremism | Christiano Btf\",\"isPartOf\":{\"@id\":\"https:\\\/\\\/www.christianobtf.com\\\/#website\"},\"primaryImageOfPage\":{\"@id\":\"https:\\\/\\\/www.christianobtf.com\\\/es\\\/?p=17858#primaryimage\"},\"image\":{\"@id\":\"https:\\\/\\\/www.christianobtf.com\\\/es\\\/?p=17858#primaryimage\"},\"thumbnailUrl\":\"https:\\\/\\\/i0.wp.com\\\/www.christianobtf.com\\\/wp-content\\\/uploads\\\/2024\\\/03\\\/l-imam-de-bagnols-sur-ceze-mahjoub-mahjoubi-le-19-fevrier-2024-1809216.jpg?fit=1000%2C500&ssl=1\",\"datePublished\":\"2024-03-30T18:13:24+00:00\",\"dateModified\":\"2024-03-30T18:31:05+00:00\",\"description\":\"The Council of State has upheld the expulsion of Tunisian Imam Mahjoub Mahjoubi, following his sermons deemed discriminatory and incendiary. This decision, applauded by the Interior Minister as a crucial stride against radical Islam, considers both the Imam's rhetoric and his family situation, without deeming the expulsion as disproportionate. Despite this measure, Mahjoubi vows to continue his legal fight, even considering an appeal to the European Court of Human Rights. This incident highlights the challenges of balancing free speech with public security and showcases the complexities in the ongoing battle against radicalization.\",\"breadcrumb\":{\"@id\":\"https:\\\/\\\/www.christianobtf.com\\\/es\\\/?p=17858#breadcrumb\"},\"inLanguage\":\"en-US\",\"potentialAction\":[{\"@type\":\"ReadAction\",\"target\":[\"https:\\\/\\\/www.christianobtf.com\\\/es\\\/?p=17858\"]}]},{\"@type\":\"ImageObject\",\"inLanguage\":\"en-US\",\"@id\":\"https:\\\/\\\/www.christianobtf.com\\\/es\\\/?p=17858#primaryimage\",\"url\":\"https:\\\/\\\/i0.wp.com\\\/www.christianobtf.com\\\/wp-content\\\/uploads\\\/2024\\\/03\\\/l-imam-de-bagnols-sur-ceze-mahjoub-mahjoubi-le-19-fevrier-2024-1809216.jpg?fit=1000%2C500&ssl=1\",\"contentUrl\":\"https:\\\/\\\/i0.wp.com\\\/www.christianobtf.com\\\/wp-content\\\/uploads\\\/2024\\\/03\\\/l-imam-de-bagnols-sur-ceze-mahjoub-mahjoubi-le-19-fevrier-2024-1809216.jpg?fit=1000%2C500&ssl=1\",\"width\":1000,\"height\":500,\"caption\":\"Mahjoub Mahjoubi was arrested and then deported on February 22 to Tunisia. \u00a9 Photo credit: screenshot\"},{\"@type\":\"BreadcrumbList\",\"@id\":\"https:\\\/\\\/www.christianobtf.com\\\/es\\\/?p=17858#breadcrumb\",\"itemListElement\":[{\"@type\":\"ListItem\",\"position\":1,\"name\":\"Accueil\",\"item\":\"https:\\\/\\\/www.christianobtf.com\\\/en\\\/\"},{\"@type\":\"ListItem\",\"position\":2,\"name\":\"The Expulsion of Imam Mahjoub Mahjoubi Confirmed by the Council of State: A Major Decision in the Context of Fighting Extremism\"}]},{\"@type\":\"WebSite\",\"@id\":\"https:\\\/\\\/www.christianobtf.com\\\/#website\",\"url\":\"https:\\\/\\\/www.christianobtf.com\\\/\",\"name\":\"Christiano Btf\",\"description\":\"Avoir mati\u00e8res \u00e0 penser\",\"publisher\":{\"@id\":\"https:\\\/\\\/www.christianobtf.com\\\/#organization\"},\"alternateName\":\"Christiano Btf\",\"potentialAction\":[{\"@type\":\"SearchAction\",\"target\":{\"@type\":\"EntryPoint\",\"urlTemplate\":\"https:\\\/\\\/www.christianobtf.com\\\/?s={search_term_string}\"},\"query-input\":{\"@type\":\"PropertyValueSpecification\",\"valueRequired\":true,\"valueName\":\"search_term_string\"}}],\"inLanguage\":\"en-US\"},{\"@type\":\"Organization\",\"@id\":\"https:\\\/\\\/www.christianobtf.com\\\/#organization\",\"name\":\"Christiano Btf\",\"url\":\"https:\\\/\\\/www.christianobtf.com\\\/\",\"logo\":{\"@type\":\"ImageObject\",\"inLanguage\":\"en-US\",\"@id\":\"https:\\\/\\\/www.christianobtf.com\\\/#\\\/schema\\\/logo\\\/image\\\/\",\"url\":\"https:\\\/\\\/i0.wp.com\\\/www.christianobtf.com\\\/wp-content\\\/uploads\\\/2023\\\/06\\\/cropped-Christiano-btf-icon.png?fit=1919%2C576&ssl=1\",\"contentUrl\":\"https:\\\/\\\/i0.wp.com\\\/www.christianobtf.com\\\/wp-content\\\/uploads\\\/2023\\\/06\\\/cropped-Christiano-btf-icon.png?fit=1919%2C576&ssl=1\",\"width\":1919,\"height\":576,\"caption\":\"Christiano Btf\"},\"image\":{\"@id\":\"https:\\\/\\\/www.christianobtf.com\\\/#\\\/schema\\\/logo\\\/image\\\/\"},\"sameAs\":[\"https:\\\/\\\/www.facebook.com\\\/christianobtf\",\"https:\\\/\\\/x.com\\\/christianobtf\",\"https:\\\/\\\/tiktok.com\\\/@christianobtf\",\"https:\\\/\\\/www.youtube.com\\\/@christianobtf\",\"https:\\\/\\\/www.instagram.com\\\/christiano_btf\\\/\"]},{\"@type\":\"Person\",\"@id\":\"https:\\\/\\\/www.christianobtf.com\\\/#\\\/schema\\\/person\\\/d4f35eeee402432e37887b4633f17b95\",\"name\":\"Christiano Btf\",\"image\":{\"@type\":\"ImageObject\",\"inLanguage\":\"en-US\",\"@id\":\"\\\/\\\/www.gravatar.com\\\/avatar\\\/ec6515be259d60bfd92b65898c83fa2f?s=96&#038;r=g&#038;d=mm\",\"url\":\"\\\/\\\/www.gravatar.com\\\/avatar\\\/ec6515be259d60bfd92b65898c83fa2f?s=96&#038;r=g&#038;d=mm\",\"contentUrl\":\"\\\/\\\/www.gravatar.com\\\/avatar\\\/ec6515be259d60bfd92b65898c83fa2f?s=96&#038;r=g&#038;d=mm\",\"caption\":\"Christiano Btf\"},\"description\":\"En tant que fervent amateur de connaissances et de d\u00e9couvertes, je m'efforce de vous offrir un contenu informatif et stimulant. Ma qu\u00eate consiste \u00e0 fournir des informations de qualit\u00e9, \u00e0 d\u00e9crypter l'actualit\u00e9 et \u00e0 partager des analyses perspicaces. Pour moi, comprendre et analyser les donn\u00e9es est bien plus qu'une passion, c'est un engagement envers l'enrichissement intellectuel. Rejoignez-moi dans cette aventure intellectuelle o\u00f9 la curiosit\u00e9, la r\u00e9flexion et la soif de connaissances se conjuguent pour offrir un regard approfondi sur le monde qui nous entoure.\",\"sameAs\":[\"https:\\\/\\\/www.christianobtf.com\",\"https:\\\/\\\/www.facebook.com\\\/christianobtf\",\"https:\\\/\\\/www.instagram.com\\\/christiano_btf\",\"https:\\\/\\\/x.com\\\/https:\\\/\\\/www.twitter.com\\\/christianobtf\",\"https:\\\/\\\/www.youtube.com\\\/@christianobtf\"],\"honorificSuffix\":\"Master\",\"award\":[\"Po\u00e9sie\",\"Litt\u00e9rature\"],\"knowsAbout\":[\"Actualit\u00e9\",\"Po\u00e9sie\",\"Business\"],\"knowsLanguage\":[\"Fran\u00e7ais\",\"Anglais\",\"Arabe\"],\"jobTitle\":\"Ing\u00e9nieur\",\"url\":\"https:\\\/\\\/www.christianobtf.com\\\/en\\\/author\\\/christianobtf\\\/\"}]}<\/script>\n<!-- \/ Yoast SEO Premium plugin. -->","yoast_head_json":{"title":"The Expulsion of Imam Mahjoub Mahjoubi Confirmed by the Council of State: A Major Decision in the Context of Fighting Extremism | Christiano Btf","description":"The Council of State has upheld the expulsion of Tunisian Imam Mahjoub Mahjoubi, following his sermons deemed discriminatory and incendiary. This decision, applauded by the Interior Minister as a crucial stride against radical Islam, considers both the Imam's rhetoric and his family situation, without deeming the expulsion as disproportionate. Despite this measure, Mahjoubi vows to continue his legal fight, even considering an appeal to the European Court of Human Rights. This incident highlights the challenges of balancing free speech with public security and showcases the complexities in the ongoing battle against radicalization.","robots":{"index":"index","follow":"follow","max-snippet":"max-snippet:-1","max-image-preview":"max-image-preview:large","max-video-preview":"max-video-preview:-1"},"canonical":"https:\/\/www.christianobtf.com\/es\/?p=17858","og_locale":"en_US","og_type":"article","og_title":"The Expulsion of Imam Mahjoub Mahjoubi Confirmed by the Council of State: A Major Decision in the Context of Fighting Extremism","og_description":"The Council of State has upheld the expulsion of Tunisian Imam Mahjoub Mahjoubi, following his sermons deemed discriminatory and incendiary. This decision, applauded by the Interior Minister as a crucial stride against radical Islam, considers both the Imam's rhetoric and his family situation, without deeming the expulsion as disproportionate. Despite this measure, Mahjoubi vows to continue his legal fight, even considering an appeal to the European Court of Human Rights. This incident highlights the challenges of balancing free speech with public security and showcases the complexities in the ongoing battle against radicalization.","og_url":"https:\/\/www.christianobtf.com\/es\/?p=17858","og_site_name":"Christiano Btf","article_publisher":"https:\/\/www.facebook.com\/christianobtf","article_author":"https:\/\/www.facebook.com\/christianobtf","article_published_time":"2024-03-30T18:13:24+00:00","article_modified_time":"2024-03-30T18:31:05+00:00","og_image":[{"width":1000,"height":500,"url":"https:\/\/www.christianobtf.com\/wp-content\/uploads\/2024\/03\/l-imam-de-bagnols-sur-ceze-mahjoub-mahjoubi-le-19-fevrier-2024-1809216.jpg","type":"image\/jpeg"}],"author":"Christiano Btf","twitter_card":"summary_large_image","twitter_description":"The Council of State has upheld the expulsion of Tunisian Imam Mahjoub Mahjoubi, following his sermons deemed discriminatory and incendiary. This decision, applauded by the Interior Minister as a crucial stride against radical Islam, considers both the Imam's rhetoric and his family situation, without deeming the expulsion as disproportionate. Despite this measure, Mahjoubi vows to continue his legal fight, even considering an appeal to the European Court of Human Rights. This incident highlights the challenges of balancing free speech with public security and showcases the complexities in the ongoing battle against radicalization.","twitter_creator":"@https:\/\/www.twitter.com\/christianobtf","twitter_site":"@christianobtf","twitter_misc":{"Written by":"Christiano Btf<span class=\"bp-verified-badge\"><\/span>","Est. reading time":"2 minutes"},"schema":{"@context":"https:\/\/schema.org","@graph":[{"@type":"Article","@id":"https:\/\/www.christianobtf.com\/es\/?p=17858#article","isPartOf":{"@id":"https:\/\/www.christianobtf.com\/es\/?p=17858"},"author":{"name":"Christiano Btf","@id":"https:\/\/www.christianobtf.com\/#\/schema\/person\/d4f35eeee402432e37887b4633f17b95"},"headline":"The Expulsion of Imam Mahjoub Mahjoubi Confirmed by the Council of State: A Major Decision in the Context of Fighting Extremism","datePublished":"2024-03-30T18:13:24+00:00","dateModified":"2024-03-30T18:31:05+00:00","mainEntityOfPage":{"@id":"https:\/\/www.christianobtf.com\/es\/?p=17858"},"wordCount":392,"commentCount":0,"publisher":{"@id":"https:\/\/www.christianobtf.com\/#organization"},"image":{"@id":"https:\/\/www.christianobtf.com\/es\/?p=17858#primaryimage"},"thumbnailUrl":"https:\/\/i0.wp.com\/www.christianobtf.com\/wp-content\/uploads\/2024\/03\/l-imam-de-bagnols-sur-ceze-mahjoub-mahjoubi-le-19-fevrier-2024-1809216.jpg?fit=1000%2C500&ssl=1","keywords":["Council of State","Expulsion","extremism","free speech","public security"],"articleSection":["France"],"inLanguage":"en-US","potentialAction":[{"@type":"CommentAction","name":"Comment","target":["https:\/\/www.christianobtf.com\/es\/?p=17858#respond"]}]},{"@type":"WebPage","@id":"https:\/\/www.christianobtf.com\/es\/?p=17858","url":"https:\/\/www.christianobtf.com\/es\/?p=17858","name":"The Expulsion of Imam Mahjoub Mahjoubi Confirmed by the Council of State: A Major Decision in the Context of Fighting Extremism | Christiano Btf","isPartOf":{"@id":"https:\/\/www.christianobtf.com\/#website"},"primaryImageOfPage":{"@id":"https:\/\/www.christianobtf.com\/es\/?p=17858#primaryimage"},"image":{"@id":"https:\/\/www.christianobtf.com\/es\/?p=17858#primaryimage"},"thumbnailUrl":"https:\/\/i0.wp.com\/www.christianobtf.com\/wp-content\/uploads\/2024\/03\/l-imam-de-bagnols-sur-ceze-mahjoub-mahjoubi-le-19-fevrier-2024-1809216.jpg?fit=1000%2C500&ssl=1","datePublished":"2024-03-30T18:13:24+00:00","dateModified":"2024-03-30T18:31:05+00:00","description":"The Council of State has upheld the expulsion of Tunisian Imam Mahjoub Mahjoubi, following his sermons deemed discriminatory and incendiary. This decision, applauded by the Interior Minister as a crucial stride against radical Islam, considers both the Imam's rhetoric and his family situation, without deeming the expulsion as disproportionate. Despite this measure, Mahjoubi vows to continue his legal fight, even considering an appeal to the European Court of Human Rights. This incident highlights the challenges of balancing free speech with public security and showcases the complexities in the ongoing battle against radicalization.","breadcrumb":{"@id":"https:\/\/www.christianobtf.com\/es\/?p=17858#breadcrumb"},"inLanguage":"en-US","potentialAction":[{"@type":"ReadAction","target":["https:\/\/www.christianobtf.com\/es\/?p=17858"]}]},{"@type":"ImageObject","inLanguage":"en-US","@id":"https:\/\/www.christianobtf.com\/es\/?p=17858#primaryimage","url":"https:\/\/i0.wp.com\/www.christianobtf.com\/wp-content\/uploads\/2024\/03\/l-imam-de-bagnols-sur-ceze-mahjoub-mahjoubi-le-19-fevrier-2024-1809216.jpg?fit=1000%2C500&ssl=1","contentUrl":"https:\/\/i0.wp.com\/www.christianobtf.com\/wp-content\/uploads\/2024\/03\/l-imam-de-bagnols-sur-ceze-mahjoub-mahjoubi-le-19-fevrier-2024-1809216.jpg?fit=1000%2C500&ssl=1","width":1000,"height":500,"caption":"Mahjoub Mahjoubi was arrested and then deported on February 22 to Tunisia. \u00a9 Photo credit: screenshot"},{"@type":"BreadcrumbList","@id":"https:\/\/www.christianobtf.com\/es\/?p=17858#breadcrumb","itemListElement":[{"@type":"ListItem","position":1,"name":"Accueil","item":"https:\/\/www.christianobtf.com\/en\/"},{"@type":"ListItem","position":2,"name":"The Expulsion of Imam Mahjoub Mahjoubi Confirmed by the Council of State: A Major Decision in the Context of Fighting Extremism"}]},{"@type":"WebSite","@id":"https:\/\/www.christianobtf.com\/#website","url":"https:\/\/www.christianobtf.com\/","name":"Christiano Btf","description":"Avoir mati\u00e8res \u00e0 penser","publisher":{"@id":"https:\/\/www.christianobtf.com\/#organization"},"alternateName":"Christiano Btf","potentialAction":[{"@type":"SearchAction","target":{"@type":"EntryPoint","urlTemplate":"https:\/\/www.christianobtf.com\/?s={search_term_string}"},"query-input":{"@type":"PropertyValueSpecification","valueRequired":true,"valueName":"search_term_string"}}],"inLanguage":"en-US"},{"@type":"Organization","@id":"https:\/\/www.christianobtf.com\/#organization","name":"Christiano Btf","url":"https:\/\/www.christianobtf.com\/","logo":{"@type":"ImageObject","inLanguage":"en-US","@id":"https:\/\/www.christianobtf.com\/#\/schema\/logo\/image\/","url":"https:\/\/i0.wp.com\/www.christianobtf.com\/wp-content\/uploads\/2023\/06\/cropped-Christiano-btf-icon.png?fit=1919%2C576&ssl=1","contentUrl":"https:\/\/i0.wp.com\/www.christianobtf.com\/wp-content\/uploads\/2023\/06\/cropped-Christiano-btf-icon.png?fit=1919%2C576&ssl=1","width":1919,"height":576,"caption":"Christiano Btf"},"image":{"@id":"https:\/\/www.christianobtf.com\/#\/schema\/logo\/image\/"},"sameAs":["https:\/\/www.facebook.com\/christianobtf","https:\/\/x.com\/christianobtf","https:\/\/tiktok.com\/@christianobtf","https:\/\/www.youtube.com\/@christianobtf","https:\/\/www.instagram.com\/christiano_btf\/"]},{"@type":"Person","@id":"https:\/\/www.christianobtf.com\/#\/schema\/person\/d4f35eeee402432e37887b4633f17b95","name":"Christiano Btf","image":{"@type":"ImageObject","inLanguage":"en-US","@id":"\/\/www.gravatar.com\/avatar\/ec6515be259d60bfd92b65898c83fa2f?s=96&#038;r=g&#038;d=mm","url":"\/\/www.gravatar.com\/avatar\/ec6515be259d60bfd92b65898c83fa2f?s=96&#038;r=g&#038;d=mm","contentUrl":"\/\/www.gravatar.com\/avatar\/ec6515be259d60bfd92b65898c83fa2f?s=96&#038;r=g&#038;d=mm","caption":"Christiano Btf"},"description":"En tant que fervent amateur de connaissances et de d\u00e9couvertes, je m'efforce de vous offrir un contenu informatif et stimulant. Ma qu\u00eate consiste \u00e0 fournir des informations de qualit\u00e9, \u00e0 d\u00e9crypter l'actualit\u00e9 et \u00e0 partager des analyses perspicaces. Pour moi, comprendre et analyser les donn\u00e9es est bien plus qu'une passion, c'est un engagement envers l'enrichissement intellectuel. Rejoignez-moi dans cette aventure intellectuelle o\u00f9 la curiosit\u00e9, la r\u00e9flexion et la soif de connaissances se conjuguent pour offrir un regard approfondi sur le monde qui nous entoure.","sameAs":["https:\/\/www.christianobtf.com","https:\/\/www.facebook.com\/christianobtf","https:\/\/www.instagram.com\/christiano_btf","https:\/\/x.com\/https:\/\/www.twitter.com\/christianobtf","https:\/\/www.youtube.com\/@christianobtf"],"honorificSuffix":"Master","award":["Po\u00e9sie","Litt\u00e9rature"],"knowsAbout":["Actualit\u00e9","Po\u00e9sie","Business"],"knowsLanguage":["Fran\u00e7ais","Anglais","Arabe"],"jobTitle":"Ing\u00e9nieur","url":"https:\/\/www.christianobtf.com\/en\/author\/christianobtf\/"}]}},"jetpack_publicize_connections":[],"jetpack_featured_media_url":"https:\/\/i0.wp.com\/www.christianobtf.com\/wp-content\/uploads\/2024\/03\/l-imam-de-bagnols-sur-ceze-mahjoub-mahjoubi-le-19-fevrier-2024-1809216.jpg?fit=1000%2C500&ssl=1","jetpack_sharing_enabled":true,"_links":{"self":[{"href":"https:\/\/www.christianobtf.com\/en\/wp-json\/wp\/v2\/posts\/17845","targetHints":{"allow":["GET"]}}],"collection":[{"href":"https:\/\/www.christianobtf.com\/en\/wp-json\/wp\/v2\/posts"}],"about":[{"href":"https:\/\/www.christianobtf.com\/en\/wp-json\/wp\/v2\/types\/post"}],"author":[{"embeddable":true,"href":"https:\/\/www.christianobtf.com\/en\/wp-json\/wp\/v2\/users\/1"}],"replies":[{"embeddable":true,"href":"https:\/\/www.christianobtf.com\/en\/wp-json\/wp\/v2\/comments?post=17845"}],"version-history":[{"count":2,"href":"https:\/\/www.christianobtf.com\/en\/wp-json\/wp\/v2\/posts\/17845\/revisions"}],"predecessor-version":[{"id":17857,"href":"https:\/\/www.christianobtf.com\/en\/wp-json\/wp\/v2\/posts\/17845\/revisions\/17857"}],"wp:featuredmedia":[{"embeddable":true,"href":"https:\/\/www.christianobtf.com\/en\/wp-json\/wp\/v2\/media\/17847"}],"wp:attachment":[{"href":"https:\/\/www.christianobtf.com\/en\/wp-json\/wp\/v2\/media?parent=17845"}],"wp:term":[{"taxonomy":"category","embeddable":true,"href":"https:\/\/www.christianobtf.com\/en\/wp-json\/wp\/v2\/categories?post=17845"},{"taxonomy":"post_tag","embeddable":true,"href":"https:\/\/www.christianobtf.com\/en\/wp-json\/wp\/v2\/tags?post=17845"}],"curies":[{"name":"wp","href":"https:\/\/api.w.org\/{rel}","templated":true}]}}