{"id":15590,"date":"2023-12-23T13:10:46","date_gmt":"2023-12-23T13:10:46","guid":{"rendered":"https:\/\/www.christianobtf.com\/?p=15590"},"modified":"2023-12-23T13:15:35","modified_gmt":"2023-12-23T13:15:35","slug":"political-crisis-in-france-adoption-of-the-new-immigration-law-divides-emmanuel-macrons-camp","status":"publish","type":"post","link":"https:\/\/www.christianobtf.com\/en\/political-crisis-in-france-adoption-of-the-new-immigration-law-divides-emmanuel-macrons-camp\/","title":{"rendered":"Political Crisis in France: Adoption of the New Immigration Law Divides Emmanuel Macron&#8217;s Camp"},"content":{"rendered":"<p>France is shaken by a major political crisis after the adoption of the new immigration law on Tuesday night, following 18 months of debates and shifts. Tensions have escalated to the point where a minister has already resigned, exposing divisions within Emmanuel Macron&#8217;s camp.<\/p>\n<div id=\"ez-toc-container\" class=\"ez-toc-v2_0_82_2 counter-hierarchy ez-toc-counter ez-toc-transparent ez-toc-container-direction\">\n<div class=\"ez-toc-title-container\">\n<p class=\"ez-toc-title\" style=\"cursor:inherit\">Table of Contents<\/p>\n<span class=\"ez-toc-title-toggle\"><a href=\"#\" class=\"ez-toc-pull-right ez-toc-btn ez-toc-btn-xs ez-toc-btn-default ez-toc-toggle\" aria-label=\"Toggle Table of Content\"><span class=\"ez-toc-js-icon-con\"><span class=\"\"><span class=\"eztoc-hide\" style=\"display:none;\">Toggle<\/span><span class=\"ez-toc-icon-toggle-span\"><svg style=\"fill: #1e73be;color:#1e73be\" xmlns=\"http:\/\/www.w3.org\/2000\/svg\" class=\"list-377408\" width=\"20px\" height=\"20px\" viewBox=\"0 0 24 24\" fill=\"none\"><path d=\"M6 6H4v2h2V6zm14 0H8v2h12V6zM4 11h2v2H4v-2zm16 0H8v2h12v-2zM4 16h2v2H4v-2zm16 0H8v2h12v-2z\" fill=\"currentColor\"><\/path><\/svg><svg style=\"fill: #1e73be;color:#1e73be\" class=\"arrow-unsorted-368013\" xmlns=\"http:\/\/www.w3.org\/2000\/svg\" width=\"10px\" height=\"10px\" viewBox=\"0 0 24 24\" version=\"1.2\" baseProfile=\"tiny\"><path d=\"M18.2 9.3l-6.2-6.3-6.2 6.3c-.2.2-.3.4-.3.7s.1.5.3.7c.2.2.4.3.7.3h11c.3 0 .5-.1.7-.3.2-.2.3-.5.3-.7s-.1-.5-.3-.7zM5.8 14.7l6.2 6.3 6.2-6.3c.2-.2.3-.5.3-.7s-.1-.5-.3-.7c-.2-.2-.4-.3-.7-.3h-11c-.3 0-.5.1-.7.3-.2.2-.3.5-.3.7s.1.5.3.7z\"\/><\/svg><\/span><\/span><\/span><\/a><\/span><\/div>\n<nav><ul class='ez-toc-list ez-toc-list-level-1 eztoc-toggle-hide-by-default' ><li class='ez-toc-page-1 ez-toc-heading-level-2'><a class=\"ez-toc-link ez-toc-heading-1\" href=\"https:\/\/www.christianobtf.com\/en\/political-crisis-in-france-adoption-of-the-new-immigration-law-divides-emmanuel-macrons-camp\/#Context_and_Parliamentary_Shifts\" >Context and Parliamentary Shifts<\/a><\/li><li class='ez-toc-page-1 ez-toc-heading-level-2'><a class=\"ez-toc-link ez-toc-heading-2\" href=\"https:\/\/www.christianobtf.com\/en\/political-crisis-in-france-adoption-of-the-new-immigration-law-divides-emmanuel-macrons-camp\/#Contents_of_the_Law\" >Contents of the Law<\/a><\/li><li class='ez-toc-page-1 ez-toc-heading-level-2'><a class=\"ez-toc-link ez-toc-heading-3\" href=\"https:\/\/www.christianobtf.com\/en\/political-crisis-in-france-adoption-of-the-new-immigration-law-divides-emmanuel-macrons-camp\/#Political_and_Societal_Reactions\" >Political and Societal Reactions<\/a><\/li><li class='ez-toc-page-1 ez-toc-heading-level-2'><a class=\"ez-toc-link ez-toc-heading-4\" href=\"https:\/\/www.christianobtf.com\/en\/political-crisis-in-france-adoption-of-the-new-immigration-law-divides-emmanuel-macrons-camp\/#Emmanuel_Macrons_Position_and_Future_Perspectives\" >Emmanuel Macron&#8217;s Position and Future Perspectives<\/a><\/li><\/ul><\/nav><\/div>\n<h2><span class=\"ez-toc-section\" id=\"Context_and_Parliamentary_Shifts\"><\/span><strong>Context and Parliamentary Shifts<\/strong><span class=\"ez-toc-section-end\"><\/span><\/h2>\n<p>The previous week, deputies had voted against the immigration bill presented by the Minister of the Interior, G\u00e9rald Darmanin. Opposition came from the left, right, and far-right, prompting the government to convene a joint committee of deputies and senators to reach an agreement. The Committee ultimately resulted in a stricter version of the law, with significant concessions made by the presidential camp to gain right-wing support.<\/p>\n<h2><span class=\"ez-toc-section\" id=\"Contents_of_the_Law\"><\/span><strong>Contents of the Law<\/strong><span class=\"ez-toc-section-end\"><\/span><\/h2>\n<p>The new immigration law includes several restrictive provisions affecting various aspects of foreigners&#8217; lives in France. Highlights include restrictions on social benefits for non-European foreigners in regular situations, stricter family reunification conditions, the regularization of undocumented workers entrusted to prefects, the reinstatement of the offense of irregular stay, migration quotas set by Parliament, and changes in the procedure for expelling convicted foreigners.<\/p>\n<h2><span class=\"ez-toc-section\" id=\"Political_and_Societal_Reactions\"><\/span><strong>Political and Societal Reactions<\/strong><span class=\"ez-toc-section-end\"><\/span><\/h2>\n<p>The adoption of this law has created a significant divide within Emmanuel Macron&#8217;s camp. Approximately one-fourth of the presidential camp&#8217;s deputies voted against the project, leading to the resignation of at least one minister, Health Minister Aur\u00e9lien Rousseau.<\/p>\n<p>The left denounces this vote as a &#8220;shame&#8221; and accuses Macron of adopting positions from the far-right. The National Rally celebrates this &#8220;ideological victory,&#8221; highlighting the president&#8217;s apparent turnaround on far-right votes.<\/p>\n<p>On the civil society front, some associations, such as the Abb\u00e9 Pierre Foundation, express concerns about the risk of an increase in poverty due to the law&#8217;s planned aid restrictions.<\/p>\n<h2><span class=\"ez-toc-section\" id=\"Emmanuel_Macrons_Position_and_Future_Perspectives\"><\/span><strong>Emmanuel Macron&#8217;s Position and Future Perspectives<\/strong><span class=\"ez-toc-section-end\"><\/span><\/h2>\n<p>Emmanuel Macron has spoken out to defend the law, stating that it does not align with the National Rally&#8217;s positions. However, he has also expressed opposition to certain provisions, notably the imposed deposit for foreign students.<\/p>\n<p>The French president stated that he would submit the bill to the Constitutional Council to verify its compliance with the Constitution. This step could lead to further modifications to the text.<\/p>\n<blockquote><p><em><strong>To Read :<\/strong>\u00a0<a href=\"https:\/\/www.christianobtf.com\/en\/assembly-drama-immigration-law-rejected-gerald-darmanin-faces-a-delicate-choice\/\">Assembly Drama: Immigration Law Rejected, G\u00e9rald Darmanin Faces a Delicate Choice<\/a><\/em><\/p><\/blockquote>\n<p>In conclusion, the adoption of this immigration law in France has generated a significant political crisis, exposing divisions within Emmanuel Macron&#8217;s camp and raising concerns within civil society. The impact of this law on French politics and society remains to be observed, particularly in light of possible developments after the Constitutional Council&#8217;s review.<\/p>\n<p>&nbsp;<\/p>\n","protected":false},"excerpt":{"rendered":"<p>The recently adopted immigration law in France, following 18 months of debates, has sparked a political crisis within Emmanuel Macron&#8217;s government. The modifications encompass various aspects, including social benefits, State Medical Aid, regularization of undocumented workers, the offense of irregular stay, family reunification conditions, migration quotas, expulsion of foreign criminals, nationality forfeiture, and changes to birthright citizenship. Controversies surrounding the law have led to ministerial resignations and strong reactions across society.<\/p>\n","protected":false},"author":1,"featured_media":15592,"comment_status":"open","ping_status":"open","sticky":false,"template":"","format":"standard","meta":{"jetpack_post_was_ever_published":false,"_jetpack_newsletter_access":"","_jetpack_dont_email_post_to_subs":false,"_jetpack_newsletter_tier_id":0,"_jetpack_memberships_contains_paywalled_content":false,"_jetpack_memberships_contains_paid_content":false,"footnotes":"","jetpack_publicize_message":"","jetpack_publicize_feature_enabled":true,"jetpack_social_post_already_shared":false,"jetpack_social_options":{"image_generator_settings":{"template":"highway","default_image_id":0,"font":"","enabled":false},"version":2}},"categories":[3128],"tags":[4950,5185,4840,5184,5183],"class_list":["post-15590","post","type-post","status-publish","format-standard","has-post-thumbnail","hentry","category-france-en","tag-controversy","tag-emmanuel-macron-en","tag-immigration-law","tag-ministerial-resignations","tag-political-crisis"],"yoast_head":"<!-- This site is optimized with the Yoast SEO Premium plugin v22.6 (Yoast SEO v27.5) - https:\/\/yoast.com\/product\/yoast-seo-premium-wordpress\/ -->\n<title>Political Crisis in France: Adoption of the New Immigration Law Divides Emmanuel Macron&#039;s Camp | Christiano Btf<\/title>\n<meta name=\"description\" content=\"The recently adopted immigration law in France, following 18 months of debates, has sparked a political crisis within Emmanuel Macron&#039;s government. The modifications encompass various aspects, including social benefits, State Medical Aid, regularization of undocumented workers, the offense of irregular stay, family reunification conditions, migration quotas, expulsion of foreign criminals, nationality forfeiture, and changes to birthright citizenship. Controversies surrounding the law have led to ministerial resignations and strong reactions across society.\" \/>\n<meta name=\"robots\" content=\"index, follow, max-snippet:-1, max-image-preview:large, max-video-preview:-1\" \/>\n<link rel=\"canonical\" href=\"https:\/\/www.christianobtf.com\/ar\/?p=15602\" \/>\n<meta property=\"og:locale\" content=\"en_US\" \/>\n<meta property=\"og:type\" content=\"article\" \/>\n<meta property=\"og:title\" content=\"Political Crisis in France: Adoption of the New Immigration Law Divides Emmanuel Macron&#039;s Camp\" \/>\n<meta property=\"og:description\" content=\"The recently adopted immigration law in France, following 18 months of debates, has sparked a political crisis within Emmanuel Macron&#039;s government. The modifications encompass various aspects, including social benefits, State Medical Aid, regularization of undocumented workers, the offense of irregular stay, family reunification conditions, migration quotas, expulsion of foreign criminals, nationality forfeiture, and changes to birthright citizenship. Controversies surrounding the law have led to ministerial resignations and strong reactions across society.\" \/>\n<meta property=\"og:url\" content=\"https:\/\/www.christianobtf.com\/ar\/?p=15602\" \/>\n<meta property=\"og:site_name\" content=\"Christiano Btf\" \/>\n<meta property=\"article:publisher\" content=\"https:\/\/www.facebook.com\/christianobtf\" \/>\n<meta property=\"article:author\" content=\"https:\/\/www.facebook.com\/christianobtf\" \/>\n<meta property=\"article:published_time\" content=\"2023-12-23T13:10:46+00:00\" \/>\n<meta property=\"article:modified_time\" content=\"2023-12-23T13:15:35+00:00\" \/>\n<meta property=\"og:image\" content=\"https:\/\/www.christianobtf.com\/wp-content\/uploads\/2023\/12\/jad20231127-mmo-france-loi-immigration.webp\" \/>\n\t<meta property=\"og:image:width\" content=\"1215\" \/>\n\t<meta property=\"og:image:height\" content=\"810\" \/>\n\t<meta property=\"og:image:type\" content=\"image\/webp\" \/>\n<meta name=\"author\" content=\"Christiano Btf\" \/>\n<meta name=\"twitter:card\" content=\"summary_large_image\" \/>\n<meta name=\"twitter:description\" content=\"The recently adopted immigration law in France, following 18 months of debates, has sparked a political crisis within Emmanuel Macron&#039;s government. The modifications encompass various aspects, including social benefits, State Medical Aid, regularization of undocumented workers, the offense of irregular stay, family reunification conditions, migration quotas, expulsion of foreign criminals, nationality forfeiture, and changes to birthright citizenship. Controversies surrounding the law have led to ministerial resignations and strong reactions across society.\" \/>\n<meta name=\"twitter:creator\" content=\"@https:\/\/www.twitter.com\/christianobtf\" \/>\n<meta name=\"twitter:site\" content=\"@christianobtf\" \/>\n<meta name=\"twitter:label1\" content=\"Written by\" \/>\n\t<meta name=\"twitter:data1\" content=\"Christiano Btf&lt;span class=&quot;bp-verified-badge&quot;&gt;&lt;\/span&gt;\" \/>\n\t<meta name=\"twitter:label2\" content=\"Est. reading time\" \/>\n\t<meta name=\"twitter:data2\" content=\"3 minutes\" \/>\n<script type=\"application\/ld+json\" class=\"yoast-schema-graph\">{\"@context\":\"https:\\\/\\\/schema.org\",\"@graph\":[{\"@type\":\"Article\",\"@id\":\"https:\\\/\\\/www.christianobtf.com\\\/ar\\\/?p=15602#article\",\"isPartOf\":{\"@id\":\"https:\\\/\\\/www.christianobtf.com\\\/ar\\\/?p=15602\"},\"author\":{\"name\":\"Christiano Btf\",\"@id\":\"https:\\\/\\\/www.christianobtf.com\\\/#\\\/schema\\\/person\\\/d4f35eeee402432e37887b4633f17b95\"},\"headline\":\"Political Crisis in France: Adoption of the New Immigration Law Divides Emmanuel Macron&#8217;s Camp\",\"datePublished\":\"2023-12-23T13:10:46+00:00\",\"dateModified\":\"2023-12-23T13:15:35+00:00\",\"mainEntityOfPage\":{\"@id\":\"https:\\\/\\\/www.christianobtf.com\\\/ar\\\/?p=15602\"},\"wordCount\":450,\"commentCount\":0,\"publisher\":{\"@id\":\"https:\\\/\\\/www.christianobtf.com\\\/#organization\"},\"image\":{\"@id\":\"https:\\\/\\\/www.christianobtf.com\\\/ar\\\/?p=15602#primaryimage\"},\"thumbnailUrl\":\"https:\\\/\\\/i0.wp.com\\\/www.christianobtf.com\\\/wp-content\\\/uploads\\\/2023\\\/12\\\/jad20231127-mmo-france-loi-immigration.webp?fit=1215%2C810&ssl=1\",\"keywords\":[\"Controversy\",\"emmanuel macron\",\"Immigration Law\",\"Ministerial Resignations\",\"Political Crisis\"],\"articleSection\":[\"France\"],\"inLanguage\":\"en-US\",\"potentialAction\":[{\"@type\":\"CommentAction\",\"name\":\"Comment\",\"target\":[\"https:\\\/\\\/www.christianobtf.com\\\/ar\\\/?p=15602#respond\"]}]},{\"@type\":\"WebPage\",\"@id\":\"https:\\\/\\\/www.christianobtf.com\\\/ar\\\/?p=15602\",\"url\":\"https:\\\/\\\/www.christianobtf.com\\\/ar\\\/?p=15602\",\"name\":\"Political Crisis in France: Adoption of the New Immigration Law Divides Emmanuel Macron's Camp | Christiano Btf\",\"isPartOf\":{\"@id\":\"https:\\\/\\\/www.christianobtf.com\\\/#website\"},\"primaryImageOfPage\":{\"@id\":\"https:\\\/\\\/www.christianobtf.com\\\/ar\\\/?p=15602#primaryimage\"},\"image\":{\"@id\":\"https:\\\/\\\/www.christianobtf.com\\\/ar\\\/?p=15602#primaryimage\"},\"thumbnailUrl\":\"https:\\\/\\\/i0.wp.com\\\/www.christianobtf.com\\\/wp-content\\\/uploads\\\/2023\\\/12\\\/jad20231127-mmo-france-loi-immigration.webp?fit=1215%2C810&ssl=1\",\"datePublished\":\"2023-12-23T13:10:46+00:00\",\"dateModified\":\"2023-12-23T13:15:35+00:00\",\"description\":\"The recently adopted immigration law in France, following 18 months of debates, has sparked a political crisis within Emmanuel Macron's government. The modifications encompass various aspects, including social benefits, State Medical Aid, regularization of undocumented workers, the offense of irregular stay, family reunification conditions, migration quotas, expulsion of foreign criminals, nationality forfeiture, and changes to birthright citizenship. Controversies surrounding the law have led to ministerial resignations and strong reactions across society.\",\"breadcrumb\":{\"@id\":\"https:\\\/\\\/www.christianobtf.com\\\/ar\\\/?p=15602#breadcrumb\"},\"inLanguage\":\"en-US\",\"potentialAction\":[{\"@type\":\"ReadAction\",\"target\":[\"https:\\\/\\\/www.christianobtf.com\\\/ar\\\/?p=15602\"]}]},{\"@type\":\"ImageObject\",\"inLanguage\":\"en-US\",\"@id\":\"https:\\\/\\\/www.christianobtf.com\\\/ar\\\/?p=15602#primaryimage\",\"url\":\"https:\\\/\\\/i0.wp.com\\\/www.christianobtf.com\\\/wp-content\\\/uploads\\\/2023\\\/12\\\/jad20231127-mmo-france-loi-immigration.webp?fit=1215%2C810&ssl=1\",\"contentUrl\":\"https:\\\/\\\/i0.wp.com\\\/www.christianobtf.com\\\/wp-content\\\/uploads\\\/2023\\\/12\\\/jad20231127-mmo-france-loi-immigration.webp?fit=1215%2C810&ssl=1\",\"width\":1215,\"height\":810,\"caption\":\"Gerald Darmanin\"},{\"@type\":\"BreadcrumbList\",\"@id\":\"https:\\\/\\\/www.christianobtf.com\\\/ar\\\/?p=15602#breadcrumb\",\"itemListElement\":[{\"@type\":\"ListItem\",\"position\":1,\"name\":\"Accueil\",\"item\":\"https:\\\/\\\/www.christianobtf.com\\\/en\\\/\"},{\"@type\":\"ListItem\",\"position\":2,\"name\":\"Political Crisis in France: Adoption of the New Immigration Law Divides Emmanuel Macron&rsquo;s Camp\"}]},{\"@type\":\"WebSite\",\"@id\":\"https:\\\/\\\/www.christianobtf.com\\\/#website\",\"url\":\"https:\\\/\\\/www.christianobtf.com\\\/\",\"name\":\"Christiano Btf\",\"description\":\"Avoir mati\u00e8res \u00e0 penser\",\"publisher\":{\"@id\":\"https:\\\/\\\/www.christianobtf.com\\\/#organization\"},\"alternateName\":\"Christiano Btf\",\"potentialAction\":[{\"@type\":\"SearchAction\",\"target\":{\"@type\":\"EntryPoint\",\"urlTemplate\":\"https:\\\/\\\/www.christianobtf.com\\\/?s={search_term_string}\"},\"query-input\":{\"@type\":\"PropertyValueSpecification\",\"valueRequired\":true,\"valueName\":\"search_term_string\"}}],\"inLanguage\":\"en-US\"},{\"@type\":\"Organization\",\"@id\":\"https:\\\/\\\/www.christianobtf.com\\\/#organization\",\"name\":\"Christiano Btf\",\"url\":\"https:\\\/\\\/www.christianobtf.com\\\/\",\"logo\":{\"@type\":\"ImageObject\",\"inLanguage\":\"en-US\",\"@id\":\"https:\\\/\\\/www.christianobtf.com\\\/#\\\/schema\\\/logo\\\/image\\\/\",\"url\":\"https:\\\/\\\/i0.wp.com\\\/www.christianobtf.com\\\/wp-content\\\/uploads\\\/2023\\\/06\\\/cropped-Christiano-btf-icon.png?fit=1919%2C576&ssl=1\",\"contentUrl\":\"https:\\\/\\\/i0.wp.com\\\/www.christianobtf.com\\\/wp-content\\\/uploads\\\/2023\\\/06\\\/cropped-Christiano-btf-icon.png?fit=1919%2C576&ssl=1\",\"width\":1919,\"height\":576,\"caption\":\"Christiano Btf\"},\"image\":{\"@id\":\"https:\\\/\\\/www.christianobtf.com\\\/#\\\/schema\\\/logo\\\/image\\\/\"},\"sameAs\":[\"https:\\\/\\\/www.facebook.com\\\/christianobtf\",\"https:\\\/\\\/x.com\\\/christianobtf\",\"https:\\\/\\\/tiktok.com\\\/@christianobtf\",\"https:\\\/\\\/www.youtube.com\\\/@christianobtf\",\"https:\\\/\\\/www.instagram.com\\\/christiano_btf\\\/\"]},{\"@type\":\"Person\",\"@id\":\"https:\\\/\\\/www.christianobtf.com\\\/#\\\/schema\\\/person\\\/d4f35eeee402432e37887b4633f17b95\",\"name\":\"Christiano Btf\",\"image\":{\"@type\":\"ImageObject\",\"inLanguage\":\"en-US\",\"@id\":\"\\\/\\\/www.gravatar.com\\\/avatar\\\/ec6515be259d60bfd92b65898c83fa2f?s=96&#038;r=g&#038;d=mm\",\"url\":\"\\\/\\\/www.gravatar.com\\\/avatar\\\/ec6515be259d60bfd92b65898c83fa2f?s=96&#038;r=g&#038;d=mm\",\"contentUrl\":\"\\\/\\\/www.gravatar.com\\\/avatar\\\/ec6515be259d60bfd92b65898c83fa2f?s=96&#038;r=g&#038;d=mm\",\"caption\":\"Christiano Btf\"},\"description\":\"En tant que fervent amateur de connaissances et de d\u00e9couvertes, je m'efforce de vous offrir un contenu informatif et stimulant. Ma qu\u00eate consiste \u00e0 fournir des informations de qualit\u00e9, \u00e0 d\u00e9crypter l'actualit\u00e9 et \u00e0 partager des analyses perspicaces. Pour moi, comprendre et analyser les donn\u00e9es est bien plus qu'une passion, c'est un engagement envers l'enrichissement intellectuel. Rejoignez-moi dans cette aventure intellectuelle o\u00f9 la curiosit\u00e9, la r\u00e9flexion et la soif de connaissances se conjuguent pour offrir un regard approfondi sur le monde qui nous entoure.\",\"sameAs\":[\"https:\\\/\\\/www.christianobtf.com\",\"https:\\\/\\\/www.facebook.com\\\/christianobtf\",\"https:\\\/\\\/www.instagram.com\\\/christiano_btf\",\"https:\\\/\\\/x.com\\\/https:\\\/\\\/www.twitter.com\\\/christianobtf\",\"https:\\\/\\\/www.youtube.com\\\/@christianobtf\"],\"honorificSuffix\":\"Master\",\"award\":[\"Po\u00e9sie\",\"Litt\u00e9rature\"],\"knowsAbout\":[\"Actualit\u00e9\",\"Po\u00e9sie\",\"Business\"],\"knowsLanguage\":[\"Fran\u00e7ais\",\"Anglais\",\"Arabe\"],\"jobTitle\":\"Ing\u00e9nieur\",\"url\":\"https:\\\/\\\/www.christianobtf.com\\\/en\\\/author\\\/christianobtf\\\/\"}]}<\/script>\n<!-- \/ Yoast SEO Premium plugin. -->","yoast_head_json":{"title":"Political Crisis in France: Adoption of the New Immigration Law Divides Emmanuel Macron's Camp | Christiano Btf","description":"The recently adopted immigration law in France, following 18 months of debates, has sparked a political crisis within Emmanuel Macron's government. The modifications encompass various aspects, including social benefits, State Medical Aid, regularization of undocumented workers, the offense of irregular stay, family reunification conditions, migration quotas, expulsion of foreign criminals, nationality forfeiture, and changes to birthright citizenship. Controversies surrounding the law have led to ministerial resignations and strong reactions across society.","robots":{"index":"index","follow":"follow","max-snippet":"max-snippet:-1","max-image-preview":"max-image-preview:large","max-video-preview":"max-video-preview:-1"},"canonical":"https:\/\/www.christianobtf.com\/ar\/?p=15602","og_locale":"en_US","og_type":"article","og_title":"Political Crisis in France: Adoption of the New Immigration Law Divides Emmanuel Macron's Camp","og_description":"The recently adopted immigration law in France, following 18 months of debates, has sparked a political crisis within Emmanuel Macron's government. The modifications encompass various aspects, including social benefits, State Medical Aid, regularization of undocumented workers, the offense of irregular stay, family reunification conditions, migration quotas, expulsion of foreign criminals, nationality forfeiture, and changes to birthright citizenship. Controversies surrounding the law have led to ministerial resignations and strong reactions across society.","og_url":"https:\/\/www.christianobtf.com\/ar\/?p=15602","og_site_name":"Christiano Btf","article_publisher":"https:\/\/www.facebook.com\/christianobtf","article_author":"https:\/\/www.facebook.com\/christianobtf","article_published_time":"2023-12-23T13:10:46+00:00","article_modified_time":"2023-12-23T13:15:35+00:00","og_image":[{"width":1215,"height":810,"url":"https:\/\/www.christianobtf.com\/wp-content\/uploads\/2023\/12\/jad20231127-mmo-france-loi-immigration.webp","type":"image\/webp"}],"author":"Christiano Btf","twitter_card":"summary_large_image","twitter_description":"The recently adopted immigration law in France, following 18 months of debates, has sparked a political crisis within Emmanuel Macron's government. The modifications encompass various aspects, including social benefits, State Medical Aid, regularization of undocumented workers, the offense of irregular stay, family reunification conditions, migration quotas, expulsion of foreign criminals, nationality forfeiture, and changes to birthright citizenship. Controversies surrounding the law have led to ministerial resignations and strong reactions across society.","twitter_creator":"@https:\/\/www.twitter.com\/christianobtf","twitter_site":"@christianobtf","twitter_misc":{"Written by":"Christiano Btf<span class=\"bp-verified-badge\"><\/span>","Est. reading time":"3 minutes"},"schema":{"@context":"https:\/\/schema.org","@graph":[{"@type":"Article","@id":"https:\/\/www.christianobtf.com\/ar\/?p=15602#article","isPartOf":{"@id":"https:\/\/www.christianobtf.com\/ar\/?p=15602"},"author":{"name":"Christiano Btf","@id":"https:\/\/www.christianobtf.com\/#\/schema\/person\/d4f35eeee402432e37887b4633f17b95"},"headline":"Political Crisis in France: Adoption of the New Immigration Law Divides Emmanuel Macron&#8217;s Camp","datePublished":"2023-12-23T13:10:46+00:00","dateModified":"2023-12-23T13:15:35+00:00","mainEntityOfPage":{"@id":"https:\/\/www.christianobtf.com\/ar\/?p=15602"},"wordCount":450,"commentCount":0,"publisher":{"@id":"https:\/\/www.christianobtf.com\/#organization"},"image":{"@id":"https:\/\/www.christianobtf.com\/ar\/?p=15602#primaryimage"},"thumbnailUrl":"https:\/\/i0.wp.com\/www.christianobtf.com\/wp-content\/uploads\/2023\/12\/jad20231127-mmo-france-loi-immigration.webp?fit=1215%2C810&ssl=1","keywords":["Controversy","emmanuel macron","Immigration Law","Ministerial Resignations","Political Crisis"],"articleSection":["France"],"inLanguage":"en-US","potentialAction":[{"@type":"CommentAction","name":"Comment","target":["https:\/\/www.christianobtf.com\/ar\/?p=15602#respond"]}]},{"@type":"WebPage","@id":"https:\/\/www.christianobtf.com\/ar\/?p=15602","url":"https:\/\/www.christianobtf.com\/ar\/?p=15602","name":"Political Crisis in France: Adoption of the New Immigration Law Divides Emmanuel Macron's Camp | Christiano Btf","isPartOf":{"@id":"https:\/\/www.christianobtf.com\/#website"},"primaryImageOfPage":{"@id":"https:\/\/www.christianobtf.com\/ar\/?p=15602#primaryimage"},"image":{"@id":"https:\/\/www.christianobtf.com\/ar\/?p=15602#primaryimage"},"thumbnailUrl":"https:\/\/i0.wp.com\/www.christianobtf.com\/wp-content\/uploads\/2023\/12\/jad20231127-mmo-france-loi-immigration.webp?fit=1215%2C810&ssl=1","datePublished":"2023-12-23T13:10:46+00:00","dateModified":"2023-12-23T13:15:35+00:00","description":"The recently adopted immigration law in France, following 18 months of debates, has sparked a political crisis within Emmanuel Macron's government. The modifications encompass various aspects, including social benefits, State Medical Aid, regularization of undocumented workers, the offense of irregular stay, family reunification conditions, migration quotas, expulsion of foreign criminals, nationality forfeiture, and changes to birthright citizenship. Controversies surrounding the law have led to ministerial resignations and strong reactions across society.","breadcrumb":{"@id":"https:\/\/www.christianobtf.com\/ar\/?p=15602#breadcrumb"},"inLanguage":"en-US","potentialAction":[{"@type":"ReadAction","target":["https:\/\/www.christianobtf.com\/ar\/?p=15602"]}]},{"@type":"ImageObject","inLanguage":"en-US","@id":"https:\/\/www.christianobtf.com\/ar\/?p=15602#primaryimage","url":"https:\/\/i0.wp.com\/www.christianobtf.com\/wp-content\/uploads\/2023\/12\/jad20231127-mmo-france-loi-immigration.webp?fit=1215%2C810&ssl=1","contentUrl":"https:\/\/i0.wp.com\/www.christianobtf.com\/wp-content\/uploads\/2023\/12\/jad20231127-mmo-france-loi-immigration.webp?fit=1215%2C810&ssl=1","width":1215,"height":810,"caption":"Gerald Darmanin"},{"@type":"BreadcrumbList","@id":"https:\/\/www.christianobtf.com\/ar\/?p=15602#breadcrumb","itemListElement":[{"@type":"ListItem","position":1,"name":"Accueil","item":"https:\/\/www.christianobtf.com\/en\/"},{"@type":"ListItem","position":2,"name":"Political Crisis in France: Adoption of the New Immigration Law Divides Emmanuel Macron&rsquo;s Camp"}]},{"@type":"WebSite","@id":"https:\/\/www.christianobtf.com\/#website","url":"https:\/\/www.christianobtf.com\/","name":"Christiano Btf","description":"Avoir mati\u00e8res \u00e0 penser","publisher":{"@id":"https:\/\/www.christianobtf.com\/#organization"},"alternateName":"Christiano Btf","potentialAction":[{"@type":"SearchAction","target":{"@type":"EntryPoint","urlTemplate":"https:\/\/www.christianobtf.com\/?s={search_term_string}"},"query-input":{"@type":"PropertyValueSpecification","valueRequired":true,"valueName":"search_term_string"}}],"inLanguage":"en-US"},{"@type":"Organization","@id":"https:\/\/www.christianobtf.com\/#organization","name":"Christiano Btf","url":"https:\/\/www.christianobtf.com\/","logo":{"@type":"ImageObject","inLanguage":"en-US","@id":"https:\/\/www.christianobtf.com\/#\/schema\/logo\/image\/","url":"https:\/\/i0.wp.com\/www.christianobtf.com\/wp-content\/uploads\/2023\/06\/cropped-Christiano-btf-icon.png?fit=1919%2C576&ssl=1","contentUrl":"https:\/\/i0.wp.com\/www.christianobtf.com\/wp-content\/uploads\/2023\/06\/cropped-Christiano-btf-icon.png?fit=1919%2C576&ssl=1","width":1919,"height":576,"caption":"Christiano Btf"},"image":{"@id":"https:\/\/www.christianobtf.com\/#\/schema\/logo\/image\/"},"sameAs":["https:\/\/www.facebook.com\/christianobtf","https:\/\/x.com\/christianobtf","https:\/\/tiktok.com\/@christianobtf","https:\/\/www.youtube.com\/@christianobtf","https:\/\/www.instagram.com\/christiano_btf\/"]},{"@type":"Person","@id":"https:\/\/www.christianobtf.com\/#\/schema\/person\/d4f35eeee402432e37887b4633f17b95","name":"Christiano Btf","image":{"@type":"ImageObject","inLanguage":"en-US","@id":"\/\/www.gravatar.com\/avatar\/ec6515be259d60bfd92b65898c83fa2f?s=96&#038;r=g&#038;d=mm","url":"\/\/www.gravatar.com\/avatar\/ec6515be259d60bfd92b65898c83fa2f?s=96&#038;r=g&#038;d=mm","contentUrl":"\/\/www.gravatar.com\/avatar\/ec6515be259d60bfd92b65898c83fa2f?s=96&#038;r=g&#038;d=mm","caption":"Christiano Btf"},"description":"En tant que fervent amateur de connaissances et de d\u00e9couvertes, je m'efforce de vous offrir un contenu informatif et stimulant. Ma qu\u00eate consiste \u00e0 fournir des informations de qualit\u00e9, \u00e0 d\u00e9crypter l'actualit\u00e9 et \u00e0 partager des analyses perspicaces. Pour moi, comprendre et analyser les donn\u00e9es est bien plus qu'une passion, c'est un engagement envers l'enrichissement intellectuel. Rejoignez-moi dans cette aventure intellectuelle o\u00f9 la curiosit\u00e9, la r\u00e9flexion et la soif de connaissances se conjuguent pour offrir un regard approfondi sur le monde qui nous entoure.","sameAs":["https:\/\/www.christianobtf.com","https:\/\/www.facebook.com\/christianobtf","https:\/\/www.instagram.com\/christiano_btf","https:\/\/x.com\/https:\/\/www.twitter.com\/christianobtf","https:\/\/www.youtube.com\/@christianobtf"],"honorificSuffix":"Master","award":["Po\u00e9sie","Litt\u00e9rature"],"knowsAbout":["Actualit\u00e9","Po\u00e9sie","Business"],"knowsLanguage":["Fran\u00e7ais","Anglais","Arabe"],"jobTitle":"Ing\u00e9nieur","url":"https:\/\/www.christianobtf.com\/en\/author\/christianobtf\/"}]}},"jetpack_publicize_connections":[],"jetpack_featured_media_url":"https:\/\/i0.wp.com\/www.christianobtf.com\/wp-content\/uploads\/2023\/12\/jad20231127-mmo-france-loi-immigration.webp?fit=1215%2C810&ssl=1","jetpack_sharing_enabled":true,"_links":{"self":[{"href":"https:\/\/www.christianobtf.com\/en\/wp-json\/wp\/v2\/posts\/15590","targetHints":{"allow":["GET"]}}],"collection":[{"href":"https:\/\/www.christianobtf.com\/en\/wp-json\/wp\/v2\/posts"}],"about":[{"href":"https:\/\/www.christianobtf.com\/en\/wp-json\/wp\/v2\/types\/post"}],"author":[{"embeddable":true,"href":"https:\/\/www.christianobtf.com\/en\/wp-json\/wp\/v2\/users\/1"}],"replies":[{"embeddable":true,"href":"https:\/\/www.christianobtf.com\/en\/wp-json\/wp\/v2\/comments?post=15590"}],"version-history":[{"count":1,"href":"https:\/\/www.christianobtf.com\/en\/wp-json\/wp\/v2\/posts\/15590\/revisions"}],"predecessor-version":[{"id":15601,"href":"https:\/\/www.christianobtf.com\/en\/wp-json\/wp\/v2\/posts\/15590\/revisions\/15601"}],"wp:featuredmedia":[{"embeddable":true,"href":"https:\/\/www.christianobtf.com\/en\/wp-json\/wp\/v2\/media\/15592"}],"wp:attachment":[{"href":"https:\/\/www.christianobtf.com\/en\/wp-json\/wp\/v2\/media?parent=15590"}],"wp:term":[{"taxonomy":"category","embeddable":true,"href":"https:\/\/www.christianobtf.com\/en\/wp-json\/wp\/v2\/categories?post=15590"},{"taxonomy":"post_tag","embeddable":true,"href":"https:\/\/www.christianobtf.com\/en\/wp-json\/wp\/v2\/tags?post=15590"}],"curies":[{"name":"wp","href":"https:\/\/api.w.org\/{rel}","templated":true}]}}