{"id":14504,"date":"2023-12-11T23:49:43","date_gmt":"2023-12-11T23:49:43","guid":{"rendered":"https:\/\/www.christianobtf.com\/?p=14504"},"modified":"2023-12-12T00:01:47","modified_gmt":"2023-12-12T00:01:47","slug":"assembly-drama-immigration-law-rejected-gerald-darmanin-faces-a-delicate-choice","status":"publish","type":"post","link":"https:\/\/www.christianobtf.com\/en\/assembly-drama-immigration-law-rejected-gerald-darmanin-faces-a-delicate-choice\/","title":{"rendered":"Assembly Drama: Immigration Law Rejected, G\u00e9rald Darmanin Faces a Delicate Choice"},"content":{"rendered":"<p><span class=\"tie-dropcap \">I<\/span>n a political twist, the motion to reject the immigration law was adopted at the French National Assembly, dealing a blow to Interior Minister G\u00e9rald Darmanin. This unforeseen decision highlights the challenges the government faces in the current political landscape.<\/p>\n<div id=\"ez-toc-container\" class=\"ez-toc-v2_0_82_2 counter-hierarchy ez-toc-counter ez-toc-transparent ez-toc-container-direction\">\n<div class=\"ez-toc-title-container\">\n<p class=\"ez-toc-title\" style=\"cursor:inherit\">Table of Contents<\/p>\n<span class=\"ez-toc-title-toggle\"><a href=\"#\" class=\"ez-toc-pull-right ez-toc-btn ez-toc-btn-xs ez-toc-btn-default ez-toc-toggle\" aria-label=\"Toggle Table of Content\"><span class=\"ez-toc-js-icon-con\"><span class=\"\"><span class=\"eztoc-hide\" style=\"display:none;\">Toggle<\/span><span class=\"ez-toc-icon-toggle-span\"><svg style=\"fill: #1e73be;color:#1e73be\" xmlns=\"http:\/\/www.w3.org\/2000\/svg\" class=\"list-377408\" width=\"20px\" height=\"20px\" viewBox=\"0 0 24 24\" fill=\"none\"><path d=\"M6 6H4v2h2V6zm14 0H8v2h12V6zM4 11h2v2H4v-2zm16 0H8v2h12v-2zM4 16h2v2H4v-2zm16 0H8v2h12v-2z\" fill=\"currentColor\"><\/path><\/svg><svg style=\"fill: #1e73be;color:#1e73be\" class=\"arrow-unsorted-368013\" xmlns=\"http:\/\/www.w3.org\/2000\/svg\" width=\"10px\" height=\"10px\" viewBox=\"0 0 24 24\" version=\"1.2\" baseProfile=\"tiny\"><path d=\"M18.2 9.3l-6.2-6.3-6.2 6.3c-.2.2-.3.4-.3.7s.1.5.3.7c.2.2.4.3.7.3h11c.3 0 .5-.1.7-.3.2-.2.3-.5.3-.7s-.1-.5-.3-.7zM5.8 14.7l6.2 6.3 6.2-6.3c.2-.2.3-.5.3-.7s-.1-.5-.3-.7c-.2-.2-.4-.3-.7-.3h-11c-.3 0-.5.1-.7.3-.2.2-.3.5-.3.7s.1.5.3.7z\"\/><\/svg><\/span><\/span><\/span><\/a><\/span><\/div>\n<nav><ul class='ez-toc-list ez-toc-list-level-1 eztoc-toggle-hide-by-default' ><li class='ez-toc-page-1 ez-toc-heading-level-2'><a class=\"ez-toc-link ez-toc-heading-1\" href=\"https:\/\/www.christianobtf.com\/en\/assembly-drama-immigration-law-rejected-gerald-darmanin-faces-a-delicate-choice\/#Post-Rejection_Government_Options\" >Post-Rejection Government Options:<\/a><ul class='ez-toc-list-level-3' ><li class='ez-toc-heading-level-3'><a class=\"ez-toc-link ez-toc-heading-2\" href=\"https:\/\/www.christianobtf.com\/en\/assembly-drama-immigration-law-rejected-gerald-darmanin-faces-a-delicate-choice\/#1_Return_to_the_Senate\" >1. Return to the Senate:<\/a><\/li><li class='ez-toc-page-1 ez-toc-heading-level-3'><a class=\"ez-toc-link ez-toc-heading-3\" href=\"https:\/\/www.christianobtf.com\/en\/assembly-drama-immigration-law-rejected-gerald-darmanin-faces-a-delicate-choice\/#2_Joint_Committee_CMP\" >2. Joint Committee (CMP):<\/a><\/li><li class='ez-toc-page-1 ez-toc-heading-level-3'><a class=\"ez-toc-link ez-toc-heading-4\" href=\"https:\/\/www.christianobtf.com\/en\/assembly-drama-immigration-law-rejected-gerald-darmanin-faces-a-delicate-choice\/#3_Complete_Withdrawal_of_the_Text\" >3. Complete Withdrawal of the Text:<\/a><\/li><\/ul><\/li><li class='ez-toc-page-1 ez-toc-heading-level-2'><a class=\"ez-toc-link ez-toc-heading-5\" href=\"https:\/\/www.christianobtf.com\/en\/assembly-drama-immigration-law-rejected-gerald-darmanin-faces-a-delicate-choice\/#Reactions_and_Perspectives\" >Reactions and Perspectives<\/a><\/li><\/ul><\/nav><\/div>\n<h2><span class=\"ez-toc-section\" id=\"Post-Rejection_Government_Options\"><\/span>Post-Rejection Government Options:<span class=\"ez-toc-section-end\"><\/span><\/h2>\n<h3><span class=\"ez-toc-section\" id=\"1_Return_to_the_Senate\"><\/span>1. Return to the Senate:<span class=\"ez-toc-section-end\"><\/span><\/h3>\n<p>One of the initial options for the government is to send the bill back to the Senate, where it was previously examined in November. However, this path is not without obstacles, as the text could undergo significant changes. The back-and-forth between the two chambers of Parliament, known as the parliamentary shuttle, further complicates the situation.<\/p>\n<h3><span class=\"ez-toc-section\" id=\"2_Joint_Committee_CMP\"><\/span>2. Joint Committee (CMP):<span class=\"ez-toc-section-end\"><\/span><\/h3>\n<p>An alternative is the possible convening of a joint committee, consisting of seven deputies and seven senators. This committee would be tasked with crafting a compromise version of the text, subsequently submitted to the vote of both chambers. However, the risk of disagreement persists, potentially leading to the bill&#8217;s return to the National Assembly in its senatorial version.<\/p>\n<h3><span class=\"ez-toc-section\" id=\"3_Complete_Withdrawal_of_the_Text\"><\/span>3. Complete Withdrawal of the Text:<span class=\"ez-toc-section-end\"><\/span><\/h3>\n<p>Faced with this political impasse, the government could decide to abandon the bill entirely. However, this option seems to be ruled out by G\u00e9rald Darmanin, emphasizing the need for robust measures for law enforcement and national security. Ongoing deliberations among concerned ministers aim to formulate a strategy that can overcome this political hurdle.<\/p>\n<h2><span class=\"ez-toc-section\" id=\"Reactions_and_Perspectives\"><\/span>Reactions and Perspectives<span class=\"ez-toc-section-end\"><\/span><\/h2>\n<p>The rejection of the immigration law has sparked passionate reactions within the Assembly. While the left and the National Rally have celebrated this victory, the presidential majority faces crucial decisions. Despite this setback, G\u00e9rald Darmanin remains determined to find a legislative path to address immigration challenges, in line with President Emmanuel Macron&#8217;s expectations.<\/p>\n<figure id=\"attachment_14497\" aria-describedby=\"caption-attachment-14497\" style=\"width: 980px\" class=\"wp-caption aligncenter\"><img data-recalc-dims=\"1\" loading=\"lazy\" decoding=\"async\" class=\"size-full wp-image-14497\" src=\"https:\/\/i0.wp.com\/www.christianobtf.com\/wp-content\/uploads\/2023\/12\/000_347Q72H.webp?resize=980%2C551&#038;ssl=1\" alt=\"L'ex\u00e9cutif a essuy\u00e9 lundi un revers majeur avec le rejet surprise \u00e0 l'Assembl\u00e9e nationale du projet de loi sur l'immigration, une d\u00e9route personnelle pour le ministre de l'Int\u00e9rieur G\u00e9rald Darmanin et une d\u00e9faite politique pour Emmanuel Macron. \u00a9 Ludovic Marin, AFP\" width=\"980\" height=\"551\" srcset=\"https:\/\/i0.wp.com\/www.christianobtf.com\/wp-content\/uploads\/2023\/12\/000_347Q72H.webp?w=980&amp;ssl=1 980w, https:\/\/i0.wp.com\/www.christianobtf.com\/wp-content\/uploads\/2023\/12\/000_347Q72H.webp?resize=300%2C169&amp;ssl=1 300w, https:\/\/i0.wp.com\/www.christianobtf.com\/wp-content\/uploads\/2023\/12\/000_347Q72H.webp?resize=768%2C432&amp;ssl=1 768w, https:\/\/i0.wp.com\/www.christianobtf.com\/wp-content\/uploads\/2023\/12\/000_347Q72H.webp?resize=150%2C84&amp;ssl=1 150w\" sizes=\"auto, (max-width: 980px) 100vw, 980px\" \/><figcaption id=\"caption-attachment-14497\" class=\"wp-caption-text\">The executive suffered a major setback on Monday with the surprise rejection in the National Assembly of the immigration bill, a personal rout for Interior Minister G\u00e9rald Darmanin and a political defeat for Emmanuel Macron. \u00a9 Ludovic Marin, AFP<\/figcaption><\/figure>\n<p>The rejection vote at the National Assembly has plunged the government into a complex situation, leaving uncertainty about the future of the immigration law. The outcome of this political crisis will depend on the strategic choices made in the coming days, and the French await to see how political leaders will navigate these tumultuous waters.<\/p>\n<p>&nbsp;<\/p>\n","protected":false},"excerpt":{"rendered":"<p>The unexpected rejection of the immigration law at the French National Assembly has placed Interior Minister G\u00e9rald Darmanin in a delicate position. This article explores the government&#8217;s post-rejection options, political reactions, and future prospects, shedding light on the challenges the country faces regarding immigration.<\/p>\n","protected":false},"author":1,"featured_media":14488,"comment_status":"open","ping_status":"open","sticky":false,"template":"","format":"standard","meta":{"jetpack_post_was_ever_published":false,"_jetpack_newsletter_access":"","_jetpack_dont_email_post_to_subs":false,"_jetpack_newsletter_tier_id":0,"_jetpack_memberships_contains_paywalled_content":false,"_jetpack_memberships_contains_paid_content":false,"footnotes":"","jetpack_publicize_message":"","jetpack_publicize_feature_enabled":true,"jetpack_social_post_already_shared":false,"jetpack_social_options":{"image_generator_settings":{"template":"highway","default_image_id":0,"font":"","enabled":false},"version":2}},"categories":[3128],"tags":[4843,4842,4840,4841,4839],"class_list":["post-14504","post","type-post","status-publish","format-standard","has-post-thumbnail","hentry","category-france-en","tag-gerald-darmanin-en","tag-government-options","tag-immigration-law","tag-national-assembly","tag-rejection"],"yoast_head":"<!-- This site is optimized with the Yoast SEO Premium plugin v22.6 (Yoast SEO v27.5) - https:\/\/yoast.com\/product\/yoast-seo-premium-wordpress\/ -->\n<title>Assembly Drama: Immigration Law Rejected, G\u00e9rald Darmanin Faces a Delicate Choice | Christiano Btf<\/title>\n<meta name=\"description\" content=\"The unexpected rejection of the immigration law at the French National Assembly has placed Interior Minister G\u00e9rald Darmanin in a delicate position. This article explores the government&#039;s post-rejection options, political reactions, and future prospects, shedding light on the challenges the country faces regarding immigration.\" \/>\n<meta name=\"robots\" content=\"index, follow, max-snippet:-1, max-image-preview:large, max-video-preview:-1\" \/>\n<link rel=\"canonical\" href=\"https:\/\/www.christianobtf.com\/ar\/?p=14507\" \/>\n<meta property=\"og:locale\" content=\"en_US\" \/>\n<meta property=\"og:type\" content=\"article\" \/>\n<meta property=\"og:title\" content=\"Assembly Drama: Immigration Law Rejected, G\u00e9rald Darmanin Faces a Delicate Choice\" \/>\n<meta property=\"og:description\" content=\"The unexpected rejection of the immigration law at the French National Assembly has placed Interior Minister G\u00e9rald Darmanin in a delicate position. This article explores the government&#039;s post-rejection options, political reactions, and future prospects, shedding light on the challenges the country faces regarding immigration.\" \/>\n<meta property=\"og:url\" content=\"https:\/\/www.christianobtf.com\/ar\/?p=14507\" \/>\n<meta property=\"og:site_name\" content=\"Christiano Btf\" \/>\n<meta property=\"article:publisher\" content=\"https:\/\/www.facebook.com\/christianobtf\" \/>\n<meta property=\"article:author\" content=\"https:\/\/www.facebook.com\/christianobtf\" \/>\n<meta property=\"article:published_time\" content=\"2023-12-11T23:49:43+00:00\" \/>\n<meta property=\"article:modified_time\" content=\"2023-12-12T00:01:47+00:00\" \/>\n<meta property=\"og:image\" content=\"https:\/\/www.christianobtf.com\/wp-content\/uploads\/2023\/12\/1200x680_sc_sc_000-347p8ry.jpg\" \/>\n\t<meta property=\"og:image:width\" content=\"1024\" \/>\n\t<meta property=\"og:image:height\" content=\"580\" \/>\n\t<meta property=\"og:image:type\" content=\"image\/jpeg\" \/>\n<meta name=\"author\" content=\"Christiano Btf\" \/>\n<meta name=\"twitter:card\" content=\"summary_large_image\" \/>\n<meta name=\"twitter:description\" content=\"The unexpected rejection of the immigration law at the French National Assembly has placed Interior Minister G\u00e9rald Darmanin in a delicate position. This article explores the government&#039;s post-rejection options, political reactions, and future prospects, shedding light on the challenges the country faces regarding immigration.\" \/>\n<meta name=\"twitter:creator\" content=\"@https:\/\/www.twitter.com\/christianobtf\" \/>\n<meta name=\"twitter:site\" content=\"@christianobtf\" \/>\n<meta name=\"twitter:label1\" content=\"Written by\" \/>\n\t<meta name=\"twitter:data1\" content=\"Christiano Btf&lt;span class=&quot;bp-verified-badge&quot;&gt;&lt;\/span&gt;\" \/>\n\t<meta name=\"twitter:label2\" content=\"Est. reading time\" \/>\n\t<meta name=\"twitter:data2\" content=\"3 minutes\" \/>\n<script type=\"application\/ld+json\" class=\"yoast-schema-graph\">{\"@context\":\"https:\\\/\\\/schema.org\",\"@graph\":[{\"@type\":\"Article\",\"@id\":\"https:\\\/\\\/www.christianobtf.com\\\/ar\\\/?p=14507#article\",\"isPartOf\":{\"@id\":\"https:\\\/\\\/www.christianobtf.com\\\/ar\\\/?p=14507\"},\"author\":{\"name\":\"Christiano Btf\",\"@id\":\"https:\\\/\\\/www.christianobtf.com\\\/#\\\/schema\\\/person\\\/d4f35eeee402432e37887b4633f17b95\"},\"headline\":\"Assembly Drama: Immigration Law Rejected, G\u00e9rald Darmanin Faces a Delicate Choice\",\"datePublished\":\"2023-12-11T23:49:43+00:00\",\"dateModified\":\"2023-12-12T00:01:47+00:00\",\"mainEntityOfPage\":{\"@id\":\"https:\\\/\\\/www.christianobtf.com\\\/ar\\\/?p=14507\"},\"wordCount\":399,\"commentCount\":0,\"publisher\":{\"@id\":\"https:\\\/\\\/www.christianobtf.com\\\/#organization\"},\"image\":{\"@id\":\"https:\\\/\\\/www.christianobtf.com\\\/ar\\\/?p=14507#primaryimage\"},\"thumbnailUrl\":\"https:\\\/\\\/i0.wp.com\\\/www.christianobtf.com\\\/wp-content\\\/uploads\\\/2023\\\/12\\\/1200x680_sc_sc_000-347p8ry.jpg?fit=1024%2C580&ssl=1\",\"keywords\":[\"G\u00e9rald Darmanin\",\"Government Options\",\"Immigration Law\",\"National Assembly\",\"Rejection\"],\"articleSection\":[\"France\"],\"inLanguage\":\"en-US\",\"potentialAction\":[{\"@type\":\"CommentAction\",\"name\":\"Comment\",\"target\":[\"https:\\\/\\\/www.christianobtf.com\\\/ar\\\/?p=14507#respond\"]}]},{\"@type\":\"WebPage\",\"@id\":\"https:\\\/\\\/www.christianobtf.com\\\/ar\\\/?p=14507\",\"url\":\"https:\\\/\\\/www.christianobtf.com\\\/ar\\\/?p=14507\",\"name\":\"Assembly Drama: Immigration Law Rejected, G\u00e9rald Darmanin Faces a Delicate Choice | Christiano Btf\",\"isPartOf\":{\"@id\":\"https:\\\/\\\/www.christianobtf.com\\\/#website\"},\"primaryImageOfPage\":{\"@id\":\"https:\\\/\\\/www.christianobtf.com\\\/ar\\\/?p=14507#primaryimage\"},\"image\":{\"@id\":\"https:\\\/\\\/www.christianobtf.com\\\/ar\\\/?p=14507#primaryimage\"},\"thumbnailUrl\":\"https:\\\/\\\/i0.wp.com\\\/www.christianobtf.com\\\/wp-content\\\/uploads\\\/2023\\\/12\\\/1200x680_sc_sc_000-347p8ry.jpg?fit=1024%2C580&ssl=1\",\"datePublished\":\"2023-12-11T23:49:43+00:00\",\"dateModified\":\"2023-12-12T00:01:47+00:00\",\"description\":\"The unexpected rejection of the immigration law at the French National Assembly has placed Interior Minister G\u00e9rald Darmanin in a delicate position. This article explores the government's post-rejection options, political reactions, and future prospects, shedding light on the challenges the country faces regarding immigration.\",\"breadcrumb\":{\"@id\":\"https:\\\/\\\/www.christianobtf.com\\\/ar\\\/?p=14507#breadcrumb\"},\"inLanguage\":\"en-US\",\"potentialAction\":[{\"@type\":\"ReadAction\",\"target\":[\"https:\\\/\\\/www.christianobtf.com\\\/ar\\\/?p=14507\"]}]},{\"@type\":\"ImageObject\",\"inLanguage\":\"en-US\",\"@id\":\"https:\\\/\\\/www.christianobtf.com\\\/ar\\\/?p=14507#primaryimage\",\"url\":\"https:\\\/\\\/i0.wp.com\\\/www.christianobtf.com\\\/wp-content\\\/uploads\\\/2023\\\/12\\\/1200x680_sc_sc_000-347p8ry.jpg?fit=1024%2C580&ssl=1\",\"contentUrl\":\"https:\\\/\\\/i0.wp.com\\\/www.christianobtf.com\\\/wp-content\\\/uploads\\\/2023\\\/12\\\/1200x680_sc_sc_000-347p8ry.jpg?fit=1024%2C580&ssl=1\",\"width\":1024,\"height\":580,\"caption\":\"The adoption of the rejection motion is a snub for Interior Minister G\u00e9rald Darmanin \u00a9 AFP - Ludovic MARIN\"},{\"@type\":\"BreadcrumbList\",\"@id\":\"https:\\\/\\\/www.christianobtf.com\\\/ar\\\/?p=14507#breadcrumb\",\"itemListElement\":[{\"@type\":\"ListItem\",\"position\":1,\"name\":\"Accueil\",\"item\":\"https:\\\/\\\/www.christianobtf.com\\\/en\\\/\"},{\"@type\":\"ListItem\",\"position\":2,\"name\":\"Assembly Drama: Immigration Law Rejected, G\u00e9rald Darmanin Faces a Delicate Choice\"}]},{\"@type\":\"WebSite\",\"@id\":\"https:\\\/\\\/www.christianobtf.com\\\/#website\",\"url\":\"https:\\\/\\\/www.christianobtf.com\\\/\",\"name\":\"Christiano Btf\",\"description\":\"Avoir mati\u00e8res \u00e0 penser\",\"publisher\":{\"@id\":\"https:\\\/\\\/www.christianobtf.com\\\/#organization\"},\"alternateName\":\"Christiano Btf\",\"potentialAction\":[{\"@type\":\"SearchAction\",\"target\":{\"@type\":\"EntryPoint\",\"urlTemplate\":\"https:\\\/\\\/www.christianobtf.com\\\/?s={search_term_string}\"},\"query-input\":{\"@type\":\"PropertyValueSpecification\",\"valueRequired\":true,\"valueName\":\"search_term_string\"}}],\"inLanguage\":\"en-US\"},{\"@type\":\"Organization\",\"@id\":\"https:\\\/\\\/www.christianobtf.com\\\/#organization\",\"name\":\"Christiano Btf\",\"url\":\"https:\\\/\\\/www.christianobtf.com\\\/\",\"logo\":{\"@type\":\"ImageObject\",\"inLanguage\":\"en-US\",\"@id\":\"https:\\\/\\\/www.christianobtf.com\\\/#\\\/schema\\\/logo\\\/image\\\/\",\"url\":\"https:\\\/\\\/i0.wp.com\\\/www.christianobtf.com\\\/wp-content\\\/uploads\\\/2023\\\/06\\\/cropped-Christiano-btf-icon.png?fit=1919%2C576&ssl=1\",\"contentUrl\":\"https:\\\/\\\/i0.wp.com\\\/www.christianobtf.com\\\/wp-content\\\/uploads\\\/2023\\\/06\\\/cropped-Christiano-btf-icon.png?fit=1919%2C576&ssl=1\",\"width\":1919,\"height\":576,\"caption\":\"Christiano Btf\"},\"image\":{\"@id\":\"https:\\\/\\\/www.christianobtf.com\\\/#\\\/schema\\\/logo\\\/image\\\/\"},\"sameAs\":[\"https:\\\/\\\/www.facebook.com\\\/christianobtf\",\"https:\\\/\\\/x.com\\\/christianobtf\",\"https:\\\/\\\/tiktok.com\\\/@christianobtf\",\"https:\\\/\\\/www.youtube.com\\\/@christianobtf\",\"https:\\\/\\\/www.instagram.com\\\/christiano_btf\\\/\"]},{\"@type\":\"Person\",\"@id\":\"https:\\\/\\\/www.christianobtf.com\\\/#\\\/schema\\\/person\\\/d4f35eeee402432e37887b4633f17b95\",\"name\":\"Christiano Btf\",\"image\":{\"@type\":\"ImageObject\",\"inLanguage\":\"en-US\",\"@id\":\"\\\/\\\/www.gravatar.com\\\/avatar\\\/ec6515be259d60bfd92b65898c83fa2f?s=96&#038;r=g&#038;d=mm\",\"url\":\"\\\/\\\/www.gravatar.com\\\/avatar\\\/ec6515be259d60bfd92b65898c83fa2f?s=96&#038;r=g&#038;d=mm\",\"contentUrl\":\"\\\/\\\/www.gravatar.com\\\/avatar\\\/ec6515be259d60bfd92b65898c83fa2f?s=96&#038;r=g&#038;d=mm\",\"caption\":\"Christiano Btf\"},\"description\":\"En tant que fervent amateur de connaissances et de d\u00e9couvertes, je m'efforce de vous offrir un contenu informatif et stimulant. Ma qu\u00eate consiste \u00e0 fournir des informations de qualit\u00e9, \u00e0 d\u00e9crypter l'actualit\u00e9 et \u00e0 partager des analyses perspicaces. Pour moi, comprendre et analyser les donn\u00e9es est bien plus qu'une passion, c'est un engagement envers l'enrichissement intellectuel. Rejoignez-moi dans cette aventure intellectuelle o\u00f9 la curiosit\u00e9, la r\u00e9flexion et la soif de connaissances se conjuguent pour offrir un regard approfondi sur le monde qui nous entoure.\",\"sameAs\":[\"https:\\\/\\\/www.christianobtf.com\",\"https:\\\/\\\/www.facebook.com\\\/christianobtf\",\"https:\\\/\\\/www.instagram.com\\\/christiano_btf\",\"https:\\\/\\\/x.com\\\/https:\\\/\\\/www.twitter.com\\\/christianobtf\",\"https:\\\/\\\/www.youtube.com\\\/@christianobtf\"],\"honorificSuffix\":\"Master\",\"award\":[\"Po\u00e9sie\",\"Litt\u00e9rature\"],\"knowsAbout\":[\"Actualit\u00e9\",\"Po\u00e9sie\",\"Business\"],\"knowsLanguage\":[\"Fran\u00e7ais\",\"Anglais\",\"Arabe\"],\"jobTitle\":\"Ing\u00e9nieur\",\"url\":\"https:\\\/\\\/www.christianobtf.com\\\/en\\\/author\\\/christianobtf\\\/\"}]}<\/script>\n<!-- \/ Yoast SEO Premium plugin. -->","yoast_head_json":{"title":"Assembly Drama: Immigration Law Rejected, G\u00e9rald Darmanin Faces a Delicate Choice | Christiano Btf","description":"The unexpected rejection of the immigration law at the French National Assembly has placed Interior Minister G\u00e9rald Darmanin in a delicate position. This article explores the government's post-rejection options, political reactions, and future prospects, shedding light on the challenges the country faces regarding immigration.","robots":{"index":"index","follow":"follow","max-snippet":"max-snippet:-1","max-image-preview":"max-image-preview:large","max-video-preview":"max-video-preview:-1"},"canonical":"https:\/\/www.christianobtf.com\/ar\/?p=14507","og_locale":"en_US","og_type":"article","og_title":"Assembly Drama: Immigration Law Rejected, G\u00e9rald Darmanin Faces a Delicate Choice","og_description":"The unexpected rejection of the immigration law at the French National Assembly has placed Interior Minister G\u00e9rald Darmanin in a delicate position. This article explores the government's post-rejection options, political reactions, and future prospects, shedding light on the challenges the country faces regarding immigration.","og_url":"https:\/\/www.christianobtf.com\/ar\/?p=14507","og_site_name":"Christiano Btf","article_publisher":"https:\/\/www.facebook.com\/christianobtf","article_author":"https:\/\/www.facebook.com\/christianobtf","article_published_time":"2023-12-11T23:49:43+00:00","article_modified_time":"2023-12-12T00:01:47+00:00","og_image":[{"width":1024,"height":580,"url":"https:\/\/www.christianobtf.com\/wp-content\/uploads\/2023\/12\/1200x680_sc_sc_000-347p8ry.jpg","type":"image\/jpeg"}],"author":"Christiano Btf","twitter_card":"summary_large_image","twitter_description":"The unexpected rejection of the immigration law at the French National Assembly has placed Interior Minister G\u00e9rald Darmanin in a delicate position. This article explores the government's post-rejection options, political reactions, and future prospects, shedding light on the challenges the country faces regarding immigration.","twitter_creator":"@https:\/\/www.twitter.com\/christianobtf","twitter_site":"@christianobtf","twitter_misc":{"Written by":"Christiano Btf<span class=\"bp-verified-badge\"><\/span>","Est. reading time":"3 minutes"},"schema":{"@context":"https:\/\/schema.org","@graph":[{"@type":"Article","@id":"https:\/\/www.christianobtf.com\/ar\/?p=14507#article","isPartOf":{"@id":"https:\/\/www.christianobtf.com\/ar\/?p=14507"},"author":{"name":"Christiano Btf","@id":"https:\/\/www.christianobtf.com\/#\/schema\/person\/d4f35eeee402432e37887b4633f17b95"},"headline":"Assembly Drama: Immigration Law Rejected, G\u00e9rald Darmanin Faces a Delicate Choice","datePublished":"2023-12-11T23:49:43+00:00","dateModified":"2023-12-12T00:01:47+00:00","mainEntityOfPage":{"@id":"https:\/\/www.christianobtf.com\/ar\/?p=14507"},"wordCount":399,"commentCount":0,"publisher":{"@id":"https:\/\/www.christianobtf.com\/#organization"},"image":{"@id":"https:\/\/www.christianobtf.com\/ar\/?p=14507#primaryimage"},"thumbnailUrl":"https:\/\/i0.wp.com\/www.christianobtf.com\/wp-content\/uploads\/2023\/12\/1200x680_sc_sc_000-347p8ry.jpg?fit=1024%2C580&ssl=1","keywords":["G\u00e9rald Darmanin","Government Options","Immigration Law","National Assembly","Rejection"],"articleSection":["France"],"inLanguage":"en-US","potentialAction":[{"@type":"CommentAction","name":"Comment","target":["https:\/\/www.christianobtf.com\/ar\/?p=14507#respond"]}]},{"@type":"WebPage","@id":"https:\/\/www.christianobtf.com\/ar\/?p=14507","url":"https:\/\/www.christianobtf.com\/ar\/?p=14507","name":"Assembly Drama: Immigration Law Rejected, G\u00e9rald Darmanin Faces a Delicate Choice | Christiano Btf","isPartOf":{"@id":"https:\/\/www.christianobtf.com\/#website"},"primaryImageOfPage":{"@id":"https:\/\/www.christianobtf.com\/ar\/?p=14507#primaryimage"},"image":{"@id":"https:\/\/www.christianobtf.com\/ar\/?p=14507#primaryimage"},"thumbnailUrl":"https:\/\/i0.wp.com\/www.christianobtf.com\/wp-content\/uploads\/2023\/12\/1200x680_sc_sc_000-347p8ry.jpg?fit=1024%2C580&ssl=1","datePublished":"2023-12-11T23:49:43+00:00","dateModified":"2023-12-12T00:01:47+00:00","description":"The unexpected rejection of the immigration law at the French National Assembly has placed Interior Minister G\u00e9rald Darmanin in a delicate position. This article explores the government's post-rejection options, political reactions, and future prospects, shedding light on the challenges the country faces regarding immigration.","breadcrumb":{"@id":"https:\/\/www.christianobtf.com\/ar\/?p=14507#breadcrumb"},"inLanguage":"en-US","potentialAction":[{"@type":"ReadAction","target":["https:\/\/www.christianobtf.com\/ar\/?p=14507"]}]},{"@type":"ImageObject","inLanguage":"en-US","@id":"https:\/\/www.christianobtf.com\/ar\/?p=14507#primaryimage","url":"https:\/\/i0.wp.com\/www.christianobtf.com\/wp-content\/uploads\/2023\/12\/1200x680_sc_sc_000-347p8ry.jpg?fit=1024%2C580&ssl=1","contentUrl":"https:\/\/i0.wp.com\/www.christianobtf.com\/wp-content\/uploads\/2023\/12\/1200x680_sc_sc_000-347p8ry.jpg?fit=1024%2C580&ssl=1","width":1024,"height":580,"caption":"The adoption of the rejection motion is a snub for Interior Minister G\u00e9rald Darmanin \u00a9 AFP - Ludovic MARIN"},{"@type":"BreadcrumbList","@id":"https:\/\/www.christianobtf.com\/ar\/?p=14507#breadcrumb","itemListElement":[{"@type":"ListItem","position":1,"name":"Accueil","item":"https:\/\/www.christianobtf.com\/en\/"},{"@type":"ListItem","position":2,"name":"Assembly Drama: Immigration Law Rejected, G\u00e9rald Darmanin Faces a Delicate Choice"}]},{"@type":"WebSite","@id":"https:\/\/www.christianobtf.com\/#website","url":"https:\/\/www.christianobtf.com\/","name":"Christiano Btf","description":"Avoir mati\u00e8res \u00e0 penser","publisher":{"@id":"https:\/\/www.christianobtf.com\/#organization"},"alternateName":"Christiano Btf","potentialAction":[{"@type":"SearchAction","target":{"@type":"EntryPoint","urlTemplate":"https:\/\/www.christianobtf.com\/?s={search_term_string}"},"query-input":{"@type":"PropertyValueSpecification","valueRequired":true,"valueName":"search_term_string"}}],"inLanguage":"en-US"},{"@type":"Organization","@id":"https:\/\/www.christianobtf.com\/#organization","name":"Christiano Btf","url":"https:\/\/www.christianobtf.com\/","logo":{"@type":"ImageObject","inLanguage":"en-US","@id":"https:\/\/www.christianobtf.com\/#\/schema\/logo\/image\/","url":"https:\/\/i0.wp.com\/www.christianobtf.com\/wp-content\/uploads\/2023\/06\/cropped-Christiano-btf-icon.png?fit=1919%2C576&ssl=1","contentUrl":"https:\/\/i0.wp.com\/www.christianobtf.com\/wp-content\/uploads\/2023\/06\/cropped-Christiano-btf-icon.png?fit=1919%2C576&ssl=1","width":1919,"height":576,"caption":"Christiano Btf"},"image":{"@id":"https:\/\/www.christianobtf.com\/#\/schema\/logo\/image\/"},"sameAs":["https:\/\/www.facebook.com\/christianobtf","https:\/\/x.com\/christianobtf","https:\/\/tiktok.com\/@christianobtf","https:\/\/www.youtube.com\/@christianobtf","https:\/\/www.instagram.com\/christiano_btf\/"]},{"@type":"Person","@id":"https:\/\/www.christianobtf.com\/#\/schema\/person\/d4f35eeee402432e37887b4633f17b95","name":"Christiano Btf","image":{"@type":"ImageObject","inLanguage":"en-US","@id":"\/\/www.gravatar.com\/avatar\/ec6515be259d60bfd92b65898c83fa2f?s=96&#038;r=g&#038;d=mm","url":"\/\/www.gravatar.com\/avatar\/ec6515be259d60bfd92b65898c83fa2f?s=96&#038;r=g&#038;d=mm","contentUrl":"\/\/www.gravatar.com\/avatar\/ec6515be259d60bfd92b65898c83fa2f?s=96&#038;r=g&#038;d=mm","caption":"Christiano Btf"},"description":"En tant que fervent amateur de connaissances et de d\u00e9couvertes, je m'efforce de vous offrir un contenu informatif et stimulant. Ma qu\u00eate consiste \u00e0 fournir des informations de qualit\u00e9, \u00e0 d\u00e9crypter l'actualit\u00e9 et \u00e0 partager des analyses perspicaces. Pour moi, comprendre et analyser les donn\u00e9es est bien plus qu'une passion, c'est un engagement envers l'enrichissement intellectuel. Rejoignez-moi dans cette aventure intellectuelle o\u00f9 la curiosit\u00e9, la r\u00e9flexion et la soif de connaissances se conjuguent pour offrir un regard approfondi sur le monde qui nous entoure.","sameAs":["https:\/\/www.christianobtf.com","https:\/\/www.facebook.com\/christianobtf","https:\/\/www.instagram.com\/christiano_btf","https:\/\/x.com\/https:\/\/www.twitter.com\/christianobtf","https:\/\/www.youtube.com\/@christianobtf"],"honorificSuffix":"Master","award":["Po\u00e9sie","Litt\u00e9rature"],"knowsAbout":["Actualit\u00e9","Po\u00e9sie","Business"],"knowsLanguage":["Fran\u00e7ais","Anglais","Arabe"],"jobTitle":"Ing\u00e9nieur","url":"https:\/\/www.christianobtf.com\/en\/author\/christianobtf\/"}]}},"jetpack_publicize_connections":[],"jetpack_featured_media_url":"https:\/\/i0.wp.com\/www.christianobtf.com\/wp-content\/uploads\/2023\/12\/1200x680_sc_sc_000-347p8ry.jpg?fit=1024%2C580&ssl=1","jetpack_sharing_enabled":true,"_links":{"self":[{"href":"https:\/\/www.christianobtf.com\/en\/wp-json\/wp\/v2\/posts\/14504","targetHints":{"allow":["GET"]}}],"collection":[{"href":"https:\/\/www.christianobtf.com\/en\/wp-json\/wp\/v2\/posts"}],"about":[{"href":"https:\/\/www.christianobtf.com\/en\/wp-json\/wp\/v2\/types\/post"}],"author":[{"embeddable":true,"href":"https:\/\/www.christianobtf.com\/en\/wp-json\/wp\/v2\/users\/1"}],"replies":[{"embeddable":true,"href":"https:\/\/www.christianobtf.com\/en\/wp-json\/wp\/v2\/comments?post=14504"}],"version-history":[{"count":1,"href":"https:\/\/www.christianobtf.com\/en\/wp-json\/wp\/v2\/posts\/14504\/revisions"}],"predecessor-version":[{"id":14506,"href":"https:\/\/www.christianobtf.com\/en\/wp-json\/wp\/v2\/posts\/14504\/revisions\/14506"}],"wp:featuredmedia":[{"embeddable":true,"href":"https:\/\/www.christianobtf.com\/en\/wp-json\/wp\/v2\/media\/14488"}],"wp:attachment":[{"href":"https:\/\/www.christianobtf.com\/en\/wp-json\/wp\/v2\/media?parent=14504"}],"wp:term":[{"taxonomy":"category","embeddable":true,"href":"https:\/\/www.christianobtf.com\/en\/wp-json\/wp\/v2\/categories?post=14504"},{"taxonomy":"post_tag","embeddable":true,"href":"https:\/\/www.christianobtf.com\/en\/wp-json\/wp\/v2\/tags?post=14504"}],"curies":[{"name":"wp","href":"https:\/\/api.w.org\/{rel}","templated":true}]}}