{"id":17873,"date":"2024-03-30T18:13:24","date_gmt":"2024-03-30T18:13:24","guid":{"rendered":"https:\/\/www.christianobtf.com\/?p=17873"},"modified":"2024-03-30T18:44:40","modified_gmt":"2024-03-30T18:44:40","slug":"die-ausweisung-des-imam-mahjoub-mahjoubi-vom-staatsrat-bestaetigt-ein-schluesselentscheid-im-kampf-gegen-extremismus","status":"publish","type":"post","link":"https:\/\/www.christianobtf.com\/de\/die-ausweisung-des-imam-mahjoub-mahjoubi-vom-staatsrat-bestaetigt-ein-schluesselentscheid-im-kampf-gegen-extremismus\/","title":{"rendered":"Die Ausweisung des Imam Mahjoub Mahjoubi vom Staatsrat best\u00e4tigt: Ein Schl\u00fcsselentscheid im Kampf gegen Extremismus"},"content":{"rendered":"<p>In einem k\u00fcrzlich gef\u00e4llten Urteil hat der <strong>Staatsrat<\/strong> die Ausweisung des tunesischen Imam <strong>Mahjoub Mahjoubi<\/strong> best\u00e4tigt und die Bedeutung dieser Entscheidung im Kampf gegen extremistische \u00c4u\u00dferungen hervorgehoben. Das Urteil, das auf mehreren Meldungen der Pr\u00e4fektur Gard basiert, beleuchtet die Predigten des Imams, die als provokativ und diskriminierend angesehen werden, insbesondere gegen\u00fcber Frauen und Juden.<\/p>\n<div id=\"ez-toc-container\" class=\"ez-toc-v2_0_82_2 counter-hierarchy ez-toc-counter ez-toc-transparent ez-toc-container-direction\">\n<div class=\"ez-toc-title-container\">\n<p class=\"ez-toc-title\" style=\"cursor:inherit\">Table of Contents<\/p>\n<span class=\"ez-toc-title-toggle\"><a href=\"#\" class=\"ez-toc-pull-right ez-toc-btn ez-toc-btn-xs ez-toc-btn-default ez-toc-toggle\" aria-label=\"Toggle Table of Content\"><span class=\"ez-toc-js-icon-con\"><span class=\"\"><span class=\"eztoc-hide\" style=\"display:none;\">Toggle<\/span><span class=\"ez-toc-icon-toggle-span\"><svg style=\"fill: #1e73be;color:#1e73be\" xmlns=\"http:\/\/www.w3.org\/2000\/svg\" class=\"list-377408\" width=\"20px\" height=\"20px\" viewBox=\"0 0 24 24\" fill=\"none\"><path d=\"M6 6H4v2h2V6zm14 0H8v2h12V6zM4 11h2v2H4v-2zm16 0H8v2h12v-2zM4 16h2v2H4v-2zm16 0H8v2h12v-2z\" fill=\"currentColor\"><\/path><\/svg><svg style=\"fill: #1e73be;color:#1e73be\" class=\"arrow-unsorted-368013\" xmlns=\"http:\/\/www.w3.org\/2000\/svg\" width=\"10px\" height=\"10px\" viewBox=\"0 0 24 24\" version=\"1.2\" baseProfile=\"tiny\"><path d=\"M18.2 9.3l-6.2-6.3-6.2 6.3c-.2.2-.3.4-.3.7s.1.5.3.7c.2.2.4.3.7.3h11c.3 0 .5-.1.7-.3.2-.2.3-.5.3-.7s-.1-.5-.3-.7zM5.8 14.7l6.2 6.3 6.2-6.3c.2-.2.3-.5.3-.7s-.1-.5-.3-.7c-.2-.2-.4-.3-.7-.3h-11c-.3 0-.5.1-.7.3-.2.2-.3.5-.3.7s.1.5.3.7z\"\/><\/svg><\/span><\/span><\/span><\/a><\/span><\/div>\n<nav><ul class='ez-toc-list ez-toc-list-level-1 eztoc-toggle-hide-by-default' ><li class='ez-toc-page-1 ez-toc-heading-level-2'><a class=\"ez-toc-link ez-toc-heading-1\" href=\"https:\/\/www.christianobtf.com\/de\/die-ausweisung-des-imam-mahjoub-mahjoubi-vom-staatsrat-bestaetigt-ein-schluesselentscheid-im-kampf-gegen-extremismus\/#Predigten_die_zur_Diskriminierung_anstiften\" >Predigten, die zur Diskriminierung anstiften<\/a><\/li><li class='ez-toc-page-1 ez-toc-heading-level-2'><a class=\"ez-toc-link ez-toc-heading-2\" href=\"https:\/\/www.christianobtf.com\/de\/die-ausweisung-des-imam-mahjoub-mahjoubi-vom-staatsrat-bestaetigt-ein-schluesselentscheid-im-kampf-gegen-extremismus\/#Ein_Gleichgewicht_zwischen_oeffentlicher_Sicherheit_und_Familienleben\" >Ein Gleichgewicht zwischen \u00f6ffentlicher Sicherheit und Familienleben<\/a><\/li><li class='ez-toc-page-1 ez-toc-heading-level-2'><a class=\"ez-toc-link ez-toc-heading-3\" href=\"https:\/\/www.christianobtf.com\/de\/die-ausweisung-des-imam-mahjoub-mahjoubi-vom-staatsrat-bestaetigt-ein-schluesselentscheid-im-kampf-gegen-extremismus\/#Ein_Kampf_der_weitergeht\" >Ein Kampf, der weitergeht<\/a><\/li><li class='ez-toc-page-1 ez-toc-heading-level-2'><a class=\"ez-toc-link ez-toc-heading-4\" href=\"https:\/\/www.christianobtf.com\/de\/die-ausweisung-des-imam-mahjoub-mahjoubi-vom-staatsrat-bestaetigt-ein-schluesselentscheid-im-kampf-gegen-extremismus\/#Eine_Rekapitulation_bemerkenswerter_Ereignisse\" >Eine Rekapitulation bemerkenswerter Ereignisse<\/a><\/li><\/ul><\/nav><\/div>\n<h2><span class=\"ez-toc-section\" id=\"Predigten_die_zur_Diskriminierung_anstiften\"><\/span><strong>Predigten, die zur Diskriminierung anstiften<\/strong><span class=\"ez-toc-section-end\"><\/span><\/h2>\n<p>Die Analyse der Aussagen von Mahjoub Mahjoubi zeigt eine explizite Aufforderung zur Diskriminierung und zum Hass. Seine Reden, die eine gewisse Bekanntheit erlangten, kritisierten offen die Grundlagen der Franz\u00f6sischen Republik und riefen sogar zum Heiligen Krieg auf. Dieses Verhalten f\u00fchrte zu seiner Festnahme und anschlie\u00dfenden Ausweisung nach Tunesien am 22. Februar, eine Ma\u00dfnahme, die der <strong>Innenminister G\u00e9rald Darmanin<\/strong> als <em>\u201ebedeutenden Sieg gegen den radikalen Islam\u201c<\/em> in den sozialen Medien beschrieb.<\/p>\n<h2><span class=\"ez-toc-section\" id=\"Ein_Gleichgewicht_zwischen_oeffentlicher_Sicherheit_und_Familienleben\"><\/span><strong>Ein Gleichgewicht zwischen \u00f6ffentlicher Sicherheit und Familienleben<\/strong><span class=\"ez-toc-section-end\"><\/span><\/h2>\n<p>Die Entscheidung des Staatsrates ging \u00fcber die Bewertung der Worte des Imams hinaus und ber\u00fccksichtigte auch seine famili\u00e4re Situation. Verheiratet mit einer Tunesierin, die in Frankreich lebt, mit der er sechs Kinder hat, hat Mahjoubi Bindungen an Tunesien, was nach Ansicht des Rates seine Ausweisung nicht als unverh\u00e4ltnism\u00e4\u00dfig oder unfair im Hinblick auf den Respekt vor seinem Familienleben erscheinen l\u00e4sst.<\/p>\n<h2><span class=\"ez-toc-section\" id=\"Ein_Kampf_der_weitergeht\"><\/span><strong>Ein Kampf, der weitergeht<\/strong><span class=\"ez-toc-section-end\"><\/span><\/h2>\n<p>Trotz seiner Ausweisung gibt sich Mahjoub Mahjoubi nicht geschlagen. In einer Erkl\u00e4rung auf BFM TV \u00e4u\u00dferte er seine Entschlossenheit, den rechtlichen Kampf fortzusetzen, und erw\u00e4hnte sogar die M\u00f6glichkeit, vor den <strong>Europ\u00e4ischen Gerichtshof f\u00fcr Menschenrechte<\/strong> zu ziehen. Sein Beharren ist Teil einer breiteren Debatte \u00fcber die Grenzen der Meinungsfreiheit und die Ma\u00dfnahmen der nationalen Sicherheit.<\/p>\n<h2><span class=\"ez-toc-section\" id=\"Eine_Rekapitulation_bemerkenswerter_Ereignisse\"><\/span><strong>Eine Rekapitulation bemerkenswerter Ereignisse<\/strong><span class=\"ez-toc-section-end\"><\/span><\/h2>\n<p>Vor seiner Ausweisung war der Imam bereits wegen eines kontroversen Videos kritisiert worden, in dem er die Trikolore als \u201esatanisch\u201c bezeichnete, ein Kommentar, den er sp\u00e4ter zu kl\u00e4ren versuchte, indem er einen Versprecher geltend machte. Dieser Fall unterstreicht die Komplexit\u00e4t der Bek\u00e4mpfung von Extremismus und Radikalisierung sowie die Spannungen zwischen \u00f6ffentlicher Sicherheit und individuellen Rechten.<\/p>\n<blockquote><p><em><strong><a href=\"https:\/\/www.christianobtf.com\/de\/fall-nisreen-tafesh-einfluss-der-rechtsmedizin-auf-das-3-jaehrige-urteil\/\">Fall Nisreen Tafesh: Einfluss der Rechtsmedizin auf das 3-j\u00e4hrige Urteil<\/a><\/strong><\/em><\/p><\/blockquote>\n<p>Zusammenfassend repr\u00e4sentiert die Ausweisung von Mahjoub Mahjoubi einen exemplarischen Fall der Bem\u00fchungen der franz\u00f6sischen Beh\u00f6rden, Extremismus zu verhindern. Doch hebt er auch die rechtlichen und sozialen Herausforderungen hervor, mit denen die franz\u00f6sische Gesellschaft in ihrem Streben nach einem Gleichgewicht zwischen Meinungsfreiheit, nationaler Sicherheit und dem Respekt vor grundlegenden Rechten konfrontiert ist.<\/p>\n","protected":false},"excerpt":{"rendered":"<p>Der Staatsrat hat die Ausweisung des tunesischen Imam Mahjoub Mahjoubi best\u00e4tigt, nachdem seine Predigten als diskriminierend und aufhetzend bewertet wurden. Diese Entscheidung, die vom Innenminister als wichtiger Fortschritt gegen den radikalen Islam gelobt wurde, ber\u00fccksichtigt sowohl die Rhetorik des Imams als auch seine famili\u00e4re Situation, ohne die Ausweisung als unverh\u00e4ltnism\u00e4\u00dfig zu betrachten. Trotz dieser Ma\u00dfnahme verspricht Mahjoubi, seinen rechtlichen Kampf fortzusetzen, sogar mit der \u00dcberlegung, vor den Europ\u00e4ischen Gerichtshof f\u00fcr Menschenrechte zu ziehen. Dieser Vorfall hebt die Herausforderungen hervor, die Meinungsfreiheit mit der \u00f6ffentlichen Sicherheit in Einklang zu bringen, und zeigt die Komplexit\u00e4ten im anhaltenden Kampf gegen die Radikalisierung.<\/p>\n","protected":false},"author":1,"featured_media":17874,"comment_status":"open","ping_status":"open","sticky":false,"template":"","format":"standard","meta":{"jetpack_post_was_ever_published":false,"_jetpack_newsletter_access":"","_jetpack_dont_email_post_to_subs":false,"_jetpack_newsletter_tier_id":0,"_jetpack_memberships_contains_paywalled_content":false,"_jetpack_memberships_contains_paid_content":false,"footnotes":"","jetpack_publicize_message":"","jetpack_publicize_feature_enabled":true,"jetpack_social_post_already_shared":true,"jetpack_social_options":{"image_generator_settings":{"template":"highway","default_image_id":0,"font":"","enabled":false},"version":2}},"categories":[3471],"tags":[5873,5874,5875,5876,5872],"class_list":["post-17873","post","type-post","status-publish","format-standard","has-post-thumbnail","hentry","category-frankreich","tag-ausweisung","tag-extremismus","tag-meinungsfreiheit","tag-oeffentliche-sicherheit","tag-staatsrat"],"yoast_head":"<!-- This site is optimized with the Yoast SEO Premium plugin v22.6 (Yoast SEO v27.5) - https:\/\/yoast.com\/product\/yoast-seo-premium-wordpress\/ -->\n<title>Die Ausweisung des Imam Mahjoub Mahjoubi vom Staatsrat best\u00e4tigt: Ein Schl\u00fcsselentscheid im Kampf gegen Extremismus | Christiano Btf<\/title>\n<meta name=\"description\" content=\"Der Staatsrat hat die Ausweisung des tunesischen Imam Mahjoub Mahjoubi best\u00e4tigt, nachdem seine Predigten als diskriminierend und aufhetzend bewertet wurden. Diese Entscheidung, die vom Innenminister als wichtiger Fortschritt gegen den radikalen Islam gelobt wurde, ber\u00fccksichtigt sowohl die Rhetorik des Imams als auch seine famili\u00e4re Situation, ohne die Ausweisung als unverh\u00e4ltnism\u00e4\u00dfig zu betrachten. Trotz dieser Ma\u00dfnahme verspricht Mahjoubi, seinen rechtlichen Kampf fortzusetzen, sogar mit der \u00dcberlegung, vor den Europ\u00e4ischen Gerichtshof f\u00fcr Menschenrechte zu ziehen. Dieser Vorfall hebt die Herausforderungen hervor, die Meinungsfreiheit mit der \u00f6ffentlichen Sicherheit in Einklang zu bringen, und zeigt die Komplexit\u00e4ten im anhaltenden Kampf gegen die Radikalisierung.\" \/>\n<meta name=\"robots\" content=\"index, follow, max-snippet:-1, max-image-preview:large, max-video-preview:-1\" \/>\n<link rel=\"canonical\" href=\"https:\/\/www.christianobtf.com\/ru\/?p=17884\" \/>\n<meta property=\"og:locale\" content=\"de_DE\" \/>\n<meta property=\"og:type\" content=\"article\" \/>\n<meta property=\"og:title\" content=\"Die Ausweisung des Imam Mahjoub Mahjoubi vom Staatsrat best\u00e4tigt: Ein Schl\u00fcsselentscheid im Kampf gegen Extremismus\" \/>\n<meta property=\"og:description\" content=\"Der Staatsrat hat die Ausweisung des tunesischen Imam Mahjoub Mahjoubi best\u00e4tigt, nachdem seine Predigten als diskriminierend und aufhetzend bewertet wurden. Diese Entscheidung, die vom Innenminister als wichtiger Fortschritt gegen den radikalen Islam gelobt wurde, ber\u00fccksichtigt sowohl die Rhetorik des Imams als auch seine famili\u00e4re Situation, ohne die Ausweisung als unverh\u00e4ltnism\u00e4\u00dfig zu betrachten. Trotz dieser Ma\u00dfnahme verspricht Mahjoubi, seinen rechtlichen Kampf fortzusetzen, sogar mit der \u00dcberlegung, vor den Europ\u00e4ischen Gerichtshof f\u00fcr Menschenrechte zu ziehen. Dieser Vorfall hebt die Herausforderungen hervor, die Meinungsfreiheit mit der \u00f6ffentlichen Sicherheit in Einklang zu bringen, und zeigt die Komplexit\u00e4ten im anhaltenden Kampf gegen die Radikalisierung.\" \/>\n<meta property=\"og:url\" content=\"https:\/\/www.christianobtf.com\/ru\/?p=17884\" \/>\n<meta property=\"og:site_name\" content=\"Christiano Btf\" \/>\n<meta property=\"article:publisher\" content=\"https:\/\/www.facebook.com\/christianobtf\" \/>\n<meta property=\"article:author\" content=\"https:\/\/www.facebook.com\/christianobtf\" \/>\n<meta property=\"article:published_time\" content=\"2024-03-30T18:13:24+00:00\" \/>\n<meta property=\"article:modified_time\" content=\"2024-03-30T18:44:40+00:00\" \/>\n<meta property=\"og:image\" content=\"https:\/\/www.christianobtf.com\/wp-content\/uploads\/2024\/03\/L-imam-Mahjoub-Mahjoubi-lors-d-un-entretien-chez-lui-a-Soliman-en-Tunisie-le-23-fevrier-2024-au-lendemain-de-son-expulsion-de-France-1812143.jpg\" \/>\n\t<meta property=\"og:image:width\" content=\"768\" \/>\n\t<meta property=\"og:image:height\" content=\"432\" \/>\n\t<meta property=\"og:image:type\" content=\"image\/jpeg\" \/>\n<meta name=\"author\" content=\"Christiano Btf\" \/>\n<meta name=\"twitter:card\" content=\"summary_large_image\" \/>\n<meta name=\"twitter:description\" content=\"Der Staatsrat hat die Ausweisung des tunesischen Imam Mahjoub Mahjoubi best\u00e4tigt, nachdem seine Predigten als diskriminierend und aufhetzend bewertet wurden. Diese Entscheidung, die vom Innenminister als wichtiger Fortschritt gegen den radikalen Islam gelobt wurde, ber\u00fccksichtigt sowohl die Rhetorik des Imams als auch seine famili\u00e4re Situation, ohne die Ausweisung als unverh\u00e4ltnism\u00e4\u00dfig zu betrachten. Trotz dieser Ma\u00dfnahme verspricht Mahjoubi, seinen rechtlichen Kampf fortzusetzen, sogar mit der \u00dcberlegung, vor den Europ\u00e4ischen Gerichtshof f\u00fcr Menschenrechte zu ziehen. Dieser Vorfall hebt die Herausforderungen hervor, die Meinungsfreiheit mit der \u00f6ffentlichen Sicherheit in Einklang zu bringen, und zeigt die Komplexit\u00e4ten im anhaltenden Kampf gegen die Radikalisierung.\" \/>\n<meta name=\"twitter:creator\" content=\"@https:\/\/www.twitter.com\/christianobtf\" \/>\n<meta name=\"twitter:site\" content=\"@christianobtf\" \/>\n<meta name=\"twitter:label1\" content=\"Verfasst von\" \/>\n\t<meta name=\"twitter:data1\" content=\"Christiano Btf&lt;span class=&quot;bp-verified-badge&quot;&gt;&lt;\/span&gt;\" \/>\n\t<meta name=\"twitter:label2\" content=\"Gesch\u00e4tzte Lesezeit\" \/>\n\t<meta name=\"twitter:data2\" content=\"3\u00a0Minuten\" \/>\n<script type=\"application\/ld+json\" class=\"yoast-schema-graph\">{\"@context\":\"https:\\\/\\\/schema.org\",\"@graph\":[{\"@type\":\"Article\",\"@id\":\"https:\\\/\\\/www.christianobtf.com\\\/ru\\\/?p=17884#article\",\"isPartOf\":{\"@id\":\"https:\\\/\\\/www.christianobtf.com\\\/ru\\\/?p=17884\"},\"author\":{\"name\":\"Christiano Btf\",\"@id\":\"https:\\\/\\\/www.christianobtf.com\\\/#\\\/schema\\\/person\\\/d4f35eeee402432e37887b4633f17b95\"},\"headline\":\"Die Ausweisung des Imam Mahjoub Mahjoubi vom Staatsrat best\u00e4tigt: Ein Schl\u00fcsselentscheid im Kampf gegen Extremismus\",\"datePublished\":\"2024-03-30T18:13:24+00:00\",\"dateModified\":\"2024-03-30T18:44:40+00:00\",\"mainEntityOfPage\":{\"@id\":\"https:\\\/\\\/www.christianobtf.com\\\/ru\\\/?p=17884\"},\"wordCount\":423,\"commentCount\":0,\"publisher\":{\"@id\":\"https:\\\/\\\/www.christianobtf.com\\\/#organization\"},\"image\":{\"@id\":\"https:\\\/\\\/www.christianobtf.com\\\/ru\\\/?p=17884#primaryimage\"},\"thumbnailUrl\":\"https:\\\/\\\/i0.wp.com\\\/www.christianobtf.com\\\/wp-content\\\/uploads\\\/2024\\\/03\\\/L-imam-Mahjoub-Mahjoubi-lors-d-un-entretien-chez-lui-a-Soliman-en-Tunisie-le-23-fevrier-2024-au-lendemain-de-son-expulsion-de-France-1812143.jpg?fit=768%2C432&ssl=1\",\"keywords\":[\"Ausweisung\",\"Extremismus\",\"Meinungsfreiheit\",\"\u00f6ffentliche Sicherheit\",\"Staatsrat\"],\"articleSection\":[\"Frankreich\"],\"inLanguage\":\"de\",\"potentialAction\":[{\"@type\":\"CommentAction\",\"name\":\"Comment\",\"target\":[\"https:\\\/\\\/www.christianobtf.com\\\/ru\\\/?p=17884#respond\"]}]},{\"@type\":\"WebPage\",\"@id\":\"https:\\\/\\\/www.christianobtf.com\\\/ru\\\/?p=17884\",\"url\":\"https:\\\/\\\/www.christianobtf.com\\\/ru\\\/?p=17884\",\"name\":\"Die Ausweisung des Imam Mahjoub Mahjoubi vom Staatsrat best\u00e4tigt: Ein Schl\u00fcsselentscheid im Kampf gegen Extremismus | Christiano Btf\",\"isPartOf\":{\"@id\":\"https:\\\/\\\/www.christianobtf.com\\\/#website\"},\"primaryImageOfPage\":{\"@id\":\"https:\\\/\\\/www.christianobtf.com\\\/ru\\\/?p=17884#primaryimage\"},\"image\":{\"@id\":\"https:\\\/\\\/www.christianobtf.com\\\/ru\\\/?p=17884#primaryimage\"},\"thumbnailUrl\":\"https:\\\/\\\/i0.wp.com\\\/www.christianobtf.com\\\/wp-content\\\/uploads\\\/2024\\\/03\\\/L-imam-Mahjoub-Mahjoubi-lors-d-un-entretien-chez-lui-a-Soliman-en-Tunisie-le-23-fevrier-2024-au-lendemain-de-son-expulsion-de-France-1812143.jpg?fit=768%2C432&ssl=1\",\"datePublished\":\"2024-03-30T18:13:24+00:00\",\"dateModified\":\"2024-03-30T18:44:40+00:00\",\"description\":\"Der Staatsrat hat die Ausweisung des tunesischen Imam Mahjoub Mahjoubi best\u00e4tigt, nachdem seine Predigten als diskriminierend und aufhetzend bewertet wurden. Diese Entscheidung, die vom Innenminister als wichtiger Fortschritt gegen den radikalen Islam gelobt wurde, ber\u00fccksichtigt sowohl die Rhetorik des Imams als auch seine famili\u00e4re Situation, ohne die Ausweisung als unverh\u00e4ltnism\u00e4\u00dfig zu betrachten. Trotz dieser Ma\u00dfnahme verspricht Mahjoubi, seinen rechtlichen Kampf fortzusetzen, sogar mit der \u00dcberlegung, vor den Europ\u00e4ischen Gerichtshof f\u00fcr Menschenrechte zu ziehen. Dieser Vorfall hebt die Herausforderungen hervor, die Meinungsfreiheit mit der \u00f6ffentlichen Sicherheit in Einklang zu bringen, und zeigt die Komplexit\u00e4ten im anhaltenden Kampf gegen die Radikalisierung.\",\"breadcrumb\":{\"@id\":\"https:\\\/\\\/www.christianobtf.com\\\/ru\\\/?p=17884#breadcrumb\"},\"inLanguage\":\"de\",\"potentialAction\":[{\"@type\":\"ReadAction\",\"target\":[\"https:\\\/\\\/www.christianobtf.com\\\/ru\\\/?p=17884\"]}]},{\"@type\":\"ImageObject\",\"inLanguage\":\"de\",\"@id\":\"https:\\\/\\\/www.christianobtf.com\\\/ru\\\/?p=17884#primaryimage\",\"url\":\"https:\\\/\\\/i0.wp.com\\\/www.christianobtf.com\\\/wp-content\\\/uploads\\\/2024\\\/03\\\/L-imam-Mahjoub-Mahjoubi-lors-d-un-entretien-chez-lui-a-Soliman-en-Tunisie-le-23-fevrier-2024-au-lendemain-de-son-expulsion-de-France-1812143.jpg?fit=768%2C432&ssl=1\",\"contentUrl\":\"https:\\\/\\\/i0.wp.com\\\/www.christianobtf.com\\\/wp-content\\\/uploads\\\/2024\\\/03\\\/L-imam-Mahjoub-Mahjoubi-lors-d-un-entretien-chez-lui-a-Soliman-en-Tunisie-le-23-fevrier-2024-au-lendemain-de-son-expulsion-de-France-1812143.jpg?fit=768%2C432&ssl=1\",\"width\":768,\"height\":432},{\"@type\":\"BreadcrumbList\",\"@id\":\"https:\\\/\\\/www.christianobtf.com\\\/ru\\\/?p=17884#breadcrumb\",\"itemListElement\":[{\"@type\":\"ListItem\",\"position\":1,\"name\":\"Accueil\",\"item\":\"https:\\\/\\\/www.christianobtf.com\\\/de\\\/\"},{\"@type\":\"ListItem\",\"position\":2,\"name\":\"Die Ausweisung des Imam Mahjoub Mahjoubi vom Staatsrat best\u00e4tigt: Ein Schl\u00fcsselentscheid im Kampf gegen Extremismus\"}]},{\"@type\":\"WebSite\",\"@id\":\"https:\\\/\\\/www.christianobtf.com\\\/#website\",\"url\":\"https:\\\/\\\/www.christianobtf.com\\\/\",\"name\":\"Christiano Btf\",\"description\":\"Avoir mati\u00e8res \u00e0 penser\",\"publisher\":{\"@id\":\"https:\\\/\\\/www.christianobtf.com\\\/#organization\"},\"alternateName\":\"Christiano Btf\",\"potentialAction\":[{\"@type\":\"SearchAction\",\"target\":{\"@type\":\"EntryPoint\",\"urlTemplate\":\"https:\\\/\\\/www.christianobtf.com\\\/?s={search_term_string}\"},\"query-input\":{\"@type\":\"PropertyValueSpecification\",\"valueRequired\":true,\"valueName\":\"search_term_string\"}}],\"inLanguage\":\"de\"},{\"@type\":\"Organization\",\"@id\":\"https:\\\/\\\/www.christianobtf.com\\\/#organization\",\"name\":\"Christiano Btf\",\"url\":\"https:\\\/\\\/www.christianobtf.com\\\/\",\"logo\":{\"@type\":\"ImageObject\",\"inLanguage\":\"de\",\"@id\":\"https:\\\/\\\/www.christianobtf.com\\\/#\\\/schema\\\/logo\\\/image\\\/\",\"url\":\"https:\\\/\\\/i0.wp.com\\\/www.christianobtf.com\\\/wp-content\\\/uploads\\\/2023\\\/06\\\/cropped-Christiano-btf-icon.png?fit=1919%2C576&ssl=1\",\"contentUrl\":\"https:\\\/\\\/i0.wp.com\\\/www.christianobtf.com\\\/wp-content\\\/uploads\\\/2023\\\/06\\\/cropped-Christiano-btf-icon.png?fit=1919%2C576&ssl=1\",\"width\":1919,\"height\":576,\"caption\":\"Christiano Btf\"},\"image\":{\"@id\":\"https:\\\/\\\/www.christianobtf.com\\\/#\\\/schema\\\/logo\\\/image\\\/\"},\"sameAs\":[\"https:\\\/\\\/www.facebook.com\\\/christianobtf\",\"https:\\\/\\\/x.com\\\/christianobtf\",\"https:\\\/\\\/tiktok.com\\\/@christianobtf\",\"https:\\\/\\\/www.youtube.com\\\/@christianobtf\",\"https:\\\/\\\/www.instagram.com\\\/christiano_btf\\\/\"]},{\"@type\":\"Person\",\"@id\":\"https:\\\/\\\/www.christianobtf.com\\\/#\\\/schema\\\/person\\\/d4f35eeee402432e37887b4633f17b95\",\"name\":\"Christiano Btf\",\"image\":{\"@type\":\"ImageObject\",\"inLanguage\":\"de\",\"@id\":\"\\\/\\\/www.gravatar.com\\\/avatar\\\/ec6515be259d60bfd92b65898c83fa2f?s=96&#038;r=g&#038;d=mm\",\"url\":\"\\\/\\\/www.gravatar.com\\\/avatar\\\/ec6515be259d60bfd92b65898c83fa2f?s=96&#038;r=g&#038;d=mm\",\"contentUrl\":\"\\\/\\\/www.gravatar.com\\\/avatar\\\/ec6515be259d60bfd92b65898c83fa2f?s=96&#038;r=g&#038;d=mm\",\"caption\":\"Christiano Btf\"},\"description\":\"En tant que fervent amateur de connaissances et de d\u00e9couvertes, je m'efforce de vous offrir un contenu informatif et stimulant. Ma qu\u00eate consiste \u00e0 fournir des informations de qualit\u00e9, \u00e0 d\u00e9crypter l'actualit\u00e9 et \u00e0 partager des analyses perspicaces. Pour moi, comprendre et analyser les donn\u00e9es est bien plus qu'une passion, c'est un engagement envers l'enrichissement intellectuel. Rejoignez-moi dans cette aventure intellectuelle o\u00f9 la curiosit\u00e9, la r\u00e9flexion et la soif de connaissances se conjuguent pour offrir un regard approfondi sur le monde qui nous entoure.\",\"sameAs\":[\"https:\\\/\\\/www.christianobtf.com\",\"https:\\\/\\\/www.facebook.com\\\/christianobtf\",\"https:\\\/\\\/www.instagram.com\\\/christiano_btf\",\"https:\\\/\\\/x.com\\\/https:\\\/\\\/www.twitter.com\\\/christianobtf\",\"https:\\\/\\\/www.youtube.com\\\/@christianobtf\"],\"honorificSuffix\":\"Master\",\"award\":[\"Po\u00e9sie\",\"Litt\u00e9rature\"],\"knowsAbout\":[\"Actualit\u00e9\",\"Po\u00e9sie\",\"Business\"],\"knowsLanguage\":[\"Fran\u00e7ais\",\"Anglais\",\"Arabe\"],\"jobTitle\":\"Ing\u00e9nieur\",\"url\":\"https:\\\/\\\/www.christianobtf.com\\\/de\\\/author\\\/christianobtf\\\/\"}]}<\/script>\n<!-- \/ Yoast SEO Premium plugin. -->","yoast_head_json":{"title":"Die Ausweisung des Imam Mahjoub Mahjoubi vom Staatsrat best\u00e4tigt: Ein Schl\u00fcsselentscheid im Kampf gegen Extremismus | Christiano Btf","description":"Der Staatsrat hat die Ausweisung des tunesischen Imam Mahjoub Mahjoubi best\u00e4tigt, nachdem seine Predigten als diskriminierend und aufhetzend bewertet wurden. Diese Entscheidung, die vom Innenminister als wichtiger Fortschritt gegen den radikalen Islam gelobt wurde, ber\u00fccksichtigt sowohl die Rhetorik des Imams als auch seine famili\u00e4re Situation, ohne die Ausweisung als unverh\u00e4ltnism\u00e4\u00dfig zu betrachten. Trotz dieser Ma\u00dfnahme verspricht Mahjoubi, seinen rechtlichen Kampf fortzusetzen, sogar mit der \u00dcberlegung, vor den Europ\u00e4ischen Gerichtshof f\u00fcr Menschenrechte zu ziehen. Dieser Vorfall hebt die Herausforderungen hervor, die Meinungsfreiheit mit der \u00f6ffentlichen Sicherheit in Einklang zu bringen, und zeigt die Komplexit\u00e4ten im anhaltenden Kampf gegen die Radikalisierung.","robots":{"index":"index","follow":"follow","max-snippet":"max-snippet:-1","max-image-preview":"max-image-preview:large","max-video-preview":"max-video-preview:-1"},"canonical":"https:\/\/www.christianobtf.com\/ru\/?p=17884","og_locale":"de_DE","og_type":"article","og_title":"Die Ausweisung des Imam Mahjoub Mahjoubi vom Staatsrat best\u00e4tigt: Ein Schl\u00fcsselentscheid im Kampf gegen Extremismus","og_description":"Der Staatsrat hat die Ausweisung des tunesischen Imam Mahjoub Mahjoubi best\u00e4tigt, nachdem seine Predigten als diskriminierend und aufhetzend bewertet wurden. Diese Entscheidung, die vom Innenminister als wichtiger Fortschritt gegen den radikalen Islam gelobt wurde, ber\u00fccksichtigt sowohl die Rhetorik des Imams als auch seine famili\u00e4re Situation, ohne die Ausweisung als unverh\u00e4ltnism\u00e4\u00dfig zu betrachten. Trotz dieser Ma\u00dfnahme verspricht Mahjoubi, seinen rechtlichen Kampf fortzusetzen, sogar mit der \u00dcberlegung, vor den Europ\u00e4ischen Gerichtshof f\u00fcr Menschenrechte zu ziehen. Dieser Vorfall hebt die Herausforderungen hervor, die Meinungsfreiheit mit der \u00f6ffentlichen Sicherheit in Einklang zu bringen, und zeigt die Komplexit\u00e4ten im anhaltenden Kampf gegen die Radikalisierung.","og_url":"https:\/\/www.christianobtf.com\/ru\/?p=17884","og_site_name":"Christiano Btf","article_publisher":"https:\/\/www.facebook.com\/christianobtf","article_author":"https:\/\/www.facebook.com\/christianobtf","article_published_time":"2024-03-30T18:13:24+00:00","article_modified_time":"2024-03-30T18:44:40+00:00","og_image":[{"width":768,"height":432,"url":"https:\/\/www.christianobtf.com\/wp-content\/uploads\/2024\/03\/L-imam-Mahjoub-Mahjoubi-lors-d-un-entretien-chez-lui-a-Soliman-en-Tunisie-le-23-fevrier-2024-au-lendemain-de-son-expulsion-de-France-1812143.jpg","type":"image\/jpeg"}],"author":"Christiano Btf","twitter_card":"summary_large_image","twitter_description":"Der Staatsrat hat die Ausweisung des tunesischen Imam Mahjoub Mahjoubi best\u00e4tigt, nachdem seine Predigten als diskriminierend und aufhetzend bewertet wurden. Diese Entscheidung, die vom Innenminister als wichtiger Fortschritt gegen den radikalen Islam gelobt wurde, ber\u00fccksichtigt sowohl die Rhetorik des Imams als auch seine famili\u00e4re Situation, ohne die Ausweisung als unverh\u00e4ltnism\u00e4\u00dfig zu betrachten. Trotz dieser Ma\u00dfnahme verspricht Mahjoubi, seinen rechtlichen Kampf fortzusetzen, sogar mit der \u00dcberlegung, vor den Europ\u00e4ischen Gerichtshof f\u00fcr Menschenrechte zu ziehen. Dieser Vorfall hebt die Herausforderungen hervor, die Meinungsfreiheit mit der \u00f6ffentlichen Sicherheit in Einklang zu bringen, und zeigt die Komplexit\u00e4ten im anhaltenden Kampf gegen die Radikalisierung.","twitter_creator":"@https:\/\/www.twitter.com\/christianobtf","twitter_site":"@christianobtf","twitter_misc":{"Verfasst von":"Christiano Btf<span class=\"bp-verified-badge\"><\/span>","Gesch\u00e4tzte Lesezeit":"3\u00a0Minuten"},"schema":{"@context":"https:\/\/schema.org","@graph":[{"@type":"Article","@id":"https:\/\/www.christianobtf.com\/ru\/?p=17884#article","isPartOf":{"@id":"https:\/\/www.christianobtf.com\/ru\/?p=17884"},"author":{"name":"Christiano Btf","@id":"https:\/\/www.christianobtf.com\/#\/schema\/person\/d4f35eeee402432e37887b4633f17b95"},"headline":"Die Ausweisung des Imam Mahjoub Mahjoubi vom Staatsrat best\u00e4tigt: Ein Schl\u00fcsselentscheid im Kampf gegen Extremismus","datePublished":"2024-03-30T18:13:24+00:00","dateModified":"2024-03-30T18:44:40+00:00","mainEntityOfPage":{"@id":"https:\/\/www.christianobtf.com\/ru\/?p=17884"},"wordCount":423,"commentCount":0,"publisher":{"@id":"https:\/\/www.christianobtf.com\/#organization"},"image":{"@id":"https:\/\/www.christianobtf.com\/ru\/?p=17884#primaryimage"},"thumbnailUrl":"https:\/\/i0.wp.com\/www.christianobtf.com\/wp-content\/uploads\/2024\/03\/L-imam-Mahjoub-Mahjoubi-lors-d-un-entretien-chez-lui-a-Soliman-en-Tunisie-le-23-fevrier-2024-au-lendemain-de-son-expulsion-de-France-1812143.jpg?fit=768%2C432&ssl=1","keywords":["Ausweisung","Extremismus","Meinungsfreiheit","\u00f6ffentliche Sicherheit","Staatsrat"],"articleSection":["Frankreich"],"inLanguage":"de","potentialAction":[{"@type":"CommentAction","name":"Comment","target":["https:\/\/www.christianobtf.com\/ru\/?p=17884#respond"]}]},{"@type":"WebPage","@id":"https:\/\/www.christianobtf.com\/ru\/?p=17884","url":"https:\/\/www.christianobtf.com\/ru\/?p=17884","name":"Die Ausweisung des Imam Mahjoub Mahjoubi vom Staatsrat best\u00e4tigt: Ein Schl\u00fcsselentscheid im Kampf gegen Extremismus | Christiano Btf","isPartOf":{"@id":"https:\/\/www.christianobtf.com\/#website"},"primaryImageOfPage":{"@id":"https:\/\/www.christianobtf.com\/ru\/?p=17884#primaryimage"},"image":{"@id":"https:\/\/www.christianobtf.com\/ru\/?p=17884#primaryimage"},"thumbnailUrl":"https:\/\/i0.wp.com\/www.christianobtf.com\/wp-content\/uploads\/2024\/03\/L-imam-Mahjoub-Mahjoubi-lors-d-un-entretien-chez-lui-a-Soliman-en-Tunisie-le-23-fevrier-2024-au-lendemain-de-son-expulsion-de-France-1812143.jpg?fit=768%2C432&ssl=1","datePublished":"2024-03-30T18:13:24+00:00","dateModified":"2024-03-30T18:44:40+00:00","description":"Der Staatsrat hat die Ausweisung des tunesischen Imam Mahjoub Mahjoubi best\u00e4tigt, nachdem seine Predigten als diskriminierend und aufhetzend bewertet wurden. Diese Entscheidung, die vom Innenminister als wichtiger Fortschritt gegen den radikalen Islam gelobt wurde, ber\u00fccksichtigt sowohl die Rhetorik des Imams als auch seine famili\u00e4re Situation, ohne die Ausweisung als unverh\u00e4ltnism\u00e4\u00dfig zu betrachten. Trotz dieser Ma\u00dfnahme verspricht Mahjoubi, seinen rechtlichen Kampf fortzusetzen, sogar mit der \u00dcberlegung, vor den Europ\u00e4ischen Gerichtshof f\u00fcr Menschenrechte zu ziehen. Dieser Vorfall hebt die Herausforderungen hervor, die Meinungsfreiheit mit der \u00f6ffentlichen Sicherheit in Einklang zu bringen, und zeigt die Komplexit\u00e4ten im anhaltenden Kampf gegen die Radikalisierung.","breadcrumb":{"@id":"https:\/\/www.christianobtf.com\/ru\/?p=17884#breadcrumb"},"inLanguage":"de","potentialAction":[{"@type":"ReadAction","target":["https:\/\/www.christianobtf.com\/ru\/?p=17884"]}]},{"@type":"ImageObject","inLanguage":"de","@id":"https:\/\/www.christianobtf.com\/ru\/?p=17884#primaryimage","url":"https:\/\/i0.wp.com\/www.christianobtf.com\/wp-content\/uploads\/2024\/03\/L-imam-Mahjoub-Mahjoubi-lors-d-un-entretien-chez-lui-a-Soliman-en-Tunisie-le-23-fevrier-2024-au-lendemain-de-son-expulsion-de-France-1812143.jpg?fit=768%2C432&ssl=1","contentUrl":"https:\/\/i0.wp.com\/www.christianobtf.com\/wp-content\/uploads\/2024\/03\/L-imam-Mahjoub-Mahjoubi-lors-d-un-entretien-chez-lui-a-Soliman-en-Tunisie-le-23-fevrier-2024-au-lendemain-de-son-expulsion-de-France-1812143.jpg?fit=768%2C432&ssl=1","width":768,"height":432},{"@type":"BreadcrumbList","@id":"https:\/\/www.christianobtf.com\/ru\/?p=17884#breadcrumb","itemListElement":[{"@type":"ListItem","position":1,"name":"Accueil","item":"https:\/\/www.christianobtf.com\/de\/"},{"@type":"ListItem","position":2,"name":"Die Ausweisung des Imam Mahjoub Mahjoubi vom Staatsrat best\u00e4tigt: Ein Schl\u00fcsselentscheid im Kampf gegen Extremismus"}]},{"@type":"WebSite","@id":"https:\/\/www.christianobtf.com\/#website","url":"https:\/\/www.christianobtf.com\/","name":"Christiano Btf","description":"Avoir mati\u00e8res \u00e0 penser","publisher":{"@id":"https:\/\/www.christianobtf.com\/#organization"},"alternateName":"Christiano Btf","potentialAction":[{"@type":"SearchAction","target":{"@type":"EntryPoint","urlTemplate":"https:\/\/www.christianobtf.com\/?s={search_term_string}"},"query-input":{"@type":"PropertyValueSpecification","valueRequired":true,"valueName":"search_term_string"}}],"inLanguage":"de"},{"@type":"Organization","@id":"https:\/\/www.christianobtf.com\/#organization","name":"Christiano Btf","url":"https:\/\/www.christianobtf.com\/","logo":{"@type":"ImageObject","inLanguage":"de","@id":"https:\/\/www.christianobtf.com\/#\/schema\/logo\/image\/","url":"https:\/\/i0.wp.com\/www.christianobtf.com\/wp-content\/uploads\/2023\/06\/cropped-Christiano-btf-icon.png?fit=1919%2C576&ssl=1","contentUrl":"https:\/\/i0.wp.com\/www.christianobtf.com\/wp-content\/uploads\/2023\/06\/cropped-Christiano-btf-icon.png?fit=1919%2C576&ssl=1","width":1919,"height":576,"caption":"Christiano Btf"},"image":{"@id":"https:\/\/www.christianobtf.com\/#\/schema\/logo\/image\/"},"sameAs":["https:\/\/www.facebook.com\/christianobtf","https:\/\/x.com\/christianobtf","https:\/\/tiktok.com\/@christianobtf","https:\/\/www.youtube.com\/@christianobtf","https:\/\/www.instagram.com\/christiano_btf\/"]},{"@type":"Person","@id":"https:\/\/www.christianobtf.com\/#\/schema\/person\/d4f35eeee402432e37887b4633f17b95","name":"Christiano Btf","image":{"@type":"ImageObject","inLanguage":"de","@id":"\/\/www.gravatar.com\/avatar\/ec6515be259d60bfd92b65898c83fa2f?s=96&#038;r=g&#038;d=mm","url":"\/\/www.gravatar.com\/avatar\/ec6515be259d60bfd92b65898c83fa2f?s=96&#038;r=g&#038;d=mm","contentUrl":"\/\/www.gravatar.com\/avatar\/ec6515be259d60bfd92b65898c83fa2f?s=96&#038;r=g&#038;d=mm","caption":"Christiano Btf"},"description":"En tant que fervent amateur de connaissances et de d\u00e9couvertes, je m'efforce de vous offrir un contenu informatif et stimulant. Ma qu\u00eate consiste \u00e0 fournir des informations de qualit\u00e9, \u00e0 d\u00e9crypter l'actualit\u00e9 et \u00e0 partager des analyses perspicaces. Pour moi, comprendre et analyser les donn\u00e9es est bien plus qu'une passion, c'est un engagement envers l'enrichissement intellectuel. Rejoignez-moi dans cette aventure intellectuelle o\u00f9 la curiosit\u00e9, la r\u00e9flexion et la soif de connaissances se conjuguent pour offrir un regard approfondi sur le monde qui nous entoure.","sameAs":["https:\/\/www.christianobtf.com","https:\/\/www.facebook.com\/christianobtf","https:\/\/www.instagram.com\/christiano_btf","https:\/\/x.com\/https:\/\/www.twitter.com\/christianobtf","https:\/\/www.youtube.com\/@christianobtf"],"honorificSuffix":"Master","award":["Po\u00e9sie","Litt\u00e9rature"],"knowsAbout":["Actualit\u00e9","Po\u00e9sie","Business"],"knowsLanguage":["Fran\u00e7ais","Anglais","Arabe"],"jobTitle":"Ing\u00e9nieur","url":"https:\/\/www.christianobtf.com\/de\/author\/christianobtf\/"}]}},"jetpack_publicize_connections":[],"jetpack_featured_media_url":"https:\/\/i0.wp.com\/www.christianobtf.com\/wp-content\/uploads\/2024\/03\/L-imam-Mahjoub-Mahjoubi-lors-d-un-entretien-chez-lui-a-Soliman-en-Tunisie-le-23-fevrier-2024-au-lendemain-de-son-expulsion-de-France-1812143.jpg?fit=768%2C432&ssl=1","jetpack_sharing_enabled":true,"_links":{"self":[{"href":"https:\/\/www.christianobtf.com\/de\/wp-json\/wp\/v2\/posts\/17873","targetHints":{"allow":["GET"]}}],"collection":[{"href":"https:\/\/www.christianobtf.com\/de\/wp-json\/wp\/v2\/posts"}],"about":[{"href":"https:\/\/www.christianobtf.com\/de\/wp-json\/wp\/v2\/types\/post"}],"author":[{"embeddable":true,"href":"https:\/\/www.christianobtf.com\/de\/wp-json\/wp\/v2\/users\/1"}],"replies":[{"embeddable":true,"href":"https:\/\/www.christianobtf.com\/de\/wp-json\/wp\/v2\/comments?post=17873"}],"version-history":[{"count":1,"href":"https:\/\/www.christianobtf.com\/de\/wp-json\/wp\/v2\/posts\/17873\/revisions"}],"predecessor-version":[{"id":17883,"href":"https:\/\/www.christianobtf.com\/de\/wp-json\/wp\/v2\/posts\/17873\/revisions\/17883"}],"wp:featuredmedia":[{"embeddable":true,"href":"https:\/\/www.christianobtf.com\/de\/wp-json\/wp\/v2\/media\/17874"}],"wp:attachment":[{"href":"https:\/\/www.christianobtf.com\/de\/wp-json\/wp\/v2\/media?parent=17873"}],"wp:term":[{"taxonomy":"category","embeddable":true,"href":"https:\/\/www.christianobtf.com\/de\/wp-json\/wp\/v2\/categories?post=17873"},{"taxonomy":"post_tag","embeddable":true,"href":"https:\/\/www.christianobtf.com\/de\/wp-json\/wp\/v2\/tags?post=17873"}],"curies":[{"name":"wp","href":"https:\/\/api.w.org\/{rel}","templated":true}]}}