{"id":13251,"date":"2023-11-07T11:24:57","date_gmt":"2023-11-07T11:24:57","guid":{"rendered":"https:\/\/www.christianobtf.com\/?p=13251"},"modified":"2023-11-08T17:30:22","modified_gmt":"2023-11-08T17:30:22","slug":"paul-biya-in-kamerun-41-jahre-an-der-macht-und-die-ungewissheit-der-politischen-zukunft","status":"publish","type":"post","link":"https:\/\/www.christianobtf.com\/de\/paul-biya-in-kamerun-41-jahre-an-der-macht-und-die-ungewissheit-der-politischen-zukunft\/","title":{"rendered":"Paul Biya in Kamerun: 41 Jahre an der Macht und die Ungewissheit der politischen Zukunft"},"content":{"rendered":"<p><span class=\"tie-dropcap \">P<\/span>aul Biya, der kamerunische Pr\u00e4sident, feiert eine au\u00dfergew\u00f6hnliche 41-j\u00e4hrige Amtszeit. Diese Feierlichkeiten sind sowohl eine Hommage an seine politische Langlebigkeit als auch eine Gelegenheit, \u00fcber die politische Zukunft Kameruns nachzudenken, insbesondere im Hinblick auf die f\u00fcr 2025 geplante Pr\u00e4sidentschaftswahl.<\/p>\n<div id=\"ez-toc-container\" class=\"ez-toc-v2_0_82_2 counter-hierarchy ez-toc-counter ez-toc-transparent ez-toc-container-direction\">\n<div class=\"ez-toc-title-container\">\n<p class=\"ez-toc-title\" style=\"cursor:inherit\">Table of Contents<\/p>\n<span class=\"ez-toc-title-toggle\"><a href=\"#\" class=\"ez-toc-pull-right ez-toc-btn ez-toc-btn-xs ez-toc-btn-default ez-toc-toggle\" aria-label=\"Toggle Table of Content\"><span class=\"ez-toc-js-icon-con\"><span class=\"\"><span class=\"eztoc-hide\" style=\"display:none;\">Toggle<\/span><span class=\"ez-toc-icon-toggle-span\"><svg style=\"fill: #1e73be;color:#1e73be\" xmlns=\"http:\/\/www.w3.org\/2000\/svg\" class=\"list-377408\" width=\"20px\" height=\"20px\" viewBox=\"0 0 24 24\" fill=\"none\"><path d=\"M6 6H4v2h2V6zm14 0H8v2h12V6zM4 11h2v2H4v-2zm16 0H8v2h12v-2zM4 16h2v2H4v-2zm16 0H8v2h12v-2z\" fill=\"currentColor\"><\/path><\/svg><svg style=\"fill: #1e73be;color:#1e73be\" class=\"arrow-unsorted-368013\" xmlns=\"http:\/\/www.w3.org\/2000\/svg\" width=\"10px\" height=\"10px\" viewBox=\"0 0 24 24\" version=\"1.2\" baseProfile=\"tiny\"><path d=\"M18.2 9.3l-6.2-6.3-6.2 6.3c-.2.2-.3.4-.3.7s.1.5.3.7c.2.2.4.3.7.3h11c.3 0 .5-.1.7-.3.2-.2.3-.5.3-.7s-.1-.5-.3-.7zM5.8 14.7l6.2 6.3 6.2-6.3c.2-.2.3-.5.3-.7s-.1-.5-.3-.7c-.2-.2-.4-.3-.7-.3h-11c-.3 0-.5.1-.7.3-.2.2-.3.5-.3.7s.1.5.3.7z\"\/><\/svg><\/span><\/span><\/span><\/a><\/span><\/div>\n<nav><ul class='ez-toc-list ez-toc-list-level-1 eztoc-toggle-hide-by-default' ><li class='ez-toc-page-1 ez-toc-heading-level-2'><a class=\"ez-toc-link ez-toc-heading-1\" href=\"https:\/\/www.christianobtf.com\/de\/paul-biya-in-kamerun-41-jahre-an-der-macht-und-die-ungewissheit-der-politischen-zukunft\/#Ein_Unerschuetterlicher_Praesident\" >Ein Unersch\u00fctterlicher Pr\u00e4sident<\/a><\/li><li class='ez-toc-page-1 ez-toc-heading-level-2'><a class=\"ez-toc-link ez-toc-heading-2\" href=\"https:\/\/www.christianobtf.com\/de\/paul-biya-in-kamerun-41-jahre-an-der-macht-und-die-ungewissheit-der-politischen-zukunft\/#Rufe_nach_einer_achten_Amtszeit\" >Rufe nach einer achten Amtszeit<\/a><\/li><li class='ez-toc-page-1 ez-toc-heading-level-2'><a class=\"ez-toc-link ez-toc-heading-3\" href=\"https:\/\/www.christianobtf.com\/de\/paul-biya-in-kamerun-41-jahre-an-der-macht-und-die-ungewissheit-der-politischen-zukunft\/#Ungewissheiten_hinsichtlich_der_Nachfolge\" >Ungewissheiten hinsichtlich der Nachfolge<\/a><\/li><li class='ez-toc-page-1 ez-toc-heading-level-2'><a class=\"ez-toc-link ez-toc-heading-4\" href=\"https:\/\/www.christianobtf.com\/de\/paul-biya-in-kamerun-41-jahre-an-der-macht-und-die-ungewissheit-der-politischen-zukunft\/#Eine_zurueckgezogene_Praesidentschaft\" >Eine zur\u00fcckgezogene Pr\u00e4sidentschaft<\/a><\/li><li class='ez-toc-page-1 ez-toc-heading-level-2'><a class=\"ez-toc-link ez-toc-heading-5\" href=\"https:\/\/www.christianobtf.com\/de\/paul-biya-in-kamerun-41-jahre-an-der-macht-und-die-ungewissheit-der-politischen-zukunft\/#Der_Ruf_nach_Veraenderung\" >Der Ruf nach Ver\u00e4nderung<\/a><\/li><\/ul><\/nav><\/div>\n<h2><span class=\"ez-toc-section\" id=\"Ein_Unerschuetterlicher_Praesident\"><\/span>Ein Unersch\u00fctterlicher Pr\u00e4sident<span class=\"ez-toc-section-end\"><\/span><\/h2>\n<p>Im Jahr 1982 \u00fcbernahm Paul Biya die Pr\u00e4sidentschaft von Kamerun und trat die Nachfolge von Ahmadou Ahidjo an. Seitdem hat er sechs aufeinanderfolgende Pr\u00e4sidentschaftswahlen gewonnen und befindet sich derzeit in seiner siebten aufeinanderfolgenden Amtszeit. Seine Amtsdauer ist bemerkenswert, da fast 75 % der kamerunischen Bev\u00f6lkerung nie einen anderen F\u00fchrer erlebt hat. Diese Langlebigkeit wird von seinen Anh\u00e4ngern im ganzen Land leidenschaftlich gefeiert.<\/p>\n<h2><span class=\"ez-toc-section\" id=\"Rufe_nach_einer_achten_Amtszeit\"><\/span>Rufe nach einer achten Amtszeit<span class=\"ez-toc-section-end\"><\/span><\/h2>\n<p>Mit den Pr\u00e4sidentschaftswahlen im Jahr 2025 am Horizont h\u00e4ufen sich die Rufe nach Paul Biyas Kandidatur f\u00fcr eine achte Amtszeit. Mitglieder seiner Partei, des Demokratischen Zusammenschlusses des kamerunischen Volkes (RDPC), sprechen sich offen f\u00fcr diese M\u00f6glichkeit aus. Sie sind der Ansicht, dass Paul Biya nach wie vor die beste Option ist, um die Stabilit\u00e4t und Sicherheit des Landes zu gew\u00e4hrleisten.<\/p>\n<p>Dennoch \u00e4u\u00dfern einige Kritiker Bedenken und weisen darauf hin, dass Paul Biya im Jahr 2025 92 Jahre alt wird, was Fragen zur Machbarkeit dieses Vorschlags aufwirft. Interne Spaltungen innerhalb der RDPC und das Fehlen von Erneuerungen in der Partei tragen zur Unsicherheit bei.<\/p>\n<h2><span class=\"ez-toc-section\" id=\"Ungewissheiten_hinsichtlich_der_Nachfolge\"><\/span>Ungewissheiten hinsichtlich der Nachfolge<span class=\"ez-toc-section-end\"><\/span><\/h2>\n<p>Die Frage der Nachfolge von Paul Biya bleibt Gegenstand von Debatten, da der Pr\u00e4sident seine Absichten f\u00fcr 2025 noch nicht bekannt gegeben hat. Verschiedene Fraktionen innerhalb der RDPC bereiten sich im Hintergrund auf einen m\u00f6glichen Machtwechsel vor. Einige enge Vertraute des Pr\u00e4sidenten, wie der Finanzminister Louis-Paul Motaze, k\u00f6nnten seinen \u00e4ltesten Sohn, Franck Biya, unterst\u00fctzen, obwohl dieser keine offizielle Funktion innehat.<\/p>\n<p>Die Strategie von Paul Biya bleibt jedoch ein Geheimnis, da er noch keinen Nachfolger benannt hat. Die Kameruner erwarten gespannt zuk\u00fcnftige Entwicklungen.<\/p>\n<h2><span class=\"ez-toc-section\" id=\"Eine_zurueckgezogene_Praesidentschaft\"><\/span>Eine zur\u00fcckgezogene Pr\u00e4sidentschaft<span class=\"ez-toc-section-end\"><\/span><\/h2>\n<p>In den letzten Jahren hat sich Paul Biya allm\u00e4hlich aus der \u00f6ffentlichen Arena zur\u00fcckgezogen. Sein letzter Auftritt war im Mai 2023 anl\u00e4sslich des Unabh\u00e4ngigkeitstags. Seine Rolle konzentriert sich nun st\u00e4rker darauf, im Hintergrund zu regieren, w\u00e4hrend der Generalsekret\u00e4r des Pr\u00e4sidiums, Ferdinand Ngoh Ngoh, die laufenden Angelegenheiten verwaltet. Der Pr\u00e4sident hat seit 2019 keinen Ministerrat mehr geleitet.<\/p>\n<h2><span class=\"ez-toc-section\" id=\"Der_Ruf_nach_Veraenderung\"><\/span>Der Ruf nach Ver\u00e4nderung<span class=\"ez-toc-section-end\"><\/span><\/h2>\n<p>Trotz 41 Jahren Herrschaft von Paul Biya streben viele Generationen von Kamerunern eine politische Erneuerung an. Fragen zur Nachfolge, das Alter des aktuellen Pr\u00e4sidenten und die Spaltungen innerhalb der RDPC werfen Bedenken hinsichtlich der Zukunft Kameruns auf.<\/p>\n<figure id=\"attachment_13254\" aria-describedby=\"caption-attachment-13254\" style=\"width: 1200px\" class=\"wp-caption aligncenter\"><img data-recalc-dims=\"1\" loading=\"lazy\" decoding=\"async\" class=\"size-full wp-image-13254\" src=\"https:\/\/i0.wp.com\/www.christianobtf.com\/wp-content\/uploads\/2023\/11\/64682229_1004.webp?resize=1200%2C525&#038;ssl=1\" alt=\"\" width=\"1200\" height=\"525\" srcset=\"https:\/\/i0.wp.com\/www.christianobtf.com\/wp-content\/uploads\/2023\/11\/64682229_1004.webp?w=1200&amp;ssl=1 1200w, https:\/\/i0.wp.com\/www.christianobtf.com\/wp-content\/uploads\/2023\/11\/64682229_1004.webp?resize=300%2C131&amp;ssl=1 300w, https:\/\/i0.wp.com\/www.christianobtf.com\/wp-content\/uploads\/2023\/11\/64682229_1004.webp?resize=1024%2C448&amp;ssl=1 1024w, https:\/\/i0.wp.com\/www.christianobtf.com\/wp-content\/uploads\/2023\/11\/64682229_1004.webp?resize=768%2C336&amp;ssl=1 768w, https:\/\/i0.wp.com\/www.christianobtf.com\/wp-content\/uploads\/2023\/11\/64682229_1004.webp?resize=150%2C66&amp;ssl=1 150w\" sizes=\"auto, (max-width: 1000px) 100vw, 1000px\" \/><figcaption id=\"caption-attachment-13254\" class=\"wp-caption-text\">Paul Biya wurde 2018 f\u00fcr sieben Jahre wiedergew\u00e4hlt. Bild: Jemal Countess\/UPI\/newscom\/picture alliance<\/figcaption><\/figure>\n<p>Das 41. Jubil\u00e4um von Paul Biyas Amtszeit bietet die Gelegenheit, \u00fcber sein politisches Erbe und die Unsicherheiten im Zusammenhang mit der bevorstehenden Pr\u00e4sidentschaftswahl nachzudenken. Kameruner verfolgen aufmerksam die kommenden politischen Entwicklungen und fragen sich, ob bedeutende Ver\u00e4nderungen f\u00fcr ihr Land bevorstehen.<\/p>\n<p>&nbsp;<\/p>\n","protected":false},"excerpt":{"rendered":"<p>Kamerun feiert das 41. Jubil\u00e4um der Amtszeit seines Pr\u00e4sidenten, Paul Biya. W\u00e4hrend das Land dieses Jubil\u00e4um begeht, richten sich die Diskussionen auf die Pr\u00e4sidentschaftswahl von 2025 und die Frage der Nachfolge von Biya, der 90 Jahre alt ist. Die Unterst\u00fctzer des Pr\u00e4sidenten rufen zur Wiederwahl auf, w\u00e4hrend einige Kritiker seine F\u00e4higkeit zur F\u00fchrung des Landes in Frage stellen. Der Artikel beleuchtet die Herausforderungen dieses zuk\u00fcnftigen \u00dcbergangs und potenzielle Kandidaten zur Nachfolge von Biya.<\/p>\n","protected":false},"author":1,"featured_media":13253,"comment_status":"open","ping_status":"open","sticky":false,"template":"","format":"standard","meta":{"jetpack_post_was_ever_published":false,"_jetpack_newsletter_access":"","_jetpack_dont_email_post_to_subs":false,"_jetpack_newsletter_tier_id":0,"_jetpack_memberships_contains_paywalled_content":false,"_jetpack_memberships_contains_paid_content":false,"footnotes":"","jetpack_publicize_message":"","jetpack_publicize_feature_enabled":true,"jetpack_social_post_already_shared":false,"jetpack_social_options":{"image_generator_settings":{"template":"highway","default_image_id":0,"font":"","enabled":false},"version":2}},"categories":[3305],"tags":[3308,3311,3315,3310,3313,3309,3312,3314],"class_list":["post-13251","post","type-post","status-publish","format-standard","has-post-thumbnail","hentry","category-camerun","tag-kamerun","tag-nachfolge","tag-paul-biya-de","tag-politische-langlebigkeit","tag-praesident-von-kamerun","tag-praesidentschaftswahl","tag-russland-afrika-gipfel-paul-biya","tag-ueberrascht-mit-seiner-anwesenheit-in-st-petersburg"],"yoast_head":"<!-- This site is optimized with the Yoast SEO Premium plugin v22.6 (Yoast SEO v27.5) - https:\/\/yoast.com\/product\/yoast-seo-premium-wordpress\/ -->\n<title>Paul Biya in Kamerun: 41 Jahre an der Macht und die Ungewissheit der politischen Zukunft | Christiano Btf<\/title>\n<meta name=\"description\" content=\"Kamerun feiert das 41. Jubil\u00e4um der Amtszeit seines Pr\u00e4sidenten, Paul Biya. W\u00e4hrend das Land dieses Jubil\u00e4um begeht, richten sich die Diskussionen auf die Pr\u00e4sidentschaftswahl von 2025 und die Frage der Nachfolge von Biya, der 90 Jahre alt ist. Die Unterst\u00fctzer des Pr\u00e4sidenten rufen zur Wiederwahl auf, w\u00e4hrend einige Kritiker seine F\u00e4higkeit zur F\u00fchrung des Landes in Frage stellen. Der Artikel beleuchtet die Herausforderungen dieses zuk\u00fcnftigen \u00dcbergangs und potenzielle Kandidaten zur Nachfolge von Biya.\" \/>\n<meta name=\"robots\" content=\"index, follow, max-snippet:-1, max-image-preview:large, max-video-preview:-1\" \/>\n<link rel=\"canonical\" href=\"https:\/\/www.christianobtf.com\/de\/paul-biya-in-kamerun-41-jahre-an-der-macht-und-die-ungewissheit-der-politischen-zukunft\/\" \/>\n<meta property=\"og:locale\" content=\"de_DE\" \/>\n<meta property=\"og:type\" content=\"article\" \/>\n<meta property=\"og:title\" content=\"Paul Biya in Kamerun: 41 Jahre an der Macht und die Ungewissheit der politischen Zukunft\" \/>\n<meta property=\"og:description\" content=\"Kamerun feiert das 41. Jubil\u00e4um der Amtszeit seines Pr\u00e4sidenten, Paul Biya. W\u00e4hrend das Land dieses Jubil\u00e4um begeht, richten sich die Diskussionen auf die Pr\u00e4sidentschaftswahl von 2025 und die Frage der Nachfolge von Biya, der 90 Jahre alt ist. Die Unterst\u00fctzer des Pr\u00e4sidenten rufen zur Wiederwahl auf, w\u00e4hrend einige Kritiker seine F\u00e4higkeit zur F\u00fchrung des Landes in Frage stellen. Der Artikel beleuchtet die Herausforderungen dieses zuk\u00fcnftigen \u00dcbergangs und potenzielle Kandidaten zur Nachfolge von Biya.\" \/>\n<meta property=\"og:url\" content=\"https:\/\/www.christianobtf.com\/de\/paul-biya-in-kamerun-41-jahre-an-der-macht-und-die-ungewissheit-der-politischen-zukunft\/\" \/>\n<meta property=\"og:site_name\" content=\"Christiano Btf\" \/>\n<meta property=\"article:publisher\" content=\"https:\/\/www.facebook.com\/christianobtf\" \/>\n<meta property=\"article:author\" content=\"https:\/\/www.facebook.com\/christianobtf\" \/>\n<meta property=\"article:published_time\" content=\"2023-11-07T11:24:57+00:00\" \/>\n<meta property=\"article:modified_time\" content=\"2023-11-08T17:30:22+00:00\" \/>\n<meta property=\"og:image\" content=\"https:\/\/www.christianobtf.com\/wp-content\/uploads\/2023\/11\/0579706_1699349517063-063-1448805572.jpg\" \/>\n\t<meta property=\"og:image:width\" content=\"700\" \/>\n\t<meta property=\"og:image:height\" content=\"467\" \/>\n\t<meta property=\"og:image:type\" content=\"image\/jpeg\" \/>\n<meta name=\"author\" content=\"Christiano Btf\" \/>\n<meta name=\"twitter:card\" content=\"summary_large_image\" \/>\n<meta name=\"twitter:description\" content=\"Kamerun feiert das 41. Jubil\u00e4um der Amtszeit seines Pr\u00e4sidenten, Paul Biya. W\u00e4hrend das Land dieses Jubil\u00e4um begeht, richten sich die Diskussionen auf die Pr\u00e4sidentschaftswahl von 2025 und die Frage der Nachfolge von Biya, der 90 Jahre alt ist. Die Unterst\u00fctzer des Pr\u00e4sidenten rufen zur Wiederwahl auf, w\u00e4hrend einige Kritiker seine F\u00e4higkeit zur F\u00fchrung des Landes in Frage stellen. Der Artikel beleuchtet die Herausforderungen dieses zuk\u00fcnftigen \u00dcbergangs und potenzielle Kandidaten zur Nachfolge von Biya.\" \/>\n<meta name=\"twitter:creator\" content=\"@https:\/\/www.twitter.com\/christianobtf\" \/>\n<meta name=\"twitter:site\" content=\"@christianobtf\" \/>\n<meta name=\"twitter:label1\" content=\"Verfasst von\" \/>\n\t<meta name=\"twitter:data1\" content=\"Christiano Btf&lt;span class=&quot;bp-verified-badge&quot;&gt;&lt;\/span&gt;\" \/>\n\t<meta name=\"twitter:label2\" content=\"Gesch\u00e4tzte Lesezeit\" \/>\n\t<meta name=\"twitter:data2\" content=\"3\u00a0Minuten\" \/>\n<script type=\"application\/ld+json\" class=\"yoast-schema-graph\">{\"@context\":\"https:\\\/\\\/schema.org\",\"@graph\":[{\"@type\":\"Article\",\"@id\":\"https:\\\/\\\/www.christianobtf.com\\\/de\\\/paul-biya-in-kamerun-41-jahre-an-der-macht-und-die-ungewissheit-der-politischen-zukunft\\\/#article\",\"isPartOf\":{\"@id\":\"https:\\\/\\\/www.christianobtf.com\\\/de\\\/paul-biya-in-kamerun-41-jahre-an-der-macht-und-die-ungewissheit-der-politischen-zukunft\\\/\"},\"author\":{\"name\":\"Christiano Btf\",\"@id\":\"https:\\\/\\\/www.christianobtf.com\\\/#\\\/schema\\\/person\\\/d4f35eeee402432e37887b4633f17b95\"},\"headline\":\"Paul Biya in Kamerun: 41 Jahre an der Macht und die Ungewissheit der politischen Zukunft\",\"datePublished\":\"2023-11-07T11:24:57+00:00\",\"dateModified\":\"2023-11-08T17:30:22+00:00\",\"mainEntityOfPage\":{\"@id\":\"https:\\\/\\\/www.christianobtf.com\\\/de\\\/paul-biya-in-kamerun-41-jahre-an-der-macht-und-die-ungewissheit-der-politischen-zukunft\\\/\"},\"wordCount\":513,\"commentCount\":0,\"publisher\":{\"@id\":\"https:\\\/\\\/www.christianobtf.com\\\/#organization\"},\"image\":{\"@id\":\"https:\\\/\\\/www.christianobtf.com\\\/de\\\/paul-biya-in-kamerun-41-jahre-an-der-macht-und-die-ungewissheit-der-politischen-zukunft\\\/#primaryimage\"},\"thumbnailUrl\":\"https:\\\/\\\/i0.wp.com\\\/www.christianobtf.com\\\/wp-content\\\/uploads\\\/2023\\\/11\\\/0579706_1699349517063-063-1448805572.jpg?fit=700%2C467&ssl=1\",\"keywords\":[\"Kamerun\",\"Nachfolge\",\"Paul Biya\",\"politische Langlebigkeit\",\"Pr\u00e4sident von Kamerun\",\"Pr\u00e4sidentschaftswahl\",\"Russland-Afrika-Gipfel: Paul Biya\",\"\u00fcberrascht mit seiner Anwesenheit in St. Petersburg\"],\"articleSection\":[\"Kamerun\"],\"inLanguage\":\"de\",\"potentialAction\":[{\"@type\":\"CommentAction\",\"name\":\"Comment\",\"target\":[\"https:\\\/\\\/www.christianobtf.com\\\/de\\\/paul-biya-in-kamerun-41-jahre-an-der-macht-und-die-ungewissheit-der-politischen-zukunft\\\/#respond\"]}]},{\"@type\":\"WebPage\",\"@id\":\"https:\\\/\\\/www.christianobtf.com\\\/de\\\/paul-biya-in-kamerun-41-jahre-an-der-macht-und-die-ungewissheit-der-politischen-zukunft\\\/\",\"url\":\"https:\\\/\\\/www.christianobtf.com\\\/de\\\/paul-biya-in-kamerun-41-jahre-an-der-macht-und-die-ungewissheit-der-politischen-zukunft\\\/\",\"name\":\"Paul Biya in Kamerun: 41 Jahre an der Macht und die Ungewissheit der politischen Zukunft | Christiano Btf\",\"isPartOf\":{\"@id\":\"https:\\\/\\\/www.christianobtf.com\\\/#website\"},\"primaryImageOfPage\":{\"@id\":\"https:\\\/\\\/www.christianobtf.com\\\/de\\\/paul-biya-in-kamerun-41-jahre-an-der-macht-und-die-ungewissheit-der-politischen-zukunft\\\/#primaryimage\"},\"image\":{\"@id\":\"https:\\\/\\\/www.christianobtf.com\\\/de\\\/paul-biya-in-kamerun-41-jahre-an-der-macht-und-die-ungewissheit-der-politischen-zukunft\\\/#primaryimage\"},\"thumbnailUrl\":\"https:\\\/\\\/i0.wp.com\\\/www.christianobtf.com\\\/wp-content\\\/uploads\\\/2023\\\/11\\\/0579706_1699349517063-063-1448805572.jpg?fit=700%2C467&ssl=1\",\"datePublished\":\"2023-11-07T11:24:57+00:00\",\"dateModified\":\"2023-11-08T17:30:22+00:00\",\"description\":\"Kamerun feiert das 41. Jubil\u00e4um der Amtszeit seines Pr\u00e4sidenten, Paul Biya. W\u00e4hrend das Land dieses Jubil\u00e4um begeht, richten sich die Diskussionen auf die Pr\u00e4sidentschaftswahl von 2025 und die Frage der Nachfolge von Biya, der 90 Jahre alt ist. Die Unterst\u00fctzer des Pr\u00e4sidenten rufen zur Wiederwahl auf, w\u00e4hrend einige Kritiker seine F\u00e4higkeit zur F\u00fchrung des Landes in Frage stellen. Der Artikel beleuchtet die Herausforderungen dieses zuk\u00fcnftigen \u00dcbergangs und potenzielle Kandidaten zur Nachfolge von Biya.\",\"breadcrumb\":{\"@id\":\"https:\\\/\\\/www.christianobtf.com\\\/de\\\/paul-biya-in-kamerun-41-jahre-an-der-macht-und-die-ungewissheit-der-politischen-zukunft\\\/#breadcrumb\"},\"inLanguage\":\"de\",\"potentialAction\":[{\"@type\":\"ReadAction\",\"target\":[\"https:\\\/\\\/www.christianobtf.com\\\/de\\\/paul-biya-in-kamerun-41-jahre-an-der-macht-und-die-ungewissheit-der-politischen-zukunft\\\/\"]}]},{\"@type\":\"ImageObject\",\"inLanguage\":\"de\",\"@id\":\"https:\\\/\\\/www.christianobtf.com\\\/de\\\/paul-biya-in-kamerun-41-jahre-an-der-macht-und-die-ungewissheit-der-politischen-zukunft\\\/#primaryimage\",\"url\":\"https:\\\/\\\/i0.wp.com\\\/www.christianobtf.com\\\/wp-content\\\/uploads\\\/2023\\\/11\\\/0579706_1699349517063-063-1448805572.jpg?fit=700%2C467&ssl=1\",\"contentUrl\":\"https:\\\/\\\/i0.wp.com\\\/www.christianobtf.com\\\/wp-content\\\/uploads\\\/2023\\\/11\\\/0579706_1699349517063-063-1448805572.jpg?fit=700%2C467&ssl=1\",\"width\":700,\"height\":467,\"caption\":\"Le pr\u00e9sident camerounais, Paul Biya, \u00e0 Washington, en d\u00e9cembre 2022. KEVIN DIETSCH \\\/ GETTY IMAGES VIA AFP\"},{\"@type\":\"BreadcrumbList\",\"@id\":\"https:\\\/\\\/www.christianobtf.com\\\/de\\\/paul-biya-in-kamerun-41-jahre-an-der-macht-und-die-ungewissheit-der-politischen-zukunft\\\/#breadcrumb\",\"itemListElement\":[{\"@type\":\"ListItem\",\"position\":1,\"name\":\"Accueil\",\"item\":\"https:\\\/\\\/www.christianobtf.com\\\/de\\\/\"},{\"@type\":\"ListItem\",\"position\":2,\"name\":\"Paul Biya in Kamerun: 41 Jahre an der Macht und die Ungewissheit der politischen Zukunft\"}]},{\"@type\":\"WebSite\",\"@id\":\"https:\\\/\\\/www.christianobtf.com\\\/#website\",\"url\":\"https:\\\/\\\/www.christianobtf.com\\\/\",\"name\":\"Christiano Btf\",\"description\":\"Avoir mati\u00e8res \u00e0 penser\",\"publisher\":{\"@id\":\"https:\\\/\\\/www.christianobtf.com\\\/#organization\"},\"alternateName\":\"Christiano Btf\",\"potentialAction\":[{\"@type\":\"SearchAction\",\"target\":{\"@type\":\"EntryPoint\",\"urlTemplate\":\"https:\\\/\\\/www.christianobtf.com\\\/?s={search_term_string}\"},\"query-input\":{\"@type\":\"PropertyValueSpecification\",\"valueRequired\":true,\"valueName\":\"search_term_string\"}}],\"inLanguage\":\"de\"},{\"@type\":\"Organization\",\"@id\":\"https:\\\/\\\/www.christianobtf.com\\\/#organization\",\"name\":\"Christiano Btf\",\"url\":\"https:\\\/\\\/www.christianobtf.com\\\/\",\"logo\":{\"@type\":\"ImageObject\",\"inLanguage\":\"de\",\"@id\":\"https:\\\/\\\/www.christianobtf.com\\\/#\\\/schema\\\/logo\\\/image\\\/\",\"url\":\"https:\\\/\\\/i0.wp.com\\\/www.christianobtf.com\\\/wp-content\\\/uploads\\\/2023\\\/06\\\/cropped-Christiano-btf-icon.png?fit=1919%2C576&ssl=1\",\"contentUrl\":\"https:\\\/\\\/i0.wp.com\\\/www.christianobtf.com\\\/wp-content\\\/uploads\\\/2023\\\/06\\\/cropped-Christiano-btf-icon.png?fit=1919%2C576&ssl=1\",\"width\":1919,\"height\":576,\"caption\":\"Christiano Btf\"},\"image\":{\"@id\":\"https:\\\/\\\/www.christianobtf.com\\\/#\\\/schema\\\/logo\\\/image\\\/\"},\"sameAs\":[\"https:\\\/\\\/www.facebook.com\\\/christianobtf\",\"https:\\\/\\\/x.com\\\/christianobtf\",\"https:\\\/\\\/tiktok.com\\\/@christianobtf\",\"https:\\\/\\\/www.youtube.com\\\/@christianobtf\",\"https:\\\/\\\/www.instagram.com\\\/christiano_btf\\\/\"]},{\"@type\":\"Person\",\"@id\":\"https:\\\/\\\/www.christianobtf.com\\\/#\\\/schema\\\/person\\\/d4f35eeee402432e37887b4633f17b95\",\"name\":\"Christiano Btf\",\"image\":{\"@type\":\"ImageObject\",\"inLanguage\":\"de\",\"@id\":\"\\\/\\\/www.gravatar.com\\\/avatar\\\/ec6515be259d60bfd92b65898c83fa2f?s=96&#038;r=g&#038;d=mm\",\"url\":\"\\\/\\\/www.gravatar.com\\\/avatar\\\/ec6515be259d60bfd92b65898c83fa2f?s=96&#038;r=g&#038;d=mm\",\"contentUrl\":\"\\\/\\\/www.gravatar.com\\\/avatar\\\/ec6515be259d60bfd92b65898c83fa2f?s=96&#038;r=g&#038;d=mm\",\"caption\":\"Christiano Btf\"},\"description\":\"En tant que fervent amateur de connaissances et de d\u00e9couvertes, je m'efforce de vous offrir un contenu informatif et stimulant. Ma qu\u00eate consiste \u00e0 fournir des informations de qualit\u00e9, \u00e0 d\u00e9crypter l'actualit\u00e9 et \u00e0 partager des analyses perspicaces. Pour moi, comprendre et analyser les donn\u00e9es est bien plus qu'une passion, c'est un engagement envers l'enrichissement intellectuel. Rejoignez-moi dans cette aventure intellectuelle o\u00f9 la curiosit\u00e9, la r\u00e9flexion et la soif de connaissances se conjuguent pour offrir un regard approfondi sur le monde qui nous entoure.\",\"sameAs\":[\"https:\\\/\\\/www.christianobtf.com\",\"https:\\\/\\\/www.facebook.com\\\/christianobtf\",\"https:\\\/\\\/www.instagram.com\\\/christiano_btf\",\"https:\\\/\\\/x.com\\\/https:\\\/\\\/www.twitter.com\\\/christianobtf\",\"https:\\\/\\\/www.youtube.com\\\/@christianobtf\"],\"honorificSuffix\":\"Master\",\"award\":[\"Po\u00e9sie\",\"Litt\u00e9rature\"],\"knowsAbout\":[\"Actualit\u00e9\",\"Po\u00e9sie\",\"Business\"],\"knowsLanguage\":[\"Fran\u00e7ais\",\"Anglais\",\"Arabe\"],\"jobTitle\":\"Ing\u00e9nieur\",\"url\":\"https:\\\/\\\/www.christianobtf.com\\\/de\\\/author\\\/christianobtf\\\/\"}]}<\/script>\n<!-- \/ Yoast SEO Premium plugin. -->","yoast_head_json":{"title":"Paul Biya in Kamerun: 41 Jahre an der Macht und die Ungewissheit der politischen Zukunft | Christiano Btf","description":"Kamerun feiert das 41. Jubil\u00e4um der Amtszeit seines Pr\u00e4sidenten, Paul Biya. W\u00e4hrend das Land dieses Jubil\u00e4um begeht, richten sich die Diskussionen auf die Pr\u00e4sidentschaftswahl von 2025 und die Frage der Nachfolge von Biya, der 90 Jahre alt ist. Die Unterst\u00fctzer des Pr\u00e4sidenten rufen zur Wiederwahl auf, w\u00e4hrend einige Kritiker seine F\u00e4higkeit zur F\u00fchrung des Landes in Frage stellen. Der Artikel beleuchtet die Herausforderungen dieses zuk\u00fcnftigen \u00dcbergangs und potenzielle Kandidaten zur Nachfolge von Biya.","robots":{"index":"index","follow":"follow","max-snippet":"max-snippet:-1","max-image-preview":"max-image-preview:large","max-video-preview":"max-video-preview:-1"},"canonical":"https:\/\/www.christianobtf.com\/de\/paul-biya-in-kamerun-41-jahre-an-der-macht-und-die-ungewissheit-der-politischen-zukunft\/","og_locale":"de_DE","og_type":"article","og_title":"Paul Biya in Kamerun: 41 Jahre an der Macht und die Ungewissheit der politischen Zukunft","og_description":"Kamerun feiert das 41. Jubil\u00e4um der Amtszeit seines Pr\u00e4sidenten, Paul Biya. W\u00e4hrend das Land dieses Jubil\u00e4um begeht, richten sich die Diskussionen auf die Pr\u00e4sidentschaftswahl von 2025 und die Frage der Nachfolge von Biya, der 90 Jahre alt ist. Die Unterst\u00fctzer des Pr\u00e4sidenten rufen zur Wiederwahl auf, w\u00e4hrend einige Kritiker seine F\u00e4higkeit zur F\u00fchrung des Landes in Frage stellen. Der Artikel beleuchtet die Herausforderungen dieses zuk\u00fcnftigen \u00dcbergangs und potenzielle Kandidaten zur Nachfolge von Biya.","og_url":"https:\/\/www.christianobtf.com\/de\/paul-biya-in-kamerun-41-jahre-an-der-macht-und-die-ungewissheit-der-politischen-zukunft\/","og_site_name":"Christiano Btf","article_publisher":"https:\/\/www.facebook.com\/christianobtf","article_author":"https:\/\/www.facebook.com\/christianobtf","article_published_time":"2023-11-07T11:24:57+00:00","article_modified_time":"2023-11-08T17:30:22+00:00","og_image":[{"width":700,"height":467,"url":"https:\/\/www.christianobtf.com\/wp-content\/uploads\/2023\/11\/0579706_1699349517063-063-1448805572.jpg","type":"image\/jpeg"}],"author":"Christiano Btf","twitter_card":"summary_large_image","twitter_description":"Kamerun feiert das 41. Jubil\u00e4um der Amtszeit seines Pr\u00e4sidenten, Paul Biya. W\u00e4hrend das Land dieses Jubil\u00e4um begeht, richten sich die Diskussionen auf die Pr\u00e4sidentschaftswahl von 2025 und die Frage der Nachfolge von Biya, der 90 Jahre alt ist. Die Unterst\u00fctzer des Pr\u00e4sidenten rufen zur Wiederwahl auf, w\u00e4hrend einige Kritiker seine F\u00e4higkeit zur F\u00fchrung des Landes in Frage stellen. Der Artikel beleuchtet die Herausforderungen dieses zuk\u00fcnftigen \u00dcbergangs und potenzielle Kandidaten zur Nachfolge von Biya.","twitter_creator":"@https:\/\/www.twitter.com\/christianobtf","twitter_site":"@christianobtf","twitter_misc":{"Verfasst von":"Christiano Btf<span class=\"bp-verified-badge\"><\/span>","Gesch\u00e4tzte Lesezeit":"3\u00a0Minuten"},"schema":{"@context":"https:\/\/schema.org","@graph":[{"@type":"Article","@id":"https:\/\/www.christianobtf.com\/de\/paul-biya-in-kamerun-41-jahre-an-der-macht-und-die-ungewissheit-der-politischen-zukunft\/#article","isPartOf":{"@id":"https:\/\/www.christianobtf.com\/de\/paul-biya-in-kamerun-41-jahre-an-der-macht-und-die-ungewissheit-der-politischen-zukunft\/"},"author":{"name":"Christiano Btf","@id":"https:\/\/www.christianobtf.com\/#\/schema\/person\/d4f35eeee402432e37887b4633f17b95"},"headline":"Paul Biya in Kamerun: 41 Jahre an der Macht und die Ungewissheit der politischen Zukunft","datePublished":"2023-11-07T11:24:57+00:00","dateModified":"2023-11-08T17:30:22+00:00","mainEntityOfPage":{"@id":"https:\/\/www.christianobtf.com\/de\/paul-biya-in-kamerun-41-jahre-an-der-macht-und-die-ungewissheit-der-politischen-zukunft\/"},"wordCount":513,"commentCount":0,"publisher":{"@id":"https:\/\/www.christianobtf.com\/#organization"},"image":{"@id":"https:\/\/www.christianobtf.com\/de\/paul-biya-in-kamerun-41-jahre-an-der-macht-und-die-ungewissheit-der-politischen-zukunft\/#primaryimage"},"thumbnailUrl":"https:\/\/i0.wp.com\/www.christianobtf.com\/wp-content\/uploads\/2023\/11\/0579706_1699349517063-063-1448805572.jpg?fit=700%2C467&ssl=1","keywords":["Kamerun","Nachfolge","Paul Biya","politische Langlebigkeit","Pr\u00e4sident von Kamerun","Pr\u00e4sidentschaftswahl","Russland-Afrika-Gipfel: Paul Biya","\u00fcberrascht mit seiner Anwesenheit in St. Petersburg"],"articleSection":["Kamerun"],"inLanguage":"de","potentialAction":[{"@type":"CommentAction","name":"Comment","target":["https:\/\/www.christianobtf.com\/de\/paul-biya-in-kamerun-41-jahre-an-der-macht-und-die-ungewissheit-der-politischen-zukunft\/#respond"]}]},{"@type":"WebPage","@id":"https:\/\/www.christianobtf.com\/de\/paul-biya-in-kamerun-41-jahre-an-der-macht-und-die-ungewissheit-der-politischen-zukunft\/","url":"https:\/\/www.christianobtf.com\/de\/paul-biya-in-kamerun-41-jahre-an-der-macht-und-die-ungewissheit-der-politischen-zukunft\/","name":"Paul Biya in Kamerun: 41 Jahre an der Macht und die Ungewissheit der politischen Zukunft | Christiano Btf","isPartOf":{"@id":"https:\/\/www.christianobtf.com\/#website"},"primaryImageOfPage":{"@id":"https:\/\/www.christianobtf.com\/de\/paul-biya-in-kamerun-41-jahre-an-der-macht-und-die-ungewissheit-der-politischen-zukunft\/#primaryimage"},"image":{"@id":"https:\/\/www.christianobtf.com\/de\/paul-biya-in-kamerun-41-jahre-an-der-macht-und-die-ungewissheit-der-politischen-zukunft\/#primaryimage"},"thumbnailUrl":"https:\/\/i0.wp.com\/www.christianobtf.com\/wp-content\/uploads\/2023\/11\/0579706_1699349517063-063-1448805572.jpg?fit=700%2C467&ssl=1","datePublished":"2023-11-07T11:24:57+00:00","dateModified":"2023-11-08T17:30:22+00:00","description":"Kamerun feiert das 41. Jubil\u00e4um der Amtszeit seines Pr\u00e4sidenten, Paul Biya. W\u00e4hrend das Land dieses Jubil\u00e4um begeht, richten sich die Diskussionen auf die Pr\u00e4sidentschaftswahl von 2025 und die Frage der Nachfolge von Biya, der 90 Jahre alt ist. Die Unterst\u00fctzer des Pr\u00e4sidenten rufen zur Wiederwahl auf, w\u00e4hrend einige Kritiker seine F\u00e4higkeit zur F\u00fchrung des Landes in Frage stellen. Der Artikel beleuchtet die Herausforderungen dieses zuk\u00fcnftigen \u00dcbergangs und potenzielle Kandidaten zur Nachfolge von Biya.","breadcrumb":{"@id":"https:\/\/www.christianobtf.com\/de\/paul-biya-in-kamerun-41-jahre-an-der-macht-und-die-ungewissheit-der-politischen-zukunft\/#breadcrumb"},"inLanguage":"de","potentialAction":[{"@type":"ReadAction","target":["https:\/\/www.christianobtf.com\/de\/paul-biya-in-kamerun-41-jahre-an-der-macht-und-die-ungewissheit-der-politischen-zukunft\/"]}]},{"@type":"ImageObject","inLanguage":"de","@id":"https:\/\/www.christianobtf.com\/de\/paul-biya-in-kamerun-41-jahre-an-der-macht-und-die-ungewissheit-der-politischen-zukunft\/#primaryimage","url":"https:\/\/i0.wp.com\/www.christianobtf.com\/wp-content\/uploads\/2023\/11\/0579706_1699349517063-063-1448805572.jpg?fit=700%2C467&ssl=1","contentUrl":"https:\/\/i0.wp.com\/www.christianobtf.com\/wp-content\/uploads\/2023\/11\/0579706_1699349517063-063-1448805572.jpg?fit=700%2C467&ssl=1","width":700,"height":467,"caption":"Le pr\u00e9sident camerounais, Paul Biya, \u00e0 Washington, en d\u00e9cembre 2022. KEVIN DIETSCH \/ GETTY IMAGES VIA AFP"},{"@type":"BreadcrumbList","@id":"https:\/\/www.christianobtf.com\/de\/paul-biya-in-kamerun-41-jahre-an-der-macht-und-die-ungewissheit-der-politischen-zukunft\/#breadcrumb","itemListElement":[{"@type":"ListItem","position":1,"name":"Accueil","item":"https:\/\/www.christianobtf.com\/de\/"},{"@type":"ListItem","position":2,"name":"Paul Biya in Kamerun: 41 Jahre an der Macht und die Ungewissheit der politischen Zukunft"}]},{"@type":"WebSite","@id":"https:\/\/www.christianobtf.com\/#website","url":"https:\/\/www.christianobtf.com\/","name":"Christiano Btf","description":"Avoir mati\u00e8res \u00e0 penser","publisher":{"@id":"https:\/\/www.christianobtf.com\/#organization"},"alternateName":"Christiano Btf","potentialAction":[{"@type":"SearchAction","target":{"@type":"EntryPoint","urlTemplate":"https:\/\/www.christianobtf.com\/?s={search_term_string}"},"query-input":{"@type":"PropertyValueSpecification","valueRequired":true,"valueName":"search_term_string"}}],"inLanguage":"de"},{"@type":"Organization","@id":"https:\/\/www.christianobtf.com\/#organization","name":"Christiano Btf","url":"https:\/\/www.christianobtf.com\/","logo":{"@type":"ImageObject","inLanguage":"de","@id":"https:\/\/www.christianobtf.com\/#\/schema\/logo\/image\/","url":"https:\/\/i0.wp.com\/www.christianobtf.com\/wp-content\/uploads\/2023\/06\/cropped-Christiano-btf-icon.png?fit=1919%2C576&ssl=1","contentUrl":"https:\/\/i0.wp.com\/www.christianobtf.com\/wp-content\/uploads\/2023\/06\/cropped-Christiano-btf-icon.png?fit=1919%2C576&ssl=1","width":1919,"height":576,"caption":"Christiano Btf"},"image":{"@id":"https:\/\/www.christianobtf.com\/#\/schema\/logo\/image\/"},"sameAs":["https:\/\/www.facebook.com\/christianobtf","https:\/\/x.com\/christianobtf","https:\/\/tiktok.com\/@christianobtf","https:\/\/www.youtube.com\/@christianobtf","https:\/\/www.instagram.com\/christiano_btf\/"]},{"@type":"Person","@id":"https:\/\/www.christianobtf.com\/#\/schema\/person\/d4f35eeee402432e37887b4633f17b95","name":"Christiano Btf","image":{"@type":"ImageObject","inLanguage":"de","@id":"\/\/www.gravatar.com\/avatar\/ec6515be259d60bfd92b65898c83fa2f?s=96&#038;r=g&#038;d=mm","url":"\/\/www.gravatar.com\/avatar\/ec6515be259d60bfd92b65898c83fa2f?s=96&#038;r=g&#038;d=mm","contentUrl":"\/\/www.gravatar.com\/avatar\/ec6515be259d60bfd92b65898c83fa2f?s=96&#038;r=g&#038;d=mm","caption":"Christiano Btf"},"description":"En tant que fervent amateur de connaissances et de d\u00e9couvertes, je m'efforce de vous offrir un contenu informatif et stimulant. Ma qu\u00eate consiste \u00e0 fournir des informations de qualit\u00e9, \u00e0 d\u00e9crypter l'actualit\u00e9 et \u00e0 partager des analyses perspicaces. Pour moi, comprendre et analyser les donn\u00e9es est bien plus qu'une passion, c'est un engagement envers l'enrichissement intellectuel. Rejoignez-moi dans cette aventure intellectuelle o\u00f9 la curiosit\u00e9, la r\u00e9flexion et la soif de connaissances se conjuguent pour offrir un regard approfondi sur le monde qui nous entoure.","sameAs":["https:\/\/www.christianobtf.com","https:\/\/www.facebook.com\/christianobtf","https:\/\/www.instagram.com\/christiano_btf","https:\/\/x.com\/https:\/\/www.twitter.com\/christianobtf","https:\/\/www.youtube.com\/@christianobtf"],"honorificSuffix":"Master","award":["Po\u00e9sie","Litt\u00e9rature"],"knowsAbout":["Actualit\u00e9","Po\u00e9sie","Business"],"knowsLanguage":["Fran\u00e7ais","Anglais","Arabe"],"jobTitle":"Ing\u00e9nieur","url":"https:\/\/www.christianobtf.com\/de\/author\/christianobtf\/"}]}},"jetpack_publicize_connections":[],"jetpack_featured_media_url":"https:\/\/i0.wp.com\/www.christianobtf.com\/wp-content\/uploads\/2023\/11\/0579706_1699349517063-063-1448805572.jpg?fit=700%2C467&ssl=1","jetpack_sharing_enabled":true,"_links":{"self":[{"href":"https:\/\/www.christianobtf.com\/de\/wp-json\/wp\/v2\/posts\/13251","targetHints":{"allow":["GET"]}}],"collection":[{"href":"https:\/\/www.christianobtf.com\/de\/wp-json\/wp\/v2\/posts"}],"about":[{"href":"https:\/\/www.christianobtf.com\/de\/wp-json\/wp\/v2\/types\/post"}],"author":[{"embeddable":true,"href":"https:\/\/www.christianobtf.com\/de\/wp-json\/wp\/v2\/users\/1"}],"replies":[{"embeddable":true,"href":"https:\/\/www.christianobtf.com\/de\/wp-json\/wp\/v2\/comments?post=13251"}],"version-history":[{"count":1,"href":"https:\/\/www.christianobtf.com\/de\/wp-json\/wp\/v2\/posts\/13251\/revisions"}],"predecessor-version":[{"id":13255,"href":"https:\/\/www.christianobtf.com\/de\/wp-json\/wp\/v2\/posts\/13251\/revisions\/13255"}],"wp:featuredmedia":[{"embeddable":true,"href":"https:\/\/www.christianobtf.com\/de\/wp-json\/wp\/v2\/media\/13253"}],"wp:attachment":[{"href":"https:\/\/www.christianobtf.com\/de\/wp-json\/wp\/v2\/media?parent=13251"}],"wp:term":[{"taxonomy":"category","embeddable":true,"href":"https:\/\/www.christianobtf.com\/de\/wp-json\/wp\/v2\/categories?post=13251"},{"taxonomy":"post_tag","embeddable":true,"href":"https:\/\/www.christianobtf.com\/de\/wp-json\/wp\/v2\/tags?post=13251"}],"curies":[{"name":"wp","href":"https:\/\/api.w.org\/{rel}","templated":true}]}}